{"id":11057,"date":"2025-05-20T06:15:02","date_gmt":"2025-05-20T05:15:02","guid":{"rendered":"https:\/\/blogs.diariovasco.com\/apartirdelos50\/?p=11057"},"modified":"2025-05-18T07:36:24","modified_gmt":"2025-05-18T06:36:24","slug":"vacaciones-en-el-pueblo","status":"publish","type":"post","link":"https:\/\/blogs.diariovasco.com\/apartirdelos50\/2025\/05\/20\/vacaciones-en-el-pueblo\/","title":{"rendered":"Vacaciones en el &#8220;pueblo&#8221;"},"content":{"rendered":"<p><a href=\"https:\/\/static-blogs.diariovasco.com\/wp-content\/uploads\/sites\/19\/2024\/06\/448275995_10160326192072877_7579645526168716162_n-1.jpg\"><img loading=\"lazy\" class=\"aligncenter size-full wp-image-9979\" src=\"https:\/\/static-blogs.diariovasco.com\/wp-content\/uploads\/sites\/19\/2024\/06\/448275995_10160326192072877_7579645526168716162_n-1.jpg\" alt=\"\" width=\"960\" height=\"720\" srcset=\"https:\/\/static-blogs.diariovasco.com\/wp-content\/uploads\/sites\/19\/2024\/06\/448275995_10160326192072877_7579645526168716162_n-1.jpg 960w, https:\/\/static-blogs.diariovasco.com\/wp-content\/uploads\/sites\/19\/2024\/06\/448275995_10160326192072877_7579645526168716162_n-1-300x225.jpg 300w, https:\/\/static-blogs.diariovasco.com\/wp-content\/uploads\/sites\/19\/2024\/06\/448275995_10160326192072877_7579645526168716162_n-1-768x576.jpg 768w\" sizes=\"(max-width: 960px) 100vw, 960px\" \/><\/a><\/p>\n<p>A falta de pan, buenas son tortas, dicen, as\u00ed que desde hace muchos lustros me he inventado un lugar al que volver para dar salida a una nostalgia que si bien no son recuerdos de la infancia, s\u00ed son la foto fija de una \u00e9poca \u2013estival siempre- en la que fui muy feliz con mis hijas.<\/p>\n<p>\u201cMi otro mar\u201d, le llamo siempre al Mediterr\u00e1neo, ese que tiene himno propio, aunque nac\u00ed en el Cant\u00e1brico y soy de luces grises, atardeceres espectaculares y vientos que alborotan el sentido.<\/p>\n<p>Regreso ahora cada a\u00f1o fuera del verano de calendario y muchedumbre, aguas turbias y calientes; vuelvo a crear recuerdos para cuando sea demasiado mayor para viajar hasta all\u00ed manejando el tim\u00f3n y eligiendo disfrutar de varias semanas de playas casi solitarias en las primeras horas de luz, de paseos entre los pinos al atardecer y muchas, much\u00edsimas horas de lectura amable en la terraza silenciosa o el jard\u00edn.<\/p>\n<p><a href=\"https:\/\/static-blogs.diariovasco.com\/wp-content\/uploads\/sites\/19\/2024\/06\/448212225_10160326192092877_1737256241707928955_n.jpg\"><img loading=\"lazy\" class=\"aligncenter size-full wp-image-9976\" src=\"https:\/\/static-blogs.diariovasco.com\/wp-content\/uploads\/sites\/19\/2024\/06\/448212225_10160326192092877_1737256241707928955_n.jpg\" alt=\"\" width=\"528\" height=\"396\" srcset=\"https:\/\/static-blogs.diariovasco.com\/wp-content\/uploads\/sites\/19\/2024\/06\/448212225_10160326192092877_1737256241707928955_n.jpg 528w, https:\/\/static-blogs.diariovasco.com\/wp-content\/uploads\/sites\/19\/2024\/06\/448212225_10160326192092877_1737256241707928955_n-300x225.jpg 300w\" sizes=\"(max-width: 528px) 100vw, 528px\" \/><\/a><\/p>\n<p>Vuelvo al mismo pueblo \u2013porque pueblo es- desde hace treinta y cinco a\u00f1os y cada vez encuentro un aire diferente, alguna peque\u00f1a sorpresa que me asalta los recuerdos que cre\u00eda fijados en la memoria. Comprendo que soy yo la que est\u00e1 cambiando, la que entorna los ojos para contemplar lo que antes miraba con avidez. Ahora disfruto m\u00e1s de un tiempo que fue compartido y ahora es solitario pero, curiosamente, m\u00e1s libre y beneficioso. A pesar de la soledad\u2026o quiz\u00e1s precisamente a causa de ella. No estoy demasiado segura\u2026<\/p>\n<p><a href=\"https:\/\/static-blogs.diariovasco.com\/wp-content\/uploads\/sites\/19\/2025\/05\/Cambrils-pueblo1-1.jpg\"><img loading=\"lazy\" class=\"alignleft size-medium wp-image-11062\" src=\"https:\/\/static-blogs.diariovasco.com\/wp-content\/uploads\/sites\/19\/2025\/05\/Cambrils-pueblo1-1-225x300.jpg\" alt=\"\" width=\"225\" height=\"300\" srcset=\"https:\/\/static-blogs.diariovasco.com\/wp-content\/uploads\/sites\/19\/2025\/05\/Cambrils-pueblo1-1-225x300.jpg 225w, https:\/\/static-blogs.diariovasco.com\/wp-content\/uploads\/sites\/19\/2025\/05\/Cambrils-pueblo1-1-768x1024.jpg 768w, https:\/\/static-blogs.diariovasco.com\/wp-content\/uploads\/sites\/19\/2025\/05\/Cambrils-pueblo1-1.jpg 960w\" sizes=\"(max-width: 225px) 100vw, 225px\" \/><\/a>Cada a\u00f1o llevo menos ropa y m\u00e1s libros y lienzos. Cada vez lleno menos el frigor\u00edfico y me sacio con otro tipo de \u201calimento\u201d. Vuelvo el \u00faltimo mes de la primavera al pueblo que nunca fue m\u00edo y que pertenecer\u00e1 durante el verano a miles de turistas. Pero hasta que llegue ese momento, hasta que suene el pistoletazo de salida del solsticio, lo vivir\u00e9 como si estuviera ah\u00ed tan solo para m\u00ed y para acoger los sue\u00f1os que llevo para so\u00f1ar.<\/p>\n<p>Felices los felices. <a href=\"https:\/\/static-blogs.diariovasco.com\/wp-content\/uploads\/sites\/19\/2025\/01\/A-partir-de-los-50-2.jpg\"><img loading=\"lazy\" class=\"alignleft size-medium wp-image-10796\" src=\"https:\/\/static-blogs.diariovasco.com\/wp-content\/uploads\/sites\/19\/2025\/01\/A-partir-de-los-50-2-300x300.jpg\" alt=\"\" width=\"300\" height=\"300\" srcset=\"https:\/\/static-blogs.diariovasco.com\/wp-content\/uploads\/sites\/19\/2025\/01\/A-partir-de-los-50-2-300x300.jpg 300w, https:\/\/static-blogs.diariovasco.com\/wp-content\/uploads\/sites\/19\/2025\/01\/A-partir-de-los-50-2-150x150.jpg 150w, https:\/\/static-blogs.diariovasco.com\/wp-content\/uploads\/sites\/19\/2025\/01\/A-partir-de-los-50-2.jpg 524w\" sizes=\"(max-width: 300px) 100vw, 300px\" \/><\/a><\/p>\n<p>LaAlquimista<\/p>\n<p>Te invito a visitar mi p\u00e1gina en Facebook.<\/p>\n<p><a href=\"https:\/\/www.facebook.com\/apartirdelos50\/\" rel=\"external nofollow\">https:\/\/www.facebook.com\/apartirdelos50\/<\/a><\/p>\n<p><em>Por si alguien desea contactar:<\/em><\/p>\n<p><a href=\"mailto:apartirdeloscincuenta@gmail.com\">apartirdeloscincuenta@gmail.com<\/a><\/p>\n<p>&nbsp;<\/p>\n<p>&nbsp;<\/p>\n<p>&nbsp;<\/p>\n<!-- AddThis Advanced Settings generic via filter on the_content --><!-- AddThis Share Buttons generic via filter on the_content -->","protected":false},"excerpt":{"rendered":"<p>A falta de pan, buenas son tortas, dicen, as\u00ed que desde hace muchos lustros me he inventado un lugar al que volver para dar salida a una nostalgia que si bien no son recuerdos de la infancia, s\u00ed son la foto fija de una \u00e9poca \u2013estival siempre- en la que fui muy feliz con mis [&hellip;]<!-- AddThis Advanced Settings generic via filter on get_the_excerpt --><!-- AddThis Share Buttons generic via filter on get_the_excerpt --><\/p>\n","protected":false},"author":34,"featured_media":0,"comment_status":"open","ping_status":"closed","sticky":false,"template":"","format":"standard","meta":[],"categories":[2,25,1539],"tags":[1564],"_links":{"self":[{"href":"https:\/\/blogs.diariovasco.com\/apartirdelos50\/wp-json\/wp\/v2\/posts\/11057"}],"collection":[{"href":"https:\/\/blogs.diariovasco.com\/apartirdelos50\/wp-json\/wp\/v2\/posts"}],"about":[{"href":"https:\/\/blogs.diariovasco.com\/apartirdelos50\/wp-json\/wp\/v2\/types\/post"}],"author":[{"embeddable":true,"href":"https:\/\/blogs.diariovasco.com\/apartirdelos50\/wp-json\/wp\/v2\/users\/34"}],"replies":[{"embeddable":true,"href":"https:\/\/blogs.diariovasco.com\/apartirdelos50\/wp-json\/wp\/v2\/comments?post=11057"}],"version-history":[{"count":5,"href":"https:\/\/blogs.diariovasco.com\/apartirdelos50\/wp-json\/wp\/v2\/posts\/11057\/revisions"}],"predecessor-version":[{"id":11064,"href":"https:\/\/blogs.diariovasco.com\/apartirdelos50\/wp-json\/wp\/v2\/posts\/11057\/revisions\/11064"}],"wp:attachment":[{"href":"https:\/\/blogs.diariovasco.com\/apartirdelos50\/wp-json\/wp\/v2\/media?parent=11057"}],"wp:term":[{"taxonomy":"category","embeddable":true,"href":"https:\/\/blogs.diariovasco.com\/apartirdelos50\/wp-json\/wp\/v2\/categories?post=11057"},{"taxonomy":"post_tag","embeddable":true,"href":"https:\/\/blogs.diariovasco.com\/apartirdelos50\/wp-json\/wp\/v2\/tags?post=11057"}],"curies":[{"name":"wp","href":"https:\/\/api.w.org\/{rel}","templated":true}]}}