{"id":11069,"date":"2025-05-23T07:17:34","date_gmt":"2025-05-23T06:17:34","guid":{"rendered":"https:\/\/blogs.diariovasco.com\/apartirdelos50\/?p=11069"},"modified":"2025-05-23T07:17:34","modified_gmt":"2025-05-23T06:17:34","slug":"reflexiones-a-la-orilla-del-mar-ii-tengo-que-saber-quien-soy","status":"publish","type":"post","link":"https:\/\/blogs.diariovasco.com\/apartirdelos50\/2025\/05\/23\/reflexiones-a-la-orilla-del-mar-ii-tengo-que-saber-quien-soy\/","title":{"rendered":"REFLEXIONES A LA ORILLA DEL MAR (II) &#8220;Tengo que saber qui\u00e9n soy&#8221;"},"content":{"rendered":"<p><a href=\"https:\/\/static-blogs.diariovasco.com\/wp-content\/uploads\/sites\/19\/2025\/05\/Cecilia-playa-2025.jpg\"><img loading=\"lazy\" class=\"aligncenter size-full wp-image-11071\" src=\"https:\/\/static-blogs.diariovasco.com\/wp-content\/uploads\/sites\/19\/2025\/05\/Cecilia-playa-2025.jpg\" alt=\"\" width=\"960\" height=\"898\" srcset=\"https:\/\/static-blogs.diariovasco.com\/wp-content\/uploads\/sites\/19\/2025\/05\/Cecilia-playa-2025.jpg 960w, https:\/\/static-blogs.diariovasco.com\/wp-content\/uploads\/sites\/19\/2025\/05\/Cecilia-playa-2025-300x281.jpg 300w, https:\/\/static-blogs.diariovasco.com\/wp-content\/uploads\/sites\/19\/2025\/05\/Cecilia-playa-2025-768x718.jpg 768w\" sizes=\"(max-width: 960px) 100vw, 960px\" \/><\/a>REFLEXIONES A LA ORILLA DEL MAR.- (II)<\/p>\n<p>\u201cTengo que saber qui\u00e9n soy\u201d.-<\/p>\n<p>Parece una \u201cboutade\u201d plantearme esta cuesti\u00f3n a mi provecta edad, pero para m\u00ed es important\u00edsimo porque me he pasado toda la vida siendo aquella persona que los dem\u00e1s esperaban que fuera. Primero por mis padres, a quienes nunca content\u00e9 con mi manera de ver la vida, tan diferente a la que pretend\u00edan inculcarme. \u00bfRebeld\u00eda? \u00a1O sentido com\u00fan! El caso es que me lanc\u00e9 \u2013o me lanzaron- a la vida a la inmadura edad de veintid\u00f3s a\u00f1os \u201cinvit\u00e1ndome\u201d a que abandonara el hogar familiar, as\u00ed que mi \u201cpuesta de largo\u201d vital fue a trompicones, huyendo con la mochila cargada de piedras y buscando algo firme en qu\u00e9 apoyarme.<\/p>\n<p>La viga maestra que sostuvo mi precariedad emocional fue el trabajo; de hecho, un buen trabajo que hasta la crisis del 2008 llen\u00f3 mi despensa de garbanzos y alg\u00fan que otro lenguado.<\/p>\n<p>Pero tambi\u00e9n hab\u00eda personas en mi vida: las fui buscando con m\u00e1s amargura que ilusi\u00f3n, y como no pod\u00eda ser de otra manera, me sent\u00ed atra\u00edda por quienes adolec\u00edan de las mismas penas que yo: ausencia de calor familiar, sensaci\u00f3n de desarraigo y rabia hacia casi todo lo que se mov\u00eda.<\/p>\n<p>Me cas\u00e9 para contentar a la familia con el hombre que \u2013ambos lo sab\u00edamos- condenar\u00edamos al fracaso nuestra uni\u00f3n. \u00c9l y yo hu\u00edamos\u2026pero en diferente direcci\u00f3n. No supimos, no pudimos, a pesar de que lo intentamos. Pero nos reprodujimos creyendo \u2013como tantas otras parejas- que un hijo salvar\u00eda la relaci\u00f3n.<\/p>\n<p>Con treinta a\u00f1os me replante\u00e9 la vida, di un par\u00f3n fuerte \u2013llamado divorcio- y extend\u00ed ante m\u00ed el mapa buscando las carreteras secundarias que me llevaran a esa \u201cninguna parte\u201d donde he vivido los \u00faltimos lustros.<\/p>\n<p>Fue la \u00e9poca m\u00e1s \u201cconsciente\u201d de mi vida, gracias a que apareci\u00f3 en mi vida \u2013en forma de vecina- una persona extraordinaria, maestra de yoga, mujer generosa que me tendi\u00f3 la mano para apoyarme en ella cada vez que sent\u00eda que me iba directa para el suelo. Su nombre: Mar\u00eda Teresa Guinda. Siempre en mi coraz\u00f3n agradecido.<\/p>\n<p><a href=\"https:\/\/static-blogs.diariovasco.com\/wp-content\/uploads\/sites\/19\/2025\/05\/Maria-Teresa-Guinda.jpg\"><img loading=\"lazy\" class=\"aligncenter size-full wp-image-11072\" src=\"https:\/\/static-blogs.diariovasco.com\/wp-content\/uploads\/sites\/19\/2025\/05\/Maria-Teresa-Guinda.jpg\" alt=\"\" width=\"378\" height=\"672\" srcset=\"https:\/\/static-blogs.diariovasco.com\/wp-content\/uploads\/sites\/19\/2025\/05\/Maria-Teresa-Guinda.jpg 378w, https:\/\/static-blogs.diariovasco.com\/wp-content\/uploads\/sites\/19\/2025\/05\/Maria-Teresa-Guinda-169x300.jpg 169w\" sizes=\"(max-width: 378px) 100vw, 378px\" \/><\/a><\/p>\n<p>Ella me ense\u00f1\u00f3 que \u201cvale m\u00e1s tener paz que tener raz\u00f3n\u201d, que la vida no iba a ser como yo la hab\u00eda dise\u00f1ado a mi conveniencia, que me esperaban grandes desilusiones, as\u00ed que, ojo y cuidadito con los deseos que albergaban mi mente y so\u00f1aban mi coraz\u00f3n.<\/p>\n<p>De aquellos tiempos convulsos \u2013a\u00f1os 80\/90- a este temible 2025, no he hecho otra cosa que caminar como el borracho que sabe disimular y hacer creer al mundo que \u201cest\u00e1 bien\u201d. Disimulo, much\u00edsimo disimulo, ante la familia \u2013por orgullo y dignidad, que tan f\u00e1cil es confundirlos-, y trabajo denodado para sacar adelante a mi peque\u00f1a tribu ya compuesta por dos hijas y dos Libros de Familia que pronto demostraron no servir para nada. Como buen ejemplo del peor ejemplo, formo parte de esas personas que \u201ctropiezan dos veces con la misma piedra\u201d y, para colmo, se sienten orgullosas de ello. (Qu\u00e9 malo es el ego, por dios). En el transcurso de diez a\u00f1os, volv\u00ed a buscar apoyo en el hombro equivocado \u2013otro marido inseguro ante la vida y con m\u00e1s problemas que yo misma- con quien me volv\u00ed a reproducir. Dos, de dos. Dos hijas de dos hombres diferentes. Dos divorcios distintos y un solo dios verdadero: la \u201cdiosa\u201d que las iba a sacar adelante.<\/p>\n<p>Ahora que ya no lucho, porque me he dado cuenta de que ya no tengo que luchar, es cuando me abruma la necesidad de \u201csaber qui\u00e9n soy\u201d.<\/p>\n<p>Aqu\u00ed y ahora. Con los pocos mimbres que me quedan.<\/p>\n<p>Sin m\u00e1s amor que el incondicional de mis hijas, porque el \u201csecreto\u201d es que ellas me quieren \u201cmalgr\u00e9 tout\u201d. Incluso a pesar de m\u00ed misma.<\/p>\n<p><a href=\"https:\/\/static-blogs.diariovasco.com\/wp-content\/uploads\/sites\/19\/2025\/05\/293323815_10159055149557877_6715673509864505266_n.jpg\"><img loading=\"lazy\" class=\"alignleft size-full wp-image-11073\" src=\"https:\/\/static-blogs.diariovasco.com\/wp-content\/uploads\/sites\/19\/2025\/05\/293323815_10159055149557877_6715673509864505266_n.jpg\" alt=\"\" width=\"529\" height=\"704\" srcset=\"https:\/\/static-blogs.diariovasco.com\/wp-content\/uploads\/sites\/19\/2025\/05\/293323815_10159055149557877_6715673509864505266_n.jpg 529w, https:\/\/static-blogs.diariovasco.com\/wp-content\/uploads\/sites\/19\/2025\/05\/293323815_10159055149557877_6715673509864505266_n-225x300.jpg 225w\" sizes=\"(max-width: 529px) 100vw, 529px\" \/><\/a>Todo esto pensaba de buena ma\u00f1ana, ya en \u201cmi otro mar\u201d, paseando por la solitaria playa que me resulta tan beneficiosa como un claustro benedictino para meditar. Despu\u00e9s de una \u201cnoche toledana\u201d intentando borrar de mi mente el susto morrocotudo que me llev\u00e9 en la autopista por culpa del cami\u00f3n despistado que casi me corta las alas\u2026<\/p>\n<p>Le ped\u00ed a una mujer solitaria que me tomara una fotograf\u00eda saludando al mar y a la vida: es una costumbre que tengo y ella, muy amablemente, me hizo posar quiz\u00e1s creyendo que era para tikotok o algo as\u00ed. Y me sonri\u00f3. Me pregunt\u00f3 que de d\u00f3nde era, y me cont\u00f3 que ella se hab\u00eda \u201cescapado\u201d unos d\u00edas de su entorno para venir a descansar\u2026y pensar.<\/p>\n<p>Nunca he cre\u00eddo en las casualidades, m\u00e1s bien pienso que puedan ser \u201ccausalidades\u201d.<\/p>\n<p>Somos vecinas de la misma urbanizaci\u00f3n y buscamos lo mismo en la vida. As\u00ed que hemos quedado para tomarnos una cerveza a las siete en el bar m\u00e1s cercano a nuestros respectivos apartamentos.<\/p>\n<p>A veces, para saber qui\u00e9n uno es, hay que escuchar al pr\u00f3jimo y buscar espejos.<\/p>\n<p>Felices los felices.<\/p>\n<p>Te invito a visitar mi p\u00e1gina en Facebook.<\/p>\n<p><a href=\"https:\/\/www.facebook.com\/apartirdelos50\/\" rel=\"external nofollow\">https:\/\/www.facebook.com\/apartirdelos50\/<\/a><\/p>\n<p><em>Por si alguien desea contactar:<\/em><\/p>\n<p><a href=\"mailto:apartirdeloscincuenta@gmail.com\">apartirdeloscincuenta@gmail.com<\/a><\/p>\n<p>&nbsp;<\/p>\n<p>&nbsp;<\/p>\n<p>&nbsp;<\/p>\n<!-- AddThis Advanced Settings generic via filter on the_content --><!-- AddThis Share Buttons generic via filter on the_content -->","protected":false},"excerpt":{"rendered":"<p>REFLEXIONES A LA ORILLA DEL MAR.- (II) \u201cTengo que saber qui\u00e9n soy\u201d.- Parece una \u201cboutade\u201d plantearme esta cuesti\u00f3n a mi provecta edad, pero para m\u00ed es important\u00edsimo porque me he pasado toda la vida siendo aquella persona que los dem\u00e1s esperaban que fuera. Primero por mis padres, a quienes nunca content\u00e9 con mi manera de [&hellip;]<!-- AddThis Advanced Settings generic via filter on get_the_excerpt --><!-- AddThis Share Buttons generic via filter on get_the_excerpt --><\/p>\n","protected":false},"author":34,"featured_media":0,"comment_status":"open","ping_status":"closed","sticky":false,"template":"","format":"standard","meta":[],"categories":[9,2],"tags":[],"_links":{"self":[{"href":"https:\/\/blogs.diariovasco.com\/apartirdelos50\/wp-json\/wp\/v2\/posts\/11069"}],"collection":[{"href":"https:\/\/blogs.diariovasco.com\/apartirdelos50\/wp-json\/wp\/v2\/posts"}],"about":[{"href":"https:\/\/blogs.diariovasco.com\/apartirdelos50\/wp-json\/wp\/v2\/types\/post"}],"author":[{"embeddable":true,"href":"https:\/\/blogs.diariovasco.com\/apartirdelos50\/wp-json\/wp\/v2\/users\/34"}],"replies":[{"embeddable":true,"href":"https:\/\/blogs.diariovasco.com\/apartirdelos50\/wp-json\/wp\/v2\/comments?post=11069"}],"version-history":[{"count":1,"href":"https:\/\/blogs.diariovasco.com\/apartirdelos50\/wp-json\/wp\/v2\/posts\/11069\/revisions"}],"predecessor-version":[{"id":11074,"href":"https:\/\/blogs.diariovasco.com\/apartirdelos50\/wp-json\/wp\/v2\/posts\/11069\/revisions\/11074"}],"wp:attachment":[{"href":"https:\/\/blogs.diariovasco.com\/apartirdelos50\/wp-json\/wp\/v2\/media?parent=11069"}],"wp:term":[{"taxonomy":"category","embeddable":true,"href":"https:\/\/blogs.diariovasco.com\/apartirdelos50\/wp-json\/wp\/v2\/categories?post=11069"},{"taxonomy":"post_tag","embeddable":true,"href":"https:\/\/blogs.diariovasco.com\/apartirdelos50\/wp-json\/wp\/v2\/tags?post=11069"}],"curies":[{"name":"wp","href":"https:\/\/api.w.org\/{rel}","templated":true}]}}