{"id":11083,"date":"2025-05-26T06:53:17","date_gmt":"2025-05-26T05:53:17","guid":{"rendered":"https:\/\/blogs.diariovasco.com\/apartirdelos50\/?p=11083"},"modified":"2025-05-25T07:58:12","modified_gmt":"2025-05-25T06:58:12","slug":"reflexiones-a-la-orilla-del-mar-iv-la-mirada-del-otro","status":"publish","type":"post","link":"https:\/\/blogs.diariovasco.com\/apartirdelos50\/2025\/05\/26\/reflexiones-a-la-orilla-del-mar-iv-la-mirada-del-otro\/","title":{"rendered":"REFLEXIONES A LA ORILLA DEL MAR (IV) &#8220;La mirada del otro&#8221;"},"content":{"rendered":"<p><a href=\"https:\/\/static-blogs.diariovasco.com\/wp-content\/uploads\/sites\/19\/2024\/09\/382239267_10159932137402877_4233601021919666231_n.jpg\"><img loading=\"lazy\" class=\"aligncenter size-large wp-image-10226\" src=\"https:\/\/static-blogs.diariovasco.com\/wp-content\/uploads\/sites\/19\/2024\/09\/382239267_10159932137402877_4233601021919666231_n-1024x768.jpg\" alt=\"\" width=\"1024\" height=\"768\" srcset=\"https:\/\/static-blogs.diariovasco.com\/wp-content\/uploads\/sites\/19\/2024\/09\/382239267_10159932137402877_4233601021919666231_n-1024x768.jpg 1024w, https:\/\/static-blogs.diariovasco.com\/wp-content\/uploads\/sites\/19\/2024\/09\/382239267_10159932137402877_4233601021919666231_n-300x225.jpg 300w, https:\/\/static-blogs.diariovasco.com\/wp-content\/uploads\/sites\/19\/2024\/09\/382239267_10159932137402877_4233601021919666231_n-768x576.jpg 768w, https:\/\/static-blogs.diariovasco.com\/wp-content\/uploads\/sites\/19\/2024\/09\/382239267_10159932137402877_4233601021919666231_n.jpg 2048w\" sizes=\"(max-width: 1024px) 100vw, 1024px\" \/><\/a><\/p>\n<p>\u201cLa mirada del otro\u201d.-<\/p>\n<p>Por mucho que nos dediquemos a proclamar que \u201cno nos importa lo que piensen los dem\u00e1s de nosotros\u201d, eso es falso. Falso como tantas cosas \u201cfakes\u201d que nos rodean ahora mismo. En el pu\u00f1ado de lustros que llevo encima no he conocido jam\u00e1s a una persona que no fuera sensible al reconocimiento ajeno y no digamos ya al desprecio del pr\u00f3jimo.<\/p>\n<p>Necesitamos sentirnos queridos, apreciados, que nuestro trabajo se considere en su justo valor, que no nos traten como si fu\u00e9ramos mindundis objeto de indiferencia o, lo que es peor, de burla y escarnio.<\/p>\n<p>En palabras sencillas: necesitamos saber que somos importantes por lo menos para alguien. Familia, amigos, colegas o seguidores en las redes sociales. Lo que sea con tal de no caer en las fauces de esa depresi\u00f3n que acecha escondida en la falta de inter\u00e9s ajeno.<\/p>\n<p>En cuanto me he puesto a ello \u2013a escudri\u00f1ar a todo aquel que est\u00e1 en mi \u00f3rbita personal- me han saltado todas las alarmas a la vez.<\/p>\n<p>\u00a1Cu\u00e1nto cari\u00f1o he querido ver donde no hab\u00eda m\u00e1s que superficial amabilidad! \u00a1Cu\u00e1nta confianza he llegado a sentir all\u00e1 donde tan solo me brindaban unas palabras correctas! \u00a1Qu\u00e9 desilusi\u00f3n inevitable al comprobar que no soy tan \u201cimportante\u201d para algunas personas como yo cre\u00eda o necesitaba!<\/p>\n<p>Todo esto est\u00e1 ah\u00ed, dentro de m\u00ed, al alcance de la mano, a tiro de la reflexi\u00f3n m\u00e1s sencilla\u2026 No hace falta m\u00e1s que mirar y aprender a ver. Porque nada se nos oculta, las pistas que recibimos sobre lo que opinan o sienten los dem\u00e1s hacia nosotros son clar\u00edsimas.<\/p>\n<p>Los hermanos que no comparten ni alegr\u00edas ni penas, los \u201camigos\u201d que entienden la \u201camistad\u201d a su conveniencia y nunca est\u00e1n ah\u00ed cuando m\u00e1s se les necesita. Los hijos \u2013ay, los hijos adultos- que no respetan a sus propios padres ancianos a los que consideran un \u201cestorbo\u201d en todos los sentidos.<\/p>\n<p>Y en medio de todos, uno mismo. Yo misma crey\u00e9ndome el \u201combligo del mundo\u201d y sintiendo que todo me es debido y que tengo derecho a exigir, a pedir, a reclamar\u2026lo que sea que necesite en cada momento para sentirme bien y en paz.<\/p>\n<p>\u201cLos otros\u201d ciertamente no nos miran por lo que somos, sino por lo que ellos creen que valemos. As\u00ed se cierra el c\u00edrculo del ego\u00edsmo y el desamor. Nadie da nada a cambio de nada.<\/p>\n<p><a href=\"https:\/\/static-blogs.diariovasco.com\/wp-content\/uploads\/sites\/19\/2025\/01\/A-partir-de-los-50-2.jpg\"><img loading=\"lazy\" class=\"aligncenter size-full wp-image-10796\" src=\"https:\/\/static-blogs.diariovasco.com\/wp-content\/uploads\/sites\/19\/2025\/01\/A-partir-de-los-50-2.jpg\" alt=\"\" width=\"524\" height=\"524\" srcset=\"https:\/\/static-blogs.diariovasco.com\/wp-content\/uploads\/sites\/19\/2025\/01\/A-partir-de-los-50-2.jpg 524w, https:\/\/static-blogs.diariovasco.com\/wp-content\/uploads\/sites\/19\/2025\/01\/A-partir-de-los-50-2-300x300.jpg 300w, https:\/\/static-blogs.diariovasco.com\/wp-content\/uploads\/sites\/19\/2025\/01\/A-partir-de-los-50-2-150x150.jpg 150w\" sizes=\"(max-width: 524px) 100vw, 524px\" \/><\/a>Y bien est\u00e1 as\u00ed, para que aprendamos de una vez.<\/p>\n<p>Felices los felices.<\/p>\n<p>*Pensamientos en una tarde ventosa, caminando por la orilla del mar y mirando picotear a las gaviotas buscando en la arena lo mismo que yo busco en mi coraz\u00f3n.<\/p>\n<p>LaAlquimista<\/p>\n<p>Te invito a visitar mi p\u00e1gina en Facebook.<\/p>\n<p><a href=\"https:\/\/www.facebook.com\/apartirdelos50\/\" rel=\"external nofollow\">https:\/\/www.facebook.com\/apartirdelos50\/<\/a><\/p>\n<p><em>Por si alguien desea contactar:<\/em><\/p>\n<p><a href=\"mailto:apartirdeloscincuenta@gmail.com\">apartirdeloscincuenta@gmail.com<\/a><\/p>\n<p>&nbsp;<\/p>\n<p>&nbsp;<\/p>\n<p>&nbsp;<\/p>\n<!-- AddThis Advanced Settings generic via filter on the_content --><!-- AddThis Share Buttons generic via filter on the_content -->","protected":false},"excerpt":{"rendered":"<p>\u201cLa mirada del otro\u201d.- Por mucho que nos dediquemos a proclamar que \u201cno nos importa lo que piensen los dem\u00e1s de nosotros\u201d, eso es falso. Falso como tantas cosas \u201cfakes\u201d que nos rodean ahora mismo. En el pu\u00f1ado de lustros que llevo encima no he conocido jam\u00e1s a una persona que no fuera sensible al [&hellip;]<!-- AddThis Advanced Settings generic via filter on get_the_excerpt --><!-- AddThis Share Buttons generic via filter on get_the_excerpt --><\/p>\n","protected":false},"author":34,"featured_media":0,"comment_status":"open","ping_status":"closed","sticky":false,"template":"","format":"standard","meta":[],"categories":[9,2],"tags":[],"_links":{"self":[{"href":"https:\/\/blogs.diariovasco.com\/apartirdelos50\/wp-json\/wp\/v2\/posts\/11083"}],"collection":[{"href":"https:\/\/blogs.diariovasco.com\/apartirdelos50\/wp-json\/wp\/v2\/posts"}],"about":[{"href":"https:\/\/blogs.diariovasco.com\/apartirdelos50\/wp-json\/wp\/v2\/types\/post"}],"author":[{"embeddable":true,"href":"https:\/\/blogs.diariovasco.com\/apartirdelos50\/wp-json\/wp\/v2\/users\/34"}],"replies":[{"embeddable":true,"href":"https:\/\/blogs.diariovasco.com\/apartirdelos50\/wp-json\/wp\/v2\/comments?post=11083"}],"version-history":[{"count":1,"href":"https:\/\/blogs.diariovasco.com\/apartirdelos50\/wp-json\/wp\/v2\/posts\/11083\/revisions"}],"predecessor-version":[{"id":11084,"href":"https:\/\/blogs.diariovasco.com\/apartirdelos50\/wp-json\/wp\/v2\/posts\/11083\/revisions\/11084"}],"wp:attachment":[{"href":"https:\/\/blogs.diariovasco.com\/apartirdelos50\/wp-json\/wp\/v2\/media?parent=11083"}],"wp:term":[{"taxonomy":"category","embeddable":true,"href":"https:\/\/blogs.diariovasco.com\/apartirdelos50\/wp-json\/wp\/v2\/categories?post=11083"},{"taxonomy":"post_tag","embeddable":true,"href":"https:\/\/blogs.diariovasco.com\/apartirdelos50\/wp-json\/wp\/v2\/tags?post=11083"}],"curies":[{"name":"wp","href":"https:\/\/api.w.org\/{rel}","templated":true}]}}