{"id":11098,"date":"2025-06-05T06:28:27","date_gmt":"2025-06-05T05:28:27","guid":{"rendered":"https:\/\/blogs.diariovasco.com\/apartirdelos50\/?p=11098"},"modified":"2025-06-04T11:45:46","modified_gmt":"2025-06-04T10:45:46","slug":"reflexiones-a-la-orilla-del-mar-vii-olvidar-o-perdonar-o-todo-a-la-vez","status":"publish","type":"post","link":"https:\/\/blogs.diariovasco.com\/apartirdelos50\/2025\/06\/05\/reflexiones-a-la-orilla-del-mar-vii-olvidar-o-perdonar-o-todo-a-la-vez\/","title":{"rendered":"REFLEXIONES A LA ORILLA DEL MAR.- (VII) &#8220;Olvidar o perdonar o todo a la vez"},"content":{"rendered":"<p>&nbsp;<\/p>\n<p><a href=\"https:\/\/static-blogs.diariovasco.com\/wp-content\/uploads\/sites\/19\/2025\/06\/images-18-1.jpg\"><img loading=\"lazy\" class=\"aligncenter size-full wp-image-11103\" src=\"https:\/\/static-blogs.diariovasco.com\/wp-content\/uploads\/sites\/19\/2025\/06\/images-18-1.jpg\" alt=\"\" width=\"610\" height=\"406\" srcset=\"https:\/\/static-blogs.diariovasco.com\/wp-content\/uploads\/sites\/19\/2025\/06\/images-18-1.jpg 610w, https:\/\/static-blogs.diariovasco.com\/wp-content\/uploads\/sites\/19\/2025\/06\/images-18-1-300x200.jpg 300w\" sizes=\"(max-width: 610px) 100vw, 610px\" \/><\/a><\/p>\n<p>He aqu\u00ed una discusi\u00f3n eterna, un poco m\u00e1s enjundiosa que lo de la tortilla con o sin cebolla, pero que nos divide en dos bandos bastante poco proclives a consensuar un \u201calto al fuego\u201d relacional.<\/p>\n<p>Los que dicen \u201cyo perdono, pero no olvido\u201d sonr\u00eden con la daga en la manga porque es como decir: \u201cojo al parche, que te guardo los reproches por si te descuidas\u201d.<\/p>\n<p>Los que argumentan que \u201colvidan, pero nunca perdonar\u00e1n\u201d tienen un problema de los grandes porque\u2026 \u00bfc\u00f3mo har\u00e1n para hallar la paz interna, esa que est\u00e1 reservada al ser humano puro?<\/p>\n<p><a href=\"https:\/\/static-blogs.diariovasco.com\/wp-content\/uploads\/sites\/19\/2025\/01\/A-partir-de-los-50-2.jpg\"><img loading=\"lazy\" class=\"alignleft size-medium wp-image-10796\" src=\"https:\/\/static-blogs.diariovasco.com\/wp-content\/uploads\/sites\/19\/2025\/01\/A-partir-de-los-50-2-300x300.jpg\" alt=\"\" width=\"300\" height=\"300\" srcset=\"https:\/\/static-blogs.diariovasco.com\/wp-content\/uploads\/sites\/19\/2025\/01\/A-partir-de-los-50-2-300x300.jpg 300w, https:\/\/static-blogs.diariovasco.com\/wp-content\/uploads\/sites\/19\/2025\/01\/A-partir-de-los-50-2-150x150.jpg 150w, https:\/\/static-blogs.diariovasco.com\/wp-content\/uploads\/sites\/19\/2025\/01\/A-partir-de-los-50-2.jpg 524w\" sizes=\"(max-width: 300px) 100vw, 300px\" \/><\/a>As\u00ed las cosas, he tenido la inmensa suerte de haber vuelto a estrechar lazos afectivos con una persona que \u201csabe olvidar y se esfuerza por perdonar\u201d de una manera muy parecida a como tambi\u00e9n siento que necesito dar un golpe de tim\u00f3n a mi vida.<\/p>\n<p>Tender un puente hacia el otro, cruzarlo hasta m\u00e1s o menos la mitad; sonreir y abrazarse. As\u00ed de sencillo y as\u00ed de importante, tanto como es todo lo que se hace desde el amor, desde la alegr\u00eda del coraz\u00f3n\u2026 Y enterrar definitivamente las tres \u201cR\u201d malditas: rencor, rabia, resentimiento.<\/p>\n<p>Trabajemos codo con codo por salvar los obst\u00e1culos y hallar el camino hacia la luz. Todav\u00eda nos queda bastante vida por delante y hay que vivirla en paz.<\/p>\n<p>Felices los felices.<\/p>\n<p>Y gracias a A. por aceptar compartir un camino conjunto.<\/p>\n<p>LaAlquimista<\/p>\n<p>Te invito a visitar mi p\u00e1gina en Facebook.<\/p>\n<p><a href=\"https:\/\/www.facebook.com\/apartirdelos50\/\" rel=\"external nofollow\">https:\/\/www.facebook.com\/apartirdelos50\/<\/a><\/p>\n<p><em>Por si alguien desea contactar:<\/em><\/p>\n<p><a href=\"mailto:apartirdeloscincuenta@gmail.com\">apartirdeloscincuenta@gmail.com<\/a><\/p>\n<p>&nbsp;<\/p>\n<p>&nbsp;<\/p>\n<p>&nbsp;<\/p>\n<!-- AddThis Advanced Settings generic via filter on the_content --><!-- AddThis Share Buttons generic via filter on the_content -->","protected":false},"excerpt":{"rendered":"<p>&nbsp; He aqu\u00ed una discusi\u00f3n eterna, un poco m\u00e1s enjundiosa que lo de la tortilla con o sin cebolla, pero que nos divide en dos bandos bastante poco proclives a consensuar un \u201calto al fuego\u201d relacional. Los que dicen \u201cyo perdono, pero no olvido\u201d sonr\u00eden con la daga en la manga porque es como decir: [&hellip;]<!-- AddThis Advanced Settings generic via filter on get_the_excerpt --><!-- AddThis Share Buttons generic via filter on get_the_excerpt --><\/p>\n","protected":false},"author":34,"featured_media":0,"comment_status":"open","ping_status":"closed","sticky":false,"template":"","format":"standard","meta":[],"categories":[9,2],"tags":[],"_links":{"self":[{"href":"https:\/\/blogs.diariovasco.com\/apartirdelos50\/wp-json\/wp\/v2\/posts\/11098"}],"collection":[{"href":"https:\/\/blogs.diariovasco.com\/apartirdelos50\/wp-json\/wp\/v2\/posts"}],"about":[{"href":"https:\/\/blogs.diariovasco.com\/apartirdelos50\/wp-json\/wp\/v2\/types\/post"}],"author":[{"embeddable":true,"href":"https:\/\/blogs.diariovasco.com\/apartirdelos50\/wp-json\/wp\/v2\/users\/34"}],"replies":[{"embeddable":true,"href":"https:\/\/blogs.diariovasco.com\/apartirdelos50\/wp-json\/wp\/v2\/comments?post=11098"}],"version-history":[{"count":4,"href":"https:\/\/blogs.diariovasco.com\/apartirdelos50\/wp-json\/wp\/v2\/posts\/11098\/revisions"}],"predecessor-version":[{"id":11105,"href":"https:\/\/blogs.diariovasco.com\/apartirdelos50\/wp-json\/wp\/v2\/posts\/11098\/revisions\/11105"}],"wp:attachment":[{"href":"https:\/\/blogs.diariovasco.com\/apartirdelos50\/wp-json\/wp\/v2\/media?parent=11098"}],"wp:term":[{"taxonomy":"category","embeddable":true,"href":"https:\/\/blogs.diariovasco.com\/apartirdelos50\/wp-json\/wp\/v2\/categories?post=11098"},{"taxonomy":"post_tag","embeddable":true,"href":"https:\/\/blogs.diariovasco.com\/apartirdelos50\/wp-json\/wp\/v2\/tags?post=11098"}],"curies":[{"name":"wp","href":"https:\/\/api.w.org\/{rel}","templated":true}]}}