{"id":11107,"date":"2025-06-09T07:10:04","date_gmt":"2025-06-09T06:10:04","guid":{"rendered":"https:\/\/blogs.diariovasco.com\/apartirdelos50\/?p=11107"},"modified":"2025-06-09T07:10:04","modified_gmt":"2025-06-09T06:10:04","slug":"reflexiones-a-la-orilla-del-mar-viii-sera-que-me-importa-mas-vivir-que-ser-feliz","status":"publish","type":"post","link":"https:\/\/blogs.diariovasco.com\/apartirdelos50\/2025\/06\/09\/reflexiones-a-la-orilla-del-mar-viii-sera-que-me-importa-mas-vivir-que-ser-feliz\/","title":{"rendered":"REFLEXIONES A LA ORILLA DEL MAR.- (VIII) &#8220;Ser\u00e1 que me importa m\u00e1s vivir que ser feliz&#8221;"},"content":{"rendered":"<p><a href=\"https:\/\/static-blogs.diariovasco.com\/wp-content\/uploads\/sites\/19\/2025\/06\/Cecilia-bugambilla-2025.jpg\"><img loading=\"lazy\" class=\"aligncenter size-full wp-image-11108\" src=\"https:\/\/static-blogs.diariovasco.com\/wp-content\/uploads\/sites\/19\/2025\/06\/Cecilia-bugambilla-2025.jpg\" alt=\"\" width=\"720\" height=\"960\" srcset=\"https:\/\/static-blogs.diariovasco.com\/wp-content\/uploads\/sites\/19\/2025\/06\/Cecilia-bugambilla-2025.jpg 720w, https:\/\/static-blogs.diariovasco.com\/wp-content\/uploads\/sites\/19\/2025\/06\/Cecilia-bugambilla-2025-225x300.jpg 225w\" sizes=\"(max-width: 720px) 100vw, 720px\" \/><\/a>SER\u00c1 QUE ME IMPORTA M\u00c1S VIVIR QUE SER FELIZ&#8230;<\/p>\n<p>Toda mi infancia cre\u00ed que hab\u00eda venido a este mundo para hacer m\u00e9ritos para el siguiente, como una estaci\u00f3n de paso en la que hab\u00eda que esforzarse mucho y sufrir para, al cabo de los a\u00f1os y despu\u00e9s de la muerte del cuerpo, alcanzar la \u201caut\u00e9ntica vida\u201d a la derecha del \u201cPadre\u201d.<\/p>\n<p>Esta hip\u00f3tesis peregrina nadie ha podido ni demostrarla ni garantizarla de momento y como el personal ya empezaba a desconfiar de promesas oliendo a incienso, se actualizaron con lo de la \u201cb\u00fasqueda de la felicidad\u201d y de ah\u00ed a dogmatizar sobre el fin y sentido de la vida no hubo m\u00e1s que un paso o un par de siglos.<\/p>\n<p>Entr\u00e9 en la juventud apostatando de la inoculaci\u00f3n religiosa impuesta y tan al uso de la \u00e9poca y ca\u00ed rendida en los brazos de esa incontenible b\u00fasqueda ut\u00f3pica que permit\u00eda el ensue\u00f1o de una felicidad a medida, como los vestiditos cursis que nos hac\u00eda la modista seg\u00fan los \u201cpatrones\u201d de mi madre.<\/p>\n<p>As\u00ed que quise ser feliz seg\u00fan lo que ten\u00eda m\u00e1s a mano: emparejarme, tener hijos y con el privilegio de ser profesional fuera de casa y conseguir el sue\u00f1o progresista y feminista de los ochenta de tener dos trabajos por el precio de uno.<\/p>\n<p>Ya he contado muchas veces que gracias a que no consegu\u00ed aquellas metas pude liberarme de aquellas cadenas y hacer otras cosas diferentes aunque estuvieran mal vistas y fuera de las normas fijadas para que una mujer del siglo XX alcanzara la \u201cfelicidad\u201d.<\/p>\n<p>Descartado lo divino y cuestionado todo lo humano me encontr\u00e9 con los cincuenta bien avanzados d\u00e1ndole vueltas al enigma sempiterno: ese que plantea qui\u00e9nes somos, de d\u00f3nde venimos y ad\u00f3nde vamos. Pero no ha habido fil\u00f3sofo ni sabio alguno que a d\u00eda de hoy haya conseguido ofrecer(me) una soluci\u00f3n satisfactoria, o ser\u00e1 que soy muy tonta\u2026o muy exigente.<\/p>\n<p>Como el tiempo vuela a partir de cierta edad, agarr\u00e9 el toro por los cuernos y mientras mentes sesudas que cobran por pensar segu\u00edan devan\u00e1ndose los sesos buscando el significado a la vida, decid\u00ed que \u201cyo vivir\u00eda a secas\u201d. Cada d\u00eda con su propio af\u00e1n. Sin mirar m\u00e1s all\u00e1 de la vuelta de la esquina del calendario, sin planes a largo plazo. Con las m\u00ednimas previsiones, las expectativas a la baja y los objetivos a nivel del mar.<\/p>\n<p>Y as\u00ed sigo despu\u00e9s de varios a\u00f1os, sin preocuparme de si soy feliz o no soy feliz, porque eso, a fin de cuentas, no es m\u00e1s que un caj\u00f3n de sastre donde cabe todo el marketing y consumismo del universo.<\/p>\n<p><a href=\"https:\/\/static-blogs.diariovasco.com\/wp-content\/uploads\/sites\/19\/2025\/01\/A-partir-de-los-50.jpg\"><img loading=\"lazy\" class=\"alignright size-medium wp-image-10784\" src=\"https:\/\/static-blogs.diariovasco.com\/wp-content\/uploads\/sites\/19\/2025\/01\/A-partir-de-los-50-300x225.jpg\" alt=\"\" width=\"300\" height=\"225\" srcset=\"https:\/\/static-blogs.diariovasco.com\/wp-content\/uploads\/sites\/19\/2025\/01\/A-partir-de-los-50-300x225.jpg 300w, https:\/\/static-blogs.diariovasco.com\/wp-content\/uploads\/sites\/19\/2025\/01\/A-partir-de-los-50.jpg 719w\" sizes=\"(max-width: 300px) 100vw, 300px\" \/><\/a>Quiero creer que he encontrado mi lugar en este mundo, en este planeta que se despierta cada d\u00eda lleno de temblores, dolor y mucha ignominia a la vez que nos regala maravillosos amaneceres y po\u00e9ticos ocasos.<\/p>\n<p>Ser\u00e1 que ya he comprendido que toda b\u00fasqueda es incierta, ser\u00e1 que ya no temo a lo que me ense\u00f1aron a temer, ser\u00e1 que el miedo ya no come en mi mesa ni duerme en mi cama.<\/p>\n<p>Ser\u00e1 que me importa m\u00e1s vivir que ser feliz.<\/p>\n<p>Felices los felices\u2026malgr\u00e9 tout.<\/p>\n<p>LaAlquimista<\/p>\n<p>Te invito a visitar mi p\u00e1gina en Facebook.<\/p>\n<p><a href=\"https:\/\/www.facebook.com\/apartirdelos50\/\" rel=\"external nofollow\">https:\/\/www.facebook.com\/apartirdelos50\/<\/a><\/p>\n<p><em>Por si alguien desea contactar:<\/em><\/p>\n<p><a href=\"mailto:apartirdeloscincuenta@gmail.com\">apartirdeloscincuenta@gmail.com<\/a><\/p>\n<p>Texto y fotograf\u00eda: <a href=\"https:\/\/www.facebook.com\/ceci.lia.9212?__cft__%5b0%5d=AZWAl6MSo1bb9IEnGTlucDUFs3g9ux3T4LY2Wlo0f4faUj75oOMd8hUvZLJ2iUmPFEY_ErfKYcJSeYPsfw4h1pPH97k8NmepWz4Z390vN3QIwRUf0yKL-xSvzeKLgaz4beC_JggLUGGpedON7UBe7o_i11Ym4sz17bLjkaOhzdOdhA&amp;__tn__=-%5dK-R\" rel=\"external nofollow\"><strong>Cecilia Casado<\/strong><\/a><\/p>\n<p>&nbsp;<\/p>\n<!-- AddThis Advanced Settings generic via filter on the_content --><!-- AddThis Share Buttons generic via filter on the_content -->","protected":false},"excerpt":{"rendered":"<p>SER\u00c1 QUE ME IMPORTA M\u00c1S VIVIR QUE SER FELIZ&#8230; Toda mi infancia cre\u00ed que hab\u00eda venido a este mundo para hacer m\u00e9ritos para el siguiente, como una estaci\u00f3n de paso en la que hab\u00eda que esforzarse mucho y sufrir para, al cabo de los a\u00f1os y despu\u00e9s de la muerte del cuerpo, alcanzar la \u201caut\u00e9ntica [&hellip;]<!-- AddThis Advanced Settings generic via filter on get_the_excerpt --><!-- AddThis Share Buttons generic via filter on get_the_excerpt --><\/p>\n","protected":false},"author":34,"featured_media":0,"comment_status":"open","ping_status":"closed","sticky":false,"template":"","format":"standard","meta":[],"categories":[3,25,22,13],"tags":[],"_links":{"self":[{"href":"https:\/\/blogs.diariovasco.com\/apartirdelos50\/wp-json\/wp\/v2\/posts\/11107"}],"collection":[{"href":"https:\/\/blogs.diariovasco.com\/apartirdelos50\/wp-json\/wp\/v2\/posts"}],"about":[{"href":"https:\/\/blogs.diariovasco.com\/apartirdelos50\/wp-json\/wp\/v2\/types\/post"}],"author":[{"embeddable":true,"href":"https:\/\/blogs.diariovasco.com\/apartirdelos50\/wp-json\/wp\/v2\/users\/34"}],"replies":[{"embeddable":true,"href":"https:\/\/blogs.diariovasco.com\/apartirdelos50\/wp-json\/wp\/v2\/comments?post=11107"}],"version-history":[{"count":1,"href":"https:\/\/blogs.diariovasco.com\/apartirdelos50\/wp-json\/wp\/v2\/posts\/11107\/revisions"}],"predecessor-version":[{"id":11109,"href":"https:\/\/blogs.diariovasco.com\/apartirdelos50\/wp-json\/wp\/v2\/posts\/11107\/revisions\/11109"}],"wp:attachment":[{"href":"https:\/\/blogs.diariovasco.com\/apartirdelos50\/wp-json\/wp\/v2\/media?parent=11107"}],"wp:term":[{"taxonomy":"category","embeddable":true,"href":"https:\/\/blogs.diariovasco.com\/apartirdelos50\/wp-json\/wp\/v2\/categories?post=11107"},{"taxonomy":"post_tag","embeddable":true,"href":"https:\/\/blogs.diariovasco.com\/apartirdelos50\/wp-json\/wp\/v2\/tags?post=11107"}],"curies":[{"name":"wp","href":"https:\/\/api.w.org\/{rel}","templated":true}]}}