{"id":11110,"date":"2025-06-12T06:23:48","date_gmt":"2025-06-12T05:23:48","guid":{"rendered":"https:\/\/blogs.diariovasco.com\/apartirdelos50\/?p=11110"},"modified":"2025-06-13T06:43:35","modified_gmt":"2025-06-13T05:43:35","slug":"reflexiones-a-la-orilla-del-mar-viii-vive-y-deja-vivir","status":"publish","type":"post","link":"https:\/\/blogs.diariovasco.com\/apartirdelos50\/2025\/06\/12\/reflexiones-a-la-orilla-del-mar-viii-vive-y-deja-vivir\/","title":{"rendered":"REFLEXIONES A LA ORILLA DEL MAR (IX) &#8220;Vive y deja vivir&#8221;"},"content":{"rendered":"<p><a href=\"https:\/\/static-blogs.diariovasco.com\/wp-content\/uploads\/sites\/19\/2025\/06\/images-19.jpg\"><img loading=\"lazy\" class=\"aligncenter size-full wp-image-11111\" src=\"https:\/\/static-blogs.diariovasco.com\/wp-content\/uploads\/sites\/19\/2025\/06\/images-19.jpg\" alt=\"\" width=\"623\" height=\"399\" srcset=\"https:\/\/static-blogs.diariovasco.com\/wp-content\/uploads\/sites\/19\/2025\/06\/images-19.jpg 623w, https:\/\/static-blogs.diariovasco.com\/wp-content\/uploads\/sites\/19\/2025\/06\/images-19-300x192.jpg 300w\" sizes=\"(max-width: 623px) 100vw, 623px\" \/><\/a><\/p>\n<p>Tengo una amiga rubia que me recrimina cuando le recrimino a un camarero que me sirve el plato de sopa metiendo los dedos dentro, -es un decir-, o si reclamo porque entre el primero y el segundo tardan veinticinco minutos. Me dice que eso va de \u201cmal rollo\u201d y yo me lo pienso mucho, le hago caso y ahora me doy cuenta de que tiene raz\u00f3n.<\/p>\n<p>\u00bfPara qu\u00e9 voy a pasar un mal rato ante una situaci\u00f3n que no depende de m\u00ed? \u00bfPor qu\u00e9 habr\u00eda de tomarme una actitud ajena como algo personal? \u00bfNo es mejor ir por la vida en \u201cmodo zen\u201d y ah\u00ed me las den todas?<\/p>\n<p>Mi amiga tiene raz\u00f3n porque le molestan las actitudes \u201cprotestonas\u201d en general y las m\u00edas en particular, as\u00ed que estoy intentando mejorar. Por ejemplo: nada de mirar con cara de pocos amigos a las personas que pasean con sus perros por la orilla del mar sino agacharme a acariciarlos, preguntar su nombre y alabar su felicidad canina, sin decir ni m\u00fa de nada m\u00e1s. (Vive y deja vivir y hago amigos)<\/p>\n<p>Ni so\u00f1ar de poner mala cara ante los \u201cmanteros\u201d que inundan el paseo mar\u00edtimo a partir de las nueve de la noche vendiendo cosas bonitas completamente falsas, sino comprarles algo por veinte euros para procurar m\u00e1s ganancias a la mafia que les provee de esos art\u00edculos (he dicho \u201cmafia\u201d, perd\u00f3n, empresarios). (M\u00e1s vive y deja vivir).<\/p>\n<p>Mirar para otro lado cuando un padre grita y zarandea en la playa a su hijo de unos ocho a\u00f1os y hacer como si todos nos hubi\u00e9ramos vuelto ciegos y sordos y no decir ni m\u00fa no vaya a ser que te caiga la del pulpo por meterte donde no te llaman\u2026 (\u00bfVive y deja vivir?)<\/p>\n<p><a href=\"https:\/\/static-blogs.diariovasco.com\/wp-content\/uploads\/sites\/19\/2025\/01\/A-partir-de-los-50-2.jpg\"><img loading=\"lazy\" class=\"alignleft size-medium wp-image-10796\" src=\"https:\/\/static-blogs.diariovasco.com\/wp-content\/uploads\/sites\/19\/2025\/01\/A-partir-de-los-50-2-300x300.jpg\" alt=\"\" width=\"300\" height=\"300\" srcset=\"https:\/\/static-blogs.diariovasco.com\/wp-content\/uploads\/sites\/19\/2025\/01\/A-partir-de-los-50-2-300x300.jpg 300w, https:\/\/static-blogs.diariovasco.com\/wp-content\/uploads\/sites\/19\/2025\/01\/A-partir-de-los-50-2-150x150.jpg 150w, https:\/\/static-blogs.diariovasco.com\/wp-content\/uploads\/sites\/19\/2025\/01\/A-partir-de-los-50-2.jpg 524w\" sizes=\"(max-width: 300px) 100vw, 300px\" \/><\/a>Y ya puestos, pues no decir ni esta boca es m\u00eda ante la injusticia de la justicia, la barbarie de los amos del mundo, callar como una muerta frente al discurso xen\u00f3fobo, hom\u00f3fobo, belicista, populista, machista y exterminador que atruena por todos los altavoces medi\u00e1ticos. (\u00bfVivir es eso?)<\/p>\n<p>Es que, mi querida amiga rubia: se empieza callando por las cosas peque\u00f1as y se acaba amordazado por lo que pesa toneladas de inmoralidad.<\/p>\n<p>A ver si soy capaz de diferenciar lo uno de lo otro y callar cuando tengo que callar y hablar \u2013bien alto- cuando es lo que toca.<\/p>\n<p>Gracias por hacerme reflexionar, guapa.<\/p>\n<p>Felices los felices.<\/p>\n<p>LaAlquimista<\/p>\n<p>Te invito a visitar mi p\u00e1gina en Facebook.<\/p>\n<p><a href=\"https:\/\/www.facebook.com\/apartirdelos50\/\" rel=\"external nofollow\">https:\/\/www.facebook.com\/apartirdelos50\/<\/a><\/p>\n<p><em>Por si alguien desea contactar:<\/em><\/p>\n<p><a href=\"mailto:apartirdeloscincuenta@gmail.com\">apartirdeloscincuenta@gmail.com<\/a><\/p>\n<p>&nbsp;<\/p>\n<p>&nbsp;<\/p>\n<p>&nbsp;<\/p>\n<p>&nbsp;<\/p>\n<p>&nbsp;<\/p>\n<!-- AddThis Advanced Settings generic via filter on the_content --><!-- AddThis Share Buttons generic via filter on the_content -->","protected":false},"excerpt":{"rendered":"<p>Tengo una amiga rubia que me recrimina cuando le recrimino a un camarero que me sirve el plato de sopa metiendo los dedos dentro, -es un decir-, o si reclamo porque entre el primero y el segundo tardan veinticinco minutos. Me dice que eso va de \u201cmal rollo\u201d y yo me lo pienso mucho, le [&hellip;]<!-- AddThis Advanced Settings generic via filter on get_the_excerpt --><!-- AddThis Share Buttons generic via filter on get_the_excerpt --><\/p>\n","protected":false},"author":34,"featured_media":0,"comment_status":"open","ping_status":"closed","sticky":false,"template":"","format":"standard","meta":[],"categories":[1],"tags":[],"_links":{"self":[{"href":"https:\/\/blogs.diariovasco.com\/apartirdelos50\/wp-json\/wp\/v2\/posts\/11110"}],"collection":[{"href":"https:\/\/blogs.diariovasco.com\/apartirdelos50\/wp-json\/wp\/v2\/posts"}],"about":[{"href":"https:\/\/blogs.diariovasco.com\/apartirdelos50\/wp-json\/wp\/v2\/types\/post"}],"author":[{"embeddable":true,"href":"https:\/\/blogs.diariovasco.com\/apartirdelos50\/wp-json\/wp\/v2\/users\/34"}],"replies":[{"embeddable":true,"href":"https:\/\/blogs.diariovasco.com\/apartirdelos50\/wp-json\/wp\/v2\/comments?post=11110"}],"version-history":[{"count":2,"href":"https:\/\/blogs.diariovasco.com\/apartirdelos50\/wp-json\/wp\/v2\/posts\/11110\/revisions"}],"predecessor-version":[{"id":11113,"href":"https:\/\/blogs.diariovasco.com\/apartirdelos50\/wp-json\/wp\/v2\/posts\/11110\/revisions\/11113"}],"wp:attachment":[{"href":"https:\/\/blogs.diariovasco.com\/apartirdelos50\/wp-json\/wp\/v2\/media?parent=11110"}],"wp:term":[{"taxonomy":"category","embeddable":true,"href":"https:\/\/blogs.diariovasco.com\/apartirdelos50\/wp-json\/wp\/v2\/categories?post=11110"},{"taxonomy":"post_tag","embeddable":true,"href":"https:\/\/blogs.diariovasco.com\/apartirdelos50\/wp-json\/wp\/v2\/tags?post=11110"}],"curies":[{"name":"wp","href":"https:\/\/api.w.org\/{rel}","templated":true}]}}