{"id":11202,"date":"2025-07-22T06:14:23","date_gmt":"2025-07-22T05:14:23","guid":{"rendered":"https:\/\/blogs.diariovasco.com\/apartirdelos50\/?p=11202"},"modified":"2025-07-21T20:19:33","modified_gmt":"2025-07-21T19:19:33","slug":"casi-le-pego-fuego-a-la-casa","status":"publish","type":"post","link":"https:\/\/blogs.diariovasco.com\/apartirdelos50\/2025\/07\/22\/casi-le-pego-fuego-a-la-casa\/","title":{"rendered":"Casi le pego fuego a la casa"},"content":{"rendered":"<p><a href=\"https:\/\/static-blogs.diariovasco.com\/wp-content\/uploads\/sites\/19\/2025\/07\/incendios-en-la-cocina-05586g-evitar-incendios-cocina.jpg\"><img loading=\"lazy\" class=\"aligncenter size-full wp-image-11204\" src=\"https:\/\/static-blogs.diariovasco.com\/wp-content\/uploads\/sites\/19\/2025\/07\/incendios-en-la-cocina-05586g-evitar-incendios-cocina.jpg\" alt=\"\" width=\"900\" height=\"600\" srcset=\"https:\/\/static-blogs.diariovasco.com\/wp-content\/uploads\/sites\/19\/2025\/07\/incendios-en-la-cocina-05586g-evitar-incendios-cocina.jpg 900w, https:\/\/static-blogs.diariovasco.com\/wp-content\/uploads\/sites\/19\/2025\/07\/incendios-en-la-cocina-05586g-evitar-incendios-cocina-300x200.jpg 300w, https:\/\/static-blogs.diariovasco.com\/wp-content\/uploads\/sites\/19\/2025\/07\/incendios-en-la-cocina-05586g-evitar-incendios-cocina-768x512.jpg 768w\" sizes=\"(max-width: 900px) 100vw, 900px\" \/><\/a><\/p>\n<p>Tengo un asador de resistencias \u201cJata\u201d que compr\u00e9 justo despu\u00e9s de casarme (por primera vez)\u2026 y sigue funcionando como pens\u00f3 el fundador de la marca, Jacinto Alcorta, de Abadi\u00f1o, en 1943. Incre\u00edble, pero cierto.<\/p>\n<p>Como disfruto del amoroso reencuentro con mi familia \u201cyucateca\u201d, atendiendo a la petici\u00f3n \u2013de rodillas- de mi hija mayor, compr\u00e9 txuletas de las de verdad.\u00a0Con la primera no hubo ning\u00fan problema, pero la segunda era m\u00e1s gruesa, ten\u00eda mucha grasa \u2013como debe ser- y para cuando me di cuenta salt\u00f3 una chispa azul de la resistencia al rojo vivo, cay\u00f3 sobre la grasa desle\u00edda en agua de la bandeja inferior y surgi\u00f3 la primera llamarada.<\/p>\n<p>Soy r\u00e1pida y no entro en p\u00e1nico m\u00e1s que cuando algunas personas me tocan el trig\u00e9mino, as\u00ed que punto n\u00ba1: desenchuf\u00e9 el trasto, n\u00ba2 ech\u00e9 un vaso de agua en la bandeja y punto n\u00ba3 y el definitivo, tap\u00e9 todo el invento con la tapadera grande de las sartenes. Sin electricidad, con agua y sin aire, el fuego hizo \u201cflusss\u201d y se acab\u00f3 el susto.<\/p>\n<p><a href=\"https:\/\/static-blogs.diariovasco.com\/wp-content\/uploads\/sites\/19\/2025\/07\/Chuletas.jpg\"><img loading=\"lazy\" class=\"alignright size-medium wp-image-11205\" src=\"https:\/\/static-blogs.diariovasco.com\/wp-content\/uploads\/sites\/19\/2025\/07\/Chuletas-300x225.jpg\" alt=\"\" width=\"300\" height=\"225\" srcset=\"https:\/\/static-blogs.diariovasco.com\/wp-content\/uploads\/sites\/19\/2025\/07\/Chuletas-300x225.jpg 300w, https:\/\/static-blogs.diariovasco.com\/wp-content\/uploads\/sites\/19\/2025\/07\/Chuletas-1024x768.jpg 1024w, https:\/\/static-blogs.diariovasco.com\/wp-content\/uploads\/sites\/19\/2025\/07\/Chuletas-768x576.jpg 768w, https:\/\/static-blogs.diariovasco.com\/wp-content\/uploads\/sites\/19\/2025\/07\/Chuletas-1536x1152.jpg 1536w, https:\/\/static-blogs.diariovasco.com\/wp-content\/uploads\/sites\/19\/2025\/07\/Chuletas.jpg 1920w\" sizes=\"(max-width: 300px) 100vw, 300px\" \/><\/a>Mi hija abri\u00f3 lleg\u00f3 como el rayo, abri\u00f3 todas las ventanas de la casa para hacer corriente de aire y yo cruc\u00e9 los dedos para que ning\u00fan vecino llamara a los bomberos a la vista de la humareda negra que nos envolvi\u00f3 por unos minutos.<\/p>\n<p>Nada del otro jueves, algo que le puede pasar a cualquiera\u2026pero si te pasa con dos ni\u00f1os peque\u00f1os en el comedor se te ponen en la garganta (los ovarios, digo).<\/p>\n<p>La sidra, muy fresquita, la carne un poco tiesa. La \u201cJata\u201d a la basura. El extractor de humos y los aleda\u00f1os, dos horas intentando limpiarlo. El susto, toda la noche me ha durado.<\/p>\n<p>De \u00e9sta me hago vegetariana, lo juro.<\/p>\n<p>Felices los felices.<\/p>\n<p>LaAlquimista<\/p>\n<p>Te invito a visitar mi p\u00e1gina en Facebook.<\/p>\n<p><a href=\"https:\/\/www.facebook.com\/apartirdelos50\/\" rel=\"external nofollow\">https:\/\/www.facebook.com\/apartirdelos50\/<\/a><\/p>\n<p><em>Por si alguien desea contactar:<\/em><\/p>\n<p><a href=\"mailto:apartirdeloscincuenta@gmail.com\">apartirdeloscincuenta@gmail.com<\/a><\/p>\n<p>&nbsp;<\/p>\n<p>&nbsp;<\/p>\n<!-- AddThis Advanced Settings generic via filter on the_content --><!-- AddThis Share Buttons generic via filter on the_content -->","protected":false},"excerpt":{"rendered":"<p>Tengo un asador de resistencias \u201cJata\u201d que compr\u00e9 justo despu\u00e9s de casarme (por primera vez)\u2026 y sigue funcionando como pens\u00f3 el fundador de la marca, Jacinto Alcorta, de Abadi\u00f1o, en 1943. Incre\u00edble, pero cierto. Como disfruto del amoroso reencuentro con mi familia \u201cyucateca\u201d, atendiendo a la petici\u00f3n \u2013de rodillas- de mi hija mayor, compr\u00e9 txuletas [&hellip;]<!-- AddThis Advanced Settings generic via filter on get_the_excerpt --><!-- AddThis Share Buttons generic via filter on get_the_excerpt --><\/p>\n","protected":false},"author":34,"featured_media":0,"comment_status":"open","ping_status":"closed","sticky":false,"template":"","format":"standard","meta":[],"categories":[1],"tags":[],"_links":{"self":[{"href":"https:\/\/blogs.diariovasco.com\/apartirdelos50\/wp-json\/wp\/v2\/posts\/11202"}],"collection":[{"href":"https:\/\/blogs.diariovasco.com\/apartirdelos50\/wp-json\/wp\/v2\/posts"}],"about":[{"href":"https:\/\/blogs.diariovasco.com\/apartirdelos50\/wp-json\/wp\/v2\/types\/post"}],"author":[{"embeddable":true,"href":"https:\/\/blogs.diariovasco.com\/apartirdelos50\/wp-json\/wp\/v2\/users\/34"}],"replies":[{"embeddable":true,"href":"https:\/\/blogs.diariovasco.com\/apartirdelos50\/wp-json\/wp\/v2\/comments?post=11202"}],"version-history":[{"count":3,"href":"https:\/\/blogs.diariovasco.com\/apartirdelos50\/wp-json\/wp\/v2\/posts\/11202\/revisions"}],"predecessor-version":[{"id":11207,"href":"https:\/\/blogs.diariovasco.com\/apartirdelos50\/wp-json\/wp\/v2\/posts\/11202\/revisions\/11207"}],"wp:attachment":[{"href":"https:\/\/blogs.diariovasco.com\/apartirdelos50\/wp-json\/wp\/v2\/media?parent=11202"}],"wp:term":[{"taxonomy":"category","embeddable":true,"href":"https:\/\/blogs.diariovasco.com\/apartirdelos50\/wp-json\/wp\/v2\/categories?post=11202"},{"taxonomy":"post_tag","embeddable":true,"href":"https:\/\/blogs.diariovasco.com\/apartirdelos50\/wp-json\/wp\/v2\/tags?post=11202"}],"curies":[{"name":"wp","href":"https:\/\/api.w.org\/{rel}","templated":true}]}}