{"id":11235,"date":"2025-08-05T06:40:08","date_gmt":"2025-08-05T05:40:08","guid":{"rendered":"https:\/\/blogs.diariovasco.com\/apartirdelos50\/?p=11235"},"modified":"2025-08-05T06:41:30","modified_gmt":"2025-08-05T05:41:30","slug":"el-peor-verano-de-mi-vida","status":"publish","type":"post","link":"https:\/\/blogs.diariovasco.com\/apartirdelos50\/2025\/08\/05\/el-peor-verano-de-mi-vida\/","title":{"rendered":"El peor verano de mi vida"},"content":{"rendered":"<p><a href=\"https:\/\/static-blogs.diariovasco.com\/wp-content\/uploads\/sites\/19\/2025\/08\/Carrito-de-la-compra.jpg\"><img loading=\"lazy\" class=\"aligncenter size-large wp-image-11237\" src=\"https:\/\/static-blogs.diariovasco.com\/wp-content\/uploads\/sites\/19\/2025\/08\/Carrito-de-la-compra-576x1024.jpg\" alt=\"\" width=\"576\" height=\"1024\" srcset=\"https:\/\/static-blogs.diariovasco.com\/wp-content\/uploads\/sites\/19\/2025\/08\/Carrito-de-la-compra-576x1024.jpg 576w, https:\/\/static-blogs.diariovasco.com\/wp-content\/uploads\/sites\/19\/2025\/08\/Carrito-de-la-compra-169x300.jpg 169w, https:\/\/static-blogs.diariovasco.com\/wp-content\/uploads\/sites\/19\/2025\/08\/Carrito-de-la-compra-768x1365.jpg 768w, https:\/\/static-blogs.diariovasco.com\/wp-content\/uploads\/sites\/19\/2025\/08\/Carrito-de-la-compra-864x1536.jpg 864w, https:\/\/static-blogs.diariovasco.com\/wp-content\/uploads\/sites\/19\/2025\/08\/Carrito-de-la-compra.jpg 1080w\" sizes=\"(max-width: 576px) 100vw, 576px\" \/><\/a><\/p>\n<p>El d\u00eda 20 de Junio regres\u00e9 a mi hogar donostiarra despu\u00e9s de un retiro de un mes en \u201cmi otro mar\u201d. Aparqu\u00e9 el coche frente al Eroski City de mi barrio, descargu\u00e9 los b\u00e1rtulos y volv\u00ed a bajar, carrito de la compra en ristre, para quitar las telara\u00f1as del frigor\u00edfico con la t\u00edpica compra b\u00e1sica de supervivencia estival: huevos, fruta, verduras, cervezas\u2026esas cosas. Pero al salir del s\u00faper me qued\u00e9 petrificada: bajo los arcos de la plaza, docenas de personas tiradas por el suelo me miraban haciendo como que no me quer\u00edan mirar.<\/p>\n<p>Personas de raza negra, negr\u00edsima.<\/p>\n<p>Sub\u00ed a casa y quise darle sentido al poco amable espect\u00e1culo mientras acomodaba las viandas en su sitio. Como me gusta m\u00e1s preguntar que imaginar, baj\u00e9 de nuevo a la calle, me dirig\u00ed a los soportales en cuesti\u00f3n y con voz cautelosa, pregunt\u00e9. Ellos hablaban franc\u00e9s y yo tambi\u00e9n, as\u00ed que enseguida supe origen, causas, motivos y objetivos.<\/p>\n<p>S\u00ed, los migrantes huidos de la guerra de su pa\u00eds, Mali, a los que el Ayuntamiento ha \u201cinvitado\u201d a acampar en la pura calle \u2013salt\u00e1ndose sus propias normas y leyes- en la cercan\u00eda de la oficina del CEAR (Centro Espa\u00f1ol de Acogida al Refugiado) a la espera de poder conseguir una cita telef\u00f3nica con Extranjer\u00eda\/Inmigraci\u00f3n\u2013en la Polic\u00eda Nacional- y as\u00ed comenzar el farragoso y largu\u00edsimo proceso de obtenci\u00f3n del estatus de refugiado de guerra, asilo pol\u00edtico o como le quieran llamar a unos papeles que permita a estos migrantes residir en nuestro pa\u00eds, buscar un trabajo y empezar una nueva vida.<\/p>\n<p>Estaban sobre cartones, tirados en el suelo, con lo puesto y alguna bolsa o peque\u00f1a maleta donde, intu\u00ed, guardaban su pasado y sus parcas esperanzas.<\/p>\n<p><a href=\"https:\/\/static-blogs.diariovasco.com\/wp-content\/uploads\/sites\/19\/2025\/01\/A-partir-de-los-50.jpg\"><img loading=\"lazy\" class=\"alignleft size-medium wp-image-10784\" src=\"https:\/\/static-blogs.diariovasco.com\/wp-content\/uploads\/sites\/19\/2025\/01\/A-partir-de-los-50-300x225.jpg\" alt=\"\" width=\"300\" height=\"225\" srcset=\"https:\/\/static-blogs.diariovasco.com\/wp-content\/uploads\/sites\/19\/2025\/01\/A-partir-de-los-50-300x225.jpg 300w, https:\/\/static-blogs.diariovasco.com\/wp-content\/uploads\/sites\/19\/2025\/01\/A-partir-de-los-50.jpg 719w\" sizes=\"(max-width: 300px) 100vw, 300px\" \/><\/a>Les pregunt\u00e9 si les hac\u00eda falta comida -\u00a1comida!!!- y me dijeron que s\u00ed, que por favor, que algunas vecinas les daban alg\u00fan caf\u00e9 o fruta\u2026 quiz\u00e1s como respuesta a unos carteles que vi pegados en las paredes del barrio invitando a ayudar a \u201clos nuevos vecinos\u201d. Antes de que las neuronas se me hicieran gelatina empezaron a hervir. Como soy de impulsos \u2013y as\u00ed lo he pagado toda mi vida- me acerqu\u00e9 a una se\u00f1ora que iba con unas barras de pan repartiendo latas de sardinas y bananas. Poca cosa, -lo que le cab\u00eda en el carro- y le pregunt\u00e9 y me cont\u00f3 y me qued\u00e9 espeluznada.<\/p>\n<p>Parece ser que el Ayuntamiento \u201cno sabe no contesta\u201d, los municipales vienen d\u00eda s\u00ed y d\u00eda tambi\u00e9n por las quejas de los vecinos, el servicio de limpieza los desaloja a las ocho de la ma\u00f1ana con sus chorros de agua y a los diez minutos ya vuelven a poner sus colchones, mantas, sillas rotas y apa\u00f1os diversos en su sitio.<\/p>\n<p>Desde que comenz\u00f3 este verano, el que est\u00e1 siendo hasta ahora el peor de mi vida, colaboro con una serie de personas voluntarias del barrio, en la peque\u00f1a tarea de llevar a esta plaza el desayuno todos los d\u00edas, sin faltar ni uno.<\/p>\n<p>Empezamos rasc\u00e1ndonos el bolsillo propio; enseguida apoyaron amigos y familiares. Los vecinos, unos s\u00ed y otros no, pero el caso es que llevamos ya entregados una media de 300 desayunos a la semana, unos 42 desayunos al d\u00eda; no gran cosa, media barra de pan, una lata de sardinas, leche, una pieza de fruta\u2026 lo que buenamente se puede.<\/p>\n<p>A base de protestar, de echar quejas en el buz\u00f3n del ciudadano del Ayuntamiento; a base de que se nos viera, se han unido otras manos a ayudar, como el Banco de Alimentos que nos da lo que tiene despu\u00e9s de surtir a las \u201cCenas Solidarias\u201d que existen en esta ciudad desde hace a\u00f1os.<\/p>\n<p>Pero el \u201cfondo\u201d para los desayunos, esa carterita que llevo en el bolso como oro en pa\u00f1o, se llena con donativos personales, individuales, de personas humanas que pasan por all\u00ed, nos ven, se acercan, preguntan y acaban d\u00e1ndonos un billete para \u201ccolaborar\u201d. Nada oficial ni institucional.<\/p>\n<p>Se constituy\u00f3 una plataforma compuesta por varias asociaciones del barrio para intentar buscar una salida burocr\u00e1tico\/pol\u00edtica a esta vergonzante situaci\u00f3n. S\u00e9 que van a reuniones, hablan con personas, aporrean puertas.<\/p>\n<p>Pero lo que tambi\u00e9n s\u00e9 es que la situaci\u00f3n sigue igual: los malienses en la calle, al fresco de la madrugada, al relente de la noche, al viento que mueve la lluvia cuando no deja de llover.<\/p>\n<p>Despu\u00e9s de tres meses que llevan en situaci\u00f3n de calle\u2026he le\u00eddo en los medios unas cuantas noticias falsas, s\u00ed, eso que se llama \u201cfake news\u201d: que si se han llevado a treinta y se van a llevar a todos, que si la Delegada del Gobierno ha dicho que va a intentar algo, que si en la Diputaci\u00f3n est\u00e1n tomando conciencia, y sobre todo, que el Ayuntamiento \u201cest\u00e1 en ello\u201d aunque nadie sepa qu\u00e9 pu\u00f1etas significa eso.<\/p>\n<p>Este verano est\u00e1 siendo feo, fe\u00edsimo para m\u00ed y para tantas personas que conforman la red solidaria ciudadana, personas voluntarias que est\u00e1n ayudando a los migrantes en todo lo que pueden, en todo lo que podemos.<\/p>\n<p>Y es cansado, frustrante y comienza a ser desesperante.<\/p>\n<p>La indignidad de la situaci\u00f3n est\u00e1 comenzando a polarizar al barrio: unos quieren que \u201cse los lleven\u201d y otros queremos que se les d\u00e9 la oportunidad de reivindicar su dignidad y accedan a los Derechos Humanos frente a la emigraci\u00f3n vigentes en este pa\u00eds y en este, nuestro barrio.<\/p>\n<p>Estoy cansada, cansad\u00edsima, de \u201cpelear\u201d contra la desidia, la indiferencia, las mentiras y el postureo que rodea esta situaci\u00f3n \u201cde calle\u201d. Vinieron los medios a filmar y entrevistar cuando se hizo una comida solidaria y otro d\u00eda los malienses dieron un concierto en la plaza. Unos cuantos titulares para rellenar las noticias\u2026 y nada m\u00e1s.<\/p>\n<p>Aqu\u00ed seguimos, aqu\u00ed siguen, con la tristeza plantada en sus ojos, la depresi\u00f3n aflorando por todas las esquinas de su malvivir. Est\u00e1n empezando a enfermar -\u00a1c\u00f3mo no!- y excepto situaci\u00f3n grave, que ha producido una hospitalizaci\u00f3n de urgencia, no tienen m\u00e1s atenci\u00f3n m\u00e9dica que los paracetamoles e ibuprofenos que les damos los vecinos cuando se quejan de\u2026que les duele todo.<\/p>\n<p>Este es mi desahogo y al que no le guste que no lo lea. Pero tambi\u00e9n tengo derecho a contar el que est\u00e1 siendo \u201cel peor verano de mi vida.\u201d<\/p>\n<p>Y lo de \u201cfelices los felices\u201d\u2026es una tonter\u00eda como la copa de un pino, por lo menos en este caso.<\/p>\n<p>LaAlquimista<\/p>\n<p>Te invito a visitar mi p\u00e1gina en Facebook.<\/p>\n<p><a href=\"https:\/\/www.facebook.com\/apartirdelos50\/\" rel=\"external nofollow\">https:\/\/www.facebook.com\/apartirdelos50\/<\/a><\/p>\n<p><em>Por si alguien desea contactar:<\/em><\/p>\n<p><a href=\"mailto:apartirdeloscincuenta@gmail.com\">apartirdeloscincuenta@gmail.com<\/a><\/p>\n<p>&nbsp;<\/p>\n<!-- AddThis Advanced Settings generic via filter on the_content --><!-- AddThis Share Buttons generic via filter on the_content -->","protected":false},"excerpt":{"rendered":"<p>El d\u00eda 20 de Junio regres\u00e9 a mi hogar donostiarra despu\u00e9s de un retiro de un mes en \u201cmi otro mar\u201d. Aparqu\u00e9 el coche frente al Eroski City de mi barrio, descargu\u00e9 los b\u00e1rtulos y volv\u00ed a bajar, carrito de la compra en ristre, para quitar las telara\u00f1as del frigor\u00edfico con la t\u00edpica compra b\u00e1sica [&hellip;]<!-- AddThis Advanced Settings generic via filter on get_the_excerpt --><!-- AddThis Share Buttons generic via filter on get_the_excerpt --><\/p>\n","protected":false},"author":34,"featured_media":0,"comment_status":"open","ping_status":"closed","sticky":false,"template":"","format":"standard","meta":[],"categories":[2],"tags":[406,1569,265],"_links":{"self":[{"href":"https:\/\/blogs.diariovasco.com\/apartirdelos50\/wp-json\/wp\/v2\/posts\/11235"}],"collection":[{"href":"https:\/\/blogs.diariovasco.com\/apartirdelos50\/wp-json\/wp\/v2\/posts"}],"about":[{"href":"https:\/\/blogs.diariovasco.com\/apartirdelos50\/wp-json\/wp\/v2\/types\/post"}],"author":[{"embeddable":true,"href":"https:\/\/blogs.diariovasco.com\/apartirdelos50\/wp-json\/wp\/v2\/users\/34"}],"replies":[{"embeddable":true,"href":"https:\/\/blogs.diariovasco.com\/apartirdelos50\/wp-json\/wp\/v2\/comments?post=11235"}],"version-history":[{"count":3,"href":"https:\/\/blogs.diariovasco.com\/apartirdelos50\/wp-json\/wp\/v2\/posts\/11235\/revisions"}],"predecessor-version":[{"id":11239,"href":"https:\/\/blogs.diariovasco.com\/apartirdelos50\/wp-json\/wp\/v2\/posts\/11235\/revisions\/11239"}],"wp:attachment":[{"href":"https:\/\/blogs.diariovasco.com\/apartirdelos50\/wp-json\/wp\/v2\/media?parent=11235"}],"wp:term":[{"taxonomy":"category","embeddable":true,"href":"https:\/\/blogs.diariovasco.com\/apartirdelos50\/wp-json\/wp\/v2\/categories?post=11235"},{"taxonomy":"post_tag","embeddable":true,"href":"https:\/\/blogs.diariovasco.com\/apartirdelos50\/wp-json\/wp\/v2\/tags?post=11235"}],"curies":[{"name":"wp","href":"https:\/\/api.w.org\/{rel}","templated":true}]}}