{"id":11296,"date":"2025-09-09T06:42:53","date_gmt":"2025-09-09T05:42:53","guid":{"rendered":"https:\/\/blogs.diariovasco.com\/apartirdelos50\/?p=11296"},"modified":"2025-09-08T08:51:20","modified_gmt":"2025-09-08T07:51:20","slug":"nosotros-les-hemos-ensenado-a-beber","status":"publish","type":"post","link":"https:\/\/blogs.diariovasco.com\/apartirdelos50\/2025\/09\/09\/nosotros-les-hemos-ensenado-a-beber\/","title":{"rendered":"Nosotros les hemos ense\u00f1ado a beber"},"content":{"rendered":"<p><a href=\"https:\/\/static-blogs.diariovasco.com\/wp-content\/uploads\/sites\/19\/2025\/09\/JBELYSFAEJHHE2ONFB3JRK53IU.jpg\"><img loading=\"lazy\" class=\"aligncenter size-full wp-image-11298\" src=\"https:\/\/static-blogs.diariovasco.com\/wp-content\/uploads\/sites\/19\/2025\/09\/JBELYSFAEJHHE2ONFB3JRK53IU.jpg\" alt=\"\" width=\"980\" height=\"980\" srcset=\"https:\/\/static-blogs.diariovasco.com\/wp-content\/uploads\/sites\/19\/2025\/09\/JBELYSFAEJHHE2ONFB3JRK53IU.jpg 980w, https:\/\/static-blogs.diariovasco.com\/wp-content\/uploads\/sites\/19\/2025\/09\/JBELYSFAEJHHE2ONFB3JRK53IU-300x300.jpg 300w, https:\/\/static-blogs.diariovasco.com\/wp-content\/uploads\/sites\/19\/2025\/09\/JBELYSFAEJHHE2ONFB3JRK53IU-150x150.jpg 150w, https:\/\/static-blogs.diariovasco.com\/wp-content\/uploads\/sites\/19\/2025\/09\/JBELYSFAEJHHE2ONFB3JRK53IU-768x768.jpg 768w\" sizes=\"(max-width: 980px) 100vw, 980px\" \/><\/a><\/p>\n<p>Cuando se llega a cierta edad uno de los errores m\u00e1s comunes es creer que \u00a0\u201cse est\u00e1 de vuelta de todo\u201d, que ya se ha recorrido lo m\u00e1s abrupto del camino y que uno se las sabe todas, que conoce lo que hay que conocer y se tiene el derecho a juzgar lo que haya que juzgar. Pues no, craso error. Los usos sociales cambian a un ritmo vertiginoso y somos incapaces \u2013nadie es capaz, ni siquiera los soci\u00f3logos ni los m\u00e1s enterados- de gestionar adecuadamente lo que se nos viene encima.<\/p>\n<p>Este proleg\u00f3meno viene al caso de cuando hablaba con gente de mi edad con hijos entre quince y treinta a\u00f1os del uso del alcohol por parte de la juventud. Sol\u00eda pecar de sincera y casi siempre resultaba que mis hijas eran las \u00fanicas bebedoras sociales o de fin de semana. Escuchaba con demasiada frecuencia la frase: \u201cpues mi hijo no bebe; ni fuma.\u201d Ah, pensaba, qu\u00e9 suerte tienen algunos\u2026<\/p>\n<p>\u00bfPor qu\u00e9 beben nuestros hijos? La respuesta m\u00e1s simple es porque nos han visto beber a los padres. Poco o mucho, la ingesta de alcohol est\u00e1 presente en todas las celebraciones familiares, amistosas y de compromiso. El alcohol es barato, barat\u00edsimo (en comparaci\u00f3n con otros pa\u00edses) y est\u00e1 al alcance de cualquiera con un DNI suficiente. Ellos, nuestros hijos, los que ahora ya no son tan j\u00f3venes, nos han visto con una copa en la mano desde que tienen memoria porque estamos brindando en todas las fotos; excepciones las hay, por supuesto, pero poco cuentan.<\/p>\n<p>Yo les pregunto, a esos j\u00f3venes a los que tengo acceso, cu\u00e1l es el motivo de su exagerada e imprudente ingesta de alcohol. Esas botellas de vodka, ginebra, whisky y ron que cuestan lo mismo que un bocata\u2026 \u00bfqu\u00e9 veneno contienen? \u00bfNo les importa acaso meterse entre pecho y espalda qu\u00edmica pura y dura de a cinco euros el litro?<br \/>\nLas respuestas son variadas e insuficientes: porque lo hace todo el mundo, porque \u00bfqu\u00e9 otra cosa van a hacer para divertirse?, \u00bfpreferir\u00edas que nos meti\u00e9ramos algo m\u00e1s fuerte? o \u00bfqu\u00e9 hac\u00edas t\u00fa a nuestra edad\u2026?<\/p>\n<p><a href=\"https:\/\/static-blogs.diariovasco.com\/wp-content\/uploads\/sites\/19\/2025\/01\/A-partir-de-los-50-2.jpg\"><img loading=\"lazy\" class=\"alignleft size-medium wp-image-10796\" src=\"https:\/\/static-blogs.diariovasco.com\/wp-content\/uploads\/sites\/19\/2025\/01\/A-partir-de-los-50-2-300x300.jpg\" alt=\"\" width=\"300\" height=\"300\" srcset=\"https:\/\/static-blogs.diariovasco.com\/wp-content\/uploads\/sites\/19\/2025\/01\/A-partir-de-los-50-2-300x300.jpg 300w, https:\/\/static-blogs.diariovasco.com\/wp-content\/uploads\/sites\/19\/2025\/01\/A-partir-de-los-50-2-150x150.jpg 150w, https:\/\/static-blogs.diariovasco.com\/wp-content\/uploads\/sites\/19\/2025\/01\/A-partir-de-los-50-2.jpg 524w\" sizes=\"(max-width: 300px) 100vw, 300px\" \/><\/a>A su edad yo\u2026nosotros\u2026est\u00e1bamos igual de desorientados, confusos, dolidos e insatisfechos de la vida que atisb\u00e1bamos se nos presentaba por delante. Cre\u00edamos que nuestros mayores nos hab\u00edan dejado un mundo tocado del ala, da\u00f1ado en sus cimientos, sin inquietudes, y que \u00edbamos a tener que dejarnos la piel en levantarlo. Y es cierto que nos hemos dejado la piel. En los \u00faltimos treinta a\u00f1os hemos convertido un proyecto vital \u00fanico en un fracaso vital colectivo. Y nuestros hijos nos miran con el rabillo del ojo conscientes de que no podemos echarles ya nada m\u00e1s en cara; que la responsabilidad tambi\u00e9n es nuestra. Hemos construido un mundo fallido y se lo dejamos en herencia, a veces, incluso con hipoteca de por medio.<\/p>\n<p>As\u00ed que van y se toman sus copas tan tranquilos. O no.<\/p>\n<p>LaAlquimista<\/p>\n<p>Te invito a visitar mi p\u00e1gina en Facebook.<\/p>\n<p><a href=\"https:\/\/www.facebook.com\/apartirdelos50\/\" rel=\"external nofollow\">https:\/\/www.facebook.com\/apartirdelos50\/<\/a><\/p>\n<p><em>Por si alguien desea contactar:<\/em><\/p>\n<p><a href=\"mailto:apartirdeloscincuenta@gmail.com\">apartirdeloscincuenta@gmail.com<\/a><\/p>\n<p>&nbsp;<\/p>\n<p>&nbsp;<\/p>\n<!-- AddThis Advanced Settings generic via filter on the_content --><!-- AddThis Share Buttons generic via filter on the_content -->","protected":false},"excerpt":{"rendered":"<p>Cuando se llega a cierta edad uno de los errores m\u00e1s comunes es creer que \u00a0\u201cse est\u00e1 de vuelta de todo\u201d, que ya se ha recorrido lo m\u00e1s abrupto del camino y que uno se las sabe todas, que conoce lo que hay que conocer y se tiene el derecho a juzgar lo que haya [&hellip;]<!-- AddThis Advanced Settings generic via filter on get_the_excerpt --><!-- AddThis Share Buttons generic via filter on get_the_excerpt --><\/p>\n","protected":false},"author":34,"featured_media":0,"comment_status":"open","ping_status":"closed","sticky":false,"template":"","format":"standard","meta":[],"categories":[9,2],"tags":[],"_links":{"self":[{"href":"https:\/\/blogs.diariovasco.com\/apartirdelos50\/wp-json\/wp\/v2\/posts\/11296"}],"collection":[{"href":"https:\/\/blogs.diariovasco.com\/apartirdelos50\/wp-json\/wp\/v2\/posts"}],"about":[{"href":"https:\/\/blogs.diariovasco.com\/apartirdelos50\/wp-json\/wp\/v2\/types\/post"}],"author":[{"embeddable":true,"href":"https:\/\/blogs.diariovasco.com\/apartirdelos50\/wp-json\/wp\/v2\/users\/34"}],"replies":[{"embeddable":true,"href":"https:\/\/blogs.diariovasco.com\/apartirdelos50\/wp-json\/wp\/v2\/comments?post=11296"}],"version-history":[{"count":3,"href":"https:\/\/blogs.diariovasco.com\/apartirdelos50\/wp-json\/wp\/v2\/posts\/11296\/revisions"}],"predecessor-version":[{"id":11300,"href":"https:\/\/blogs.diariovasco.com\/apartirdelos50\/wp-json\/wp\/v2\/posts\/11296\/revisions\/11300"}],"wp:attachment":[{"href":"https:\/\/blogs.diariovasco.com\/apartirdelos50\/wp-json\/wp\/v2\/media?parent=11296"}],"wp:term":[{"taxonomy":"category","embeddable":true,"href":"https:\/\/blogs.diariovasco.com\/apartirdelos50\/wp-json\/wp\/v2\/categories?post=11296"},{"taxonomy":"post_tag","embeddable":true,"href":"https:\/\/blogs.diariovasco.com\/apartirdelos50\/wp-json\/wp\/v2\/tags?post=11296"}],"curies":[{"name":"wp","href":"https:\/\/api.w.org\/{rel}","templated":true}]}}