{"id":11301,"date":"2025-09-12T07:15:06","date_gmt":"2025-09-12T06:15:06","guid":{"rendered":"https:\/\/blogs.diariovasco.com\/apartirdelos50\/?p=11301"},"modified":"2025-09-12T07:15:06","modified_gmt":"2025-09-12T06:15:06","slug":"que-pase-la-vida-que-pase","status":"publish","type":"post","link":"https:\/\/blogs.diariovasco.com\/apartirdelos50\/2025\/09\/12\/que-pase-la-vida-que-pase\/","title":{"rendered":"Que pase la vida, que pase"},"content":{"rendered":"<p><a href=\"https:\/\/static-blogs.diariovasco.com\/wp-content\/uploads\/sites\/19\/2024\/10\/69-4.jpg\"><img loading=\"lazy\" class=\"aligncenter size-full wp-image-10324\" src=\"https:\/\/static-blogs.diariovasco.com\/wp-content\/uploads\/sites\/19\/2024\/10\/69-4.jpg\" alt=\"\" width=\"704\" height=\"396\" srcset=\"https:\/\/static-blogs.diariovasco.com\/wp-content\/uploads\/sites\/19\/2024\/10\/69-4.jpg 704w, https:\/\/static-blogs.diariovasco.com\/wp-content\/uploads\/sites\/19\/2024\/10\/69-4-300x169.jpg 300w\" sizes=\"(max-width: 704px) 100vw, 704px\" \/><\/a><\/p>\n<p>Las grandes revelaciones no ocurren de repente ni sobrevienen inspiraciones divinas en forma de llamas de fuego que iluminen la parte en sombra de la mente; se labran durante a\u00f1os los surcos necesarios para recibir la simiente, se espera el riego, el sol, el fruto. Y, a veces, germina \u2013la revelaci\u00f3n- y otras \u2013la mayor\u00eda- se queda la tierra bald\u00eda, yerma, como tantas vidas.<\/p>\n<p>En eso pienso ahora, tranquila en la ma\u00f1ana de un d\u00eda especial, sin sobresaltos, que me acoge mucho m\u00e1s como regalo que como rutina. Estoy en casa, tranquila, cuidando a la perrita Gaia, con la agenda justita de citas, compromisos o cosas que hab\u00eda decidido que \u201cten\u00eda que hacer\u201d; poca gente con quien estar, menos libros que leer, algunas reflexiones para volcar en palabras\u2026 pero reducidos los planes, los proyectos y, sobre todo, las \u00a0expectativas. S\u00e9 que necesito otro par\u00f3n \u00fd sentarme tranquila con la taza de t\u00e9 humeante junto a la ventana y mirar pasar las nubes, las horas incluso, en una no-actividad de vivir y sentir el momento presente, sin otra necesidad, aparte de que se alejen de una vez ciertos dolores, algunas molestias. Estoy cansada, el verano me ha dejado exhausta.<\/p>\n<p>Dejar la vida pasar observ\u00e1ndola c\u00f3mo se comporta; mirando y viendo, oyendo y escuchando, sintiendo y padeciendo, todo junto en el mismo c\u00edrculo pero separado por las emociones. Quiz\u00e1s algo de tristeza por lo que se perdi\u00f3 \u2013porque siempre se pierde alguna apuesta-, pero sin darle demasiada importancia.<\/p>\n<p>Dejar la vida pasar sin empe\u00f1arme en conseguir cosas. \u00bfQu\u00e9 importancia tendr\u00e1 a fin de cuentas que est\u00e9 todo ordenado y en su sitio si no somos m\u00e1s que juguetes del azar? \u00bfPara qu\u00e9 luchar y sufrir queriendo conseguir caricias que no est\u00e1n hechas para nosotros? Ni el dinero ni el amor hacen una vida plenamente satisfactoria ya que siempre nos empe\u00f1aremos en buscarle tres pies al gato para tener algo de lo que quejarnos; nosotros mismos nos ponemos palos en las ruedas, seamos sinceros.<\/p>\n<p><a href=\"https:\/\/static-blogs.diariovasco.com\/wp-content\/uploads\/sites\/19\/2024\/12\/A-partir-de-los-50.jpg\"><img loading=\"lazy\" class=\"aligncenter size-medium wp-image-10582\" src=\"https:\/\/static-blogs.diariovasco.com\/wp-content\/uploads\/sites\/19\/2024\/12\/A-partir-de-los-50-300x225.jpg\" alt=\"\" width=\"300\" height=\"225\" srcset=\"https:\/\/static-blogs.diariovasco.com\/wp-content\/uploads\/sites\/19\/2024\/12\/A-partir-de-los-50-300x225.jpg 300w, https:\/\/static-blogs.diariovasco.com\/wp-content\/uploads\/sites\/19\/2024\/12\/A-partir-de-los-50.jpg 719w\" sizes=\"(max-width: 300px) 100vw, 300px\" \/><\/a>Que la vida pase a nuestro lado sin arrastrarnos en ninguna avalancha; que nos sea dado el privilegio de ser espectadores reflexivos y, cuando llegue el momento, seres humanos activos y, entonces s\u00ed, hacer lo que tengamos que hacer volc\u00e1ndonos en ello con la conciencia del trabajo hecho lo mejor posible.<\/p>\n<p>Decir adi\u00f3s sin pena a quienes ya hace tiempo se alejaron, desprenderse de los \u00faltimos rencores que daban vueltas por ah\u00ed y dejar que las vidas, todas, la propia y las ajenas, sigan su caminar sin que la ruta elegida nos haga da\u00f1o alguno.<\/p>\n<p>Que todos puedan ser felices a su manera. Y yo, a la m\u00eda. Es mi prop\u00f3sito de hoy, poco m\u00e1s deseo.<\/p>\n<p>Felices los felices.<\/p>\n<p>LaAlquimista<\/p>\n<p>Te invito a visitar mi p\u00e1gina en Facebook.<\/p>\n<p><a href=\"https:\/\/www.facebook.com\/apartirdelos50\/\" rel=\"external nofollow\">https:\/\/www.facebook.com\/apartirdelos50\/<\/a><\/p>\n<p><em>Por si alguien desea contactar:<\/em><\/p>\n<p><a href=\"mailto:apartirdeloscincuenta@gmail.com\">apartirdeloscincuenta@gmail.com<\/a><\/p>\n<p>&nbsp;<\/p>\n<p>&nbsp;<\/p>\n<!-- AddThis Advanced Settings generic via filter on the_content --><!-- AddThis Share Buttons generic via filter on the_content -->","protected":false},"excerpt":{"rendered":"<p>Las grandes revelaciones no ocurren de repente ni sobrevienen inspiraciones divinas en forma de llamas de fuego que iluminen la parte en sombra de la mente; se labran durante a\u00f1os los surcos necesarios para recibir la simiente, se espera el riego, el sol, el fruto. Y, a veces, germina \u2013la revelaci\u00f3n- y otras \u2013la mayor\u00eda- [&hellip;]<!-- AddThis Advanced Settings generic via filter on get_the_excerpt --><!-- AddThis Share Buttons generic via filter on get_the_excerpt --><\/p>\n","protected":false},"author":34,"featured_media":0,"comment_status":"open","ping_status":"closed","sticky":false,"template":"","format":"standard","meta":[],"categories":[9,2],"tags":[],"_links":{"self":[{"href":"https:\/\/blogs.diariovasco.com\/apartirdelos50\/wp-json\/wp\/v2\/posts\/11301"}],"collection":[{"href":"https:\/\/blogs.diariovasco.com\/apartirdelos50\/wp-json\/wp\/v2\/posts"}],"about":[{"href":"https:\/\/blogs.diariovasco.com\/apartirdelos50\/wp-json\/wp\/v2\/types\/post"}],"author":[{"embeddable":true,"href":"https:\/\/blogs.diariovasco.com\/apartirdelos50\/wp-json\/wp\/v2\/users\/34"}],"replies":[{"embeddable":true,"href":"https:\/\/blogs.diariovasco.com\/apartirdelos50\/wp-json\/wp\/v2\/comments?post=11301"}],"version-history":[{"count":1,"href":"https:\/\/blogs.diariovasco.com\/apartirdelos50\/wp-json\/wp\/v2\/posts\/11301\/revisions"}],"predecessor-version":[{"id":11302,"href":"https:\/\/blogs.diariovasco.com\/apartirdelos50\/wp-json\/wp\/v2\/posts\/11301\/revisions\/11302"}],"wp:attachment":[{"href":"https:\/\/blogs.diariovasco.com\/apartirdelos50\/wp-json\/wp\/v2\/media?parent=11301"}],"wp:term":[{"taxonomy":"category","embeddable":true,"href":"https:\/\/blogs.diariovasco.com\/apartirdelos50\/wp-json\/wp\/v2\/categories?post=11301"},{"taxonomy":"post_tag","embeddable":true,"href":"https:\/\/blogs.diariovasco.com\/apartirdelos50\/wp-json\/wp\/v2\/tags?post=11301"}],"curies":[{"name":"wp","href":"https:\/\/api.w.org\/{rel}","templated":true}]}}