{"id":11382,"date":"2025-10-03T06:19:36","date_gmt":"2025-10-03T05:19:36","guid":{"rendered":"https:\/\/blogs.diariovasco.com\/apartirdelos50\/?p=11382"},"modified":"2025-10-02T18:27:59","modified_gmt":"2025-10-02T17:27:59","slug":"la-realidad-como-si-no-pasara-nada","status":"publish","type":"post","link":"https:\/\/blogs.diariovasco.com\/apartirdelos50\/2025\/10\/03\/la-realidad-como-si-no-pasara-nada\/","title":{"rendered":"La realidad, &#8220;como si no pasara nada&#8221;"},"content":{"rendered":"<p>&nbsp;<\/p>\n<p><a href=\"https:\/\/static-blogs.diariovasco.com\/wp-content\/uploads\/sites\/19\/2025\/10\/491937938_1237761291685449_1501039847922701933_n.jpg\"><img loading=\"lazy\" class=\"aligncenter size-full wp-image-11384\" src=\"https:\/\/static-blogs.diariovasco.com\/wp-content\/uploads\/sites\/19\/2025\/10\/491937938_1237761291685449_1501039847922701933_n.jpg\" alt=\"\" width=\"1600\" height=\"1200\" srcset=\"https:\/\/static-blogs.diariovasco.com\/wp-content\/uploads\/sites\/19\/2025\/10\/491937938_1237761291685449_1501039847922701933_n.jpg 1600w, https:\/\/static-blogs.diariovasco.com\/wp-content\/uploads\/sites\/19\/2025\/10\/491937938_1237761291685449_1501039847922701933_n-300x225.jpg 300w, https:\/\/static-blogs.diariovasco.com\/wp-content\/uploads\/sites\/19\/2025\/10\/491937938_1237761291685449_1501039847922701933_n-1024x768.jpg 1024w, https:\/\/static-blogs.diariovasco.com\/wp-content\/uploads\/sites\/19\/2025\/10\/491937938_1237761291685449_1501039847922701933_n-768x576.jpg 768w, https:\/\/static-blogs.diariovasco.com\/wp-content\/uploads\/sites\/19\/2025\/10\/491937938_1237761291685449_1501039847922701933_n-1536x1152.jpg 1536w\" sizes=\"(max-width: 1600px) 100vw, 1600px\" \/><\/a><\/p>\n<p>He terminado el mes de septiembre entre las nubes y claros del Mediterr\u00e1neo, apurando al m\u00e1ximo el tiempo que he podido disfrutar de \u201cmi otro mar\u201d porque los due\u00f1os de la casa que alquilo la reclaman y hasta el pr\u00f3ximo mes de Mayo no podr\u00e9 volver a ense\u00f1orearme de la buganvilla, los cipreses, el jazm\u00edn, la terraza, el jard\u00edn, la piscina y la paz que me ofrecen a precio \u201cde amiga\u201d.<\/p>\n<p>&nbsp;<\/p>\n<p><a href=\"https:\/\/static-blogs.diariovasco.com\/wp-content\/uploads\/sites\/19\/2025\/09\/515225086_10161743132652877_2107470525105205167_n.jpg\"><img loading=\"lazy\" class=\"alignleft size-medium wp-image-11377\" src=\"https:\/\/static-blogs.diariovasco.com\/wp-content\/uploads\/sites\/19\/2025\/09\/515225086_10161743132652877_2107470525105205167_n-300x225.jpg\" alt=\"\" width=\"300\" height=\"225\" srcset=\"https:\/\/static-blogs.diariovasco.com\/wp-content\/uploads\/sites\/19\/2025\/09\/515225086_10161743132652877_2107470525105205167_n-300x225.jpg 300w, https:\/\/static-blogs.diariovasco.com\/wp-content\/uploads\/sites\/19\/2025\/09\/515225086_10161743132652877_2107470525105205167_n-1024x768.jpg 1024w, https:\/\/static-blogs.diariovasco.com\/wp-content\/uploads\/sites\/19\/2025\/09\/515225086_10161743132652877_2107470525105205167_n-768x576.jpg 768w, https:\/\/static-blogs.diariovasco.com\/wp-content\/uploads\/sites\/19\/2025\/09\/515225086_10161743132652877_2107470525105205167_n-1536x1152.jpg 1536w, https:\/\/static-blogs.diariovasco.com\/wp-content\/uploads\/sites\/19\/2025\/09\/515225086_10161743132652877_2107470525105205167_n.jpg 2048w\" sizes=\"(max-width: 300px) 100vw, 300px\" \/><\/a>En \u201cmi otro mar\u201d no hago nada memorable m\u00e1s all\u00e1 de disfrutar de la luz esplendorosa de la playa al amanecer y la que ya se ha vuelto amarillenta en el porche al atardecer. M\u00e1s de doce horas al aire libre, algo que hace mi vida casi feliz. Sin embargo y para mi verg\u00fcenza, no he hecho en estas semanas nada por ayudar a que este mundo no se desmorone, soy una espectadora muda e impactada por la convulsi\u00f3n que invade al planeta Tierra \u2013como un guion de Marvel- y que me hunde en la miseria emocional al ver c\u00f3mo nos dirigimos al abismo empujados a patadas por los \u201cl\u00edderes salvadores\u201d de la pol\u00edtica.<\/p>\n<p>La pol\u00edtica. Esa es otra. \u00bfC\u00f3mo desinteresarse de los acontecimientos que est\u00e1n en estos momentos marcando nuestro destino de manera ineluctable? \u00bfC\u00f3mo asistir impasible al espect\u00e1culo cruento \u2013cruento viene de sangre- sabiendo que no puedo hacer nada por detenerlo? Los \u00fanicos con poder para cambiar el rumbo de esta nave escorada son, precisamente, los pol\u00edticos y no veo que se lo tomen demasiado en serio m\u00e1s all\u00e1 de algunos discursos engolados con el pu\u00f1o en alto pero que se desinflan como un globo con escape de helio.<\/p>\n<p><a href=\"https:\/\/static-blogs.diariovasco.com\/wp-content\/uploads\/sites\/19\/2025\/07\/Lluvia-mananera.jpg\"><img loading=\"lazy\" class=\"alignright size-medium wp-image-11211\" src=\"https:\/\/static-blogs.diariovasco.com\/wp-content\/uploads\/sites\/19\/2025\/07\/Lluvia-mananera-300x225.jpg\" alt=\"\" width=\"300\" height=\"225\" srcset=\"https:\/\/static-blogs.diariovasco.com\/wp-content\/uploads\/sites\/19\/2025\/07\/Lluvia-mananera-300x225.jpg 300w, https:\/\/static-blogs.diariovasco.com\/wp-content\/uploads\/sites\/19\/2025\/07\/Lluvia-mananera-1024x768.jpg 1024w, https:\/\/static-blogs.diariovasco.com\/wp-content\/uploads\/sites\/19\/2025\/07\/Lluvia-mananera-768x576.jpg 768w, https:\/\/static-blogs.diariovasco.com\/wp-content\/uploads\/sites\/19\/2025\/07\/Lluvia-mananera.jpg 1280w\" sizes=\"(max-width: 300px) 100vw, 300px\" \/><\/a>Mientras tanto, yo, una mujer jubilada que no tiene nada mejor que hacer con su vida, se ha ido a pasear en silencio por la orilla del mar dejando que el esp\u00edritu baile con la brisa y la mente no se atore entre los argumentos de unos y de otros. Hago como hacen los dem\u00e1s: como si no pasara nada, o como si lo que pasa no tuviera nada que ver conmigo. Sigo girando alrededor de mi propio ombligo, como es costumbre en mi entorno.<\/p>\n<p>Que est\u00e9n bien mis hijas, que no les falte trabajo, que no me pille un coche o me nazca un tumor maligno. Que no me asalten cuando voy al cajero, que no me tropiece con alguien desgraciado que necesite darme una paliza para poder comer; por eso llevo siempre dinero en efectivo encima, porque un billete de cincuenta euros puede salvarme la vida en caso de atraco a mano armada.<\/p>\n<p>Vivo la vida dej\u00e1ndome vivir, pero no me siento precisamente orgullosa por ello. Procuro no meterme con nadie y voy reduciendo poco a poco mi c\u00edrculo social superficial a la vez que atesoro relaciones con las que puedo compartir mis inquietudes y los dos o tres sue\u00f1os que se resisten a morir.<\/p>\n<p>Voy tomando conciencia \u2013con angustia creciente- de que nadie me necesita a menos de quinientos kil\u00f3metros a la redonda porque cada quien tiene sus propios e imprescindibles apoyos. Saberse prescindible es todo un aprendizaje, quiz\u00e1s de los m\u00e1s duros que hay en esta vida.<\/p>\n<p><a href=\"https:\/\/static-blogs.diariovasco.com\/wp-content\/uploads\/sites\/19\/2025\/10\/514560335_10161742523182877_8314388324572712479_n.jpg\"><img loading=\"lazy\" class=\"alignleft size-medium wp-image-11386\" src=\"https:\/\/static-blogs.diariovasco.com\/wp-content\/uploads\/sites\/19\/2025\/10\/514560335_10161742523182877_8314388324572712479_n-300x225.jpg\" alt=\"\" width=\"300\" height=\"225\" srcset=\"https:\/\/static-blogs.diariovasco.com\/wp-content\/uploads\/sites\/19\/2025\/10\/514560335_10161742523182877_8314388324572712479_n-300x225.jpg 300w, https:\/\/static-blogs.diariovasco.com\/wp-content\/uploads\/sites\/19\/2025\/10\/514560335_10161742523182877_8314388324572712479_n-768x576.jpg 768w, https:\/\/static-blogs.diariovasco.com\/wp-content\/uploads\/sites\/19\/2025\/10\/514560335_10161742523182877_8314388324572712479_n.jpg 960w\" sizes=\"(max-width: 300px) 100vw, 300px\" \/><\/a>Por \u00faltima vez, como despedida, volv\u00ed a meter los pies en el agua en un largo paseo y me sumerg\u00ed de cuerpo entero en una especie de bautismo que, me gust\u00f3 imaginar, limpi\u00f3 mi \u00e1nimo de tantos \u201cpecados originales\u201d. Al regreso, \u00a0contenta: la ducha caliente, la comida sana, al descanso reconfortante.<\/p>\n<p>Recuerdo el \u00faltimo d\u00eda mientras la vor\u00e1gine me estaba esperando, con un voraz reclamo, porque no tengo otro sitio adonde volver. Y menos mal\u2026<\/p>\n<p>Felices los felices.<\/p>\n<p>LaAlquimista<\/p>\n<p>Te invito a visitar mi p\u00e1gina en Facebook.<\/p>\n<p><a href=\"https:\/\/www.facebook.com\/apartirdelos50\/\" rel=\"external nofollow\">https:\/\/www.facebook.com\/apartirdelos50\/<\/a><\/p>\n<p><em>Por si alguien desea contactar:<\/em><\/p>\n<p><a href=\"mailto:apartirdeloscincuenta@gmail.com\">apartirdeloscincuenta@gmail.com<\/a><\/p>\n<p>&nbsp;<\/p>\n<p>&nbsp;<\/p>\n<p>&nbsp;<\/p>\n<!-- AddThis Advanced Settings generic via filter on the_content --><!-- AddThis Share Buttons generic via filter on the_content -->","protected":false},"excerpt":{"rendered":"<p>&nbsp; He terminado el mes de septiembre entre las nubes y claros del Mediterr\u00e1neo, apurando al m\u00e1ximo el tiempo que he podido disfrutar de \u201cmi otro mar\u201d porque los due\u00f1os de la casa que alquilo la reclaman y hasta el pr\u00f3ximo mes de Mayo no podr\u00e9 volver a ense\u00f1orearme de la buganvilla, los cipreses, el [&hellip;]<!-- AddThis Advanced Settings generic via filter on get_the_excerpt --><!-- AddThis Share Buttons generic via filter on get_the_excerpt --><\/p>\n","protected":false},"author":34,"featured_media":0,"comment_status":"open","ping_status":"closed","sticky":false,"template":"","format":"standard","meta":[],"categories":[2],"tags":[],"_links":{"self":[{"href":"https:\/\/blogs.diariovasco.com\/apartirdelos50\/wp-json\/wp\/v2\/posts\/11382"}],"collection":[{"href":"https:\/\/blogs.diariovasco.com\/apartirdelos50\/wp-json\/wp\/v2\/posts"}],"about":[{"href":"https:\/\/blogs.diariovasco.com\/apartirdelos50\/wp-json\/wp\/v2\/types\/post"}],"author":[{"embeddable":true,"href":"https:\/\/blogs.diariovasco.com\/apartirdelos50\/wp-json\/wp\/v2\/users\/34"}],"replies":[{"embeddable":true,"href":"https:\/\/blogs.diariovasco.com\/apartirdelos50\/wp-json\/wp\/v2\/comments?post=11382"}],"version-history":[{"count":2,"href":"https:\/\/blogs.diariovasco.com\/apartirdelos50\/wp-json\/wp\/v2\/posts\/11382\/revisions"}],"predecessor-version":[{"id":11388,"href":"https:\/\/blogs.diariovasco.com\/apartirdelos50\/wp-json\/wp\/v2\/posts\/11382\/revisions\/11388"}],"wp:attachment":[{"href":"https:\/\/blogs.diariovasco.com\/apartirdelos50\/wp-json\/wp\/v2\/media?parent=11382"}],"wp:term":[{"taxonomy":"category","embeddable":true,"href":"https:\/\/blogs.diariovasco.com\/apartirdelos50\/wp-json\/wp\/v2\/categories?post=11382"},{"taxonomy":"post_tag","embeddable":true,"href":"https:\/\/blogs.diariovasco.com\/apartirdelos50\/wp-json\/wp\/v2\/tags?post=11382"}],"curies":[{"name":"wp","href":"https:\/\/api.w.org\/{rel}","templated":true}]}}