{"id":11390,"date":"2025-10-07T06:11:27","date_gmt":"2025-10-07T05:11:27","guid":{"rendered":"https:\/\/blogs.diariovasco.com\/apartirdelos50\/?p=11390"},"modified":"2025-10-05T08:33:51","modified_gmt":"2025-10-05T07:33:51","slug":"libros-para-el-nuevo-curso","status":"publish","type":"post","link":"https:\/\/blogs.diariovasco.com\/apartirdelos50\/2025\/10\/07\/libros-para-el-nuevo-curso\/","title":{"rendered":"Libros para el nuevo curso"},"content":{"rendered":"<p><a href=\"https:\/\/static-blogs.diariovasco.com\/wp-content\/uploads\/sites\/19\/2025\/10\/lecturas3.jpg\"><img loading=\"lazy\" class=\"aligncenter size-large wp-image-11392\" src=\"https:\/\/static-blogs.diariovasco.com\/wp-content\/uploads\/sites\/19\/2025\/10\/lecturas3-1024x576.jpg\" alt=\"\" width=\"1024\" height=\"576\" srcset=\"https:\/\/static-blogs.diariovasco.com\/wp-content\/uploads\/sites\/19\/2025\/10\/lecturas3-1024x576.jpg 1024w, https:\/\/static-blogs.diariovasco.com\/wp-content\/uploads\/sites\/19\/2025\/10\/lecturas3-300x169.jpg 300w, https:\/\/static-blogs.diariovasco.com\/wp-content\/uploads\/sites\/19\/2025\/10\/lecturas3-768x432.jpg 768w, https:\/\/static-blogs.diariovasco.com\/wp-content\/uploads\/sites\/19\/2025\/10\/lecturas3-1536x864.jpg 1536w, https:\/\/static-blogs.diariovasco.com\/wp-content\/uploads\/sites\/19\/2025\/10\/lecturas3.jpg 1920w\" sizes=\"(max-width: 1024px) 100vw, 1024px\" \/><\/a><\/p>\n<p><em>Andan las editoriales por estas fechas con el aliento partido queriendo vender porque el negocio es el negocio y los libros de texto son una oportunidad sobresaliente. Tambi\u00e9n sacan al mercado lotes de literatura cl\u00e1sica \u2013para que no falte en ninguna casa las obras de Homero y Marco Aurelio aunque luego no las lean ni por casualidad-.<\/em><\/p>\n<p><em>Yo sigo con lo m\u00edo, que es leer en vez de ver la tele, leer en vez de discutir con la pareja, leer no en el tiempo de ocio sino en el \u201ctiempo de lectura\u201d que es algo primordial en mi rutina diaria. Agosto y Septiembre han dado de s\u00ed bastante y a las novedades que salen ahora ya les dar\u00e9 un tiento cuando las compren en la biblioteca, que no est\u00e1 el bolsillo para desperdiciarlo en los perezreverte de turno.<\/em><\/p>\n<p><em>\u00a0<\/em><em><strong><u>Lecturas livianas: para pasar un buen rato y quiz\u00e1s hasta para reflexionar otro rato.<\/u><\/strong><\/em><\/p>\n<p>\u201c<u>Retrato de una mujer moderna<\/u>\u201d de Manuel Vicent. 2022. Castell\u00f3n 1936. 216 p\u00e1ginas<\/p>\n<p>Me gustan mucho las biograf\u00edas y si son noveladas, mucho m\u00e1s. Manuel Vicent es santo de mi devoci\u00f3n as\u00ed que hojeo y ojeo todos sus libros porque no quiero perderme algo bueno por despiste. En este caso el escritor valenciano se sumerge \u2013imaginando mucho- en la vida trapisondista de Concha Piquer; s\u00ed, la famosa cupletista \u201cdel ba\u00fal\u201d que no conocimos los boomers porque naci\u00f3 en 1906, pero fue compa\u00f1era fiel con sus c\u00e1nticos de varias generaciones, las de antes, durante y despu\u00e9s de la guerra civil espa\u00f1ola.\u00a0Ya avisa el autor que \u201calgunas cosas\u201d son inventadas, pero hay circunstancias que no se hubiera permitido dejar de la mano de su imaginaci\u00f3n. Como que a Concha, con diecis\u00e9is a\u00f1os, \u201cse la llevaron\u201d a Nueva York a triunfar y cuando un miembro del elenco la quiso violar en su apartamento, ella le abri\u00f3 la cabeza con una barra de hierro y luego fue la mafia la que se llev\u00f3 el cuerpo, limpi\u00f3 la sangre y aqu\u00ed paz y despu\u00e9s gloria. O que se qued\u00f3 embarazada de su representante Penelles, pari\u00f3 un hijo sin pisar un hospital y luego dej\u00f3 al beb\u00e9 de meses en manos de su madre que se lo llev\u00f3 de vuelta a Valencia. El pobre ni\u00f1o Pasqualet muri\u00f3 sin cumplir un a\u00f1o de meningitis. Todo esto le pas\u00f3 con diecis\u00e9is a\u00f1os y suma y sigue. Parece un culebr\u00f3n inventado, pero mucho me temo que Manuel Vicent se ha limitado a \u201cadornar\u201d los episodios m\u00e1s cruentos y violentos.\u00a0Do\u00f1a Concha Piquer. Vaya mujer.\u00a0 \u00a0 \u00a0 \u00a0 \u00a0 \u00a07\/10<\/p>\n<p>\u201c<u>Solo humo<\/u>\u201d de Juan Jos\u00e9 Mill\u00e1s. 2023 \u2013Valencia, 1946- 180 p\u00e1ginas.<\/p>\n<p>Casi todos los libros de Mill\u00e1s me dejan muy buen sabor de boca. Los que no, es porque se sobrepasa a s\u00ed mismo con ese \u201cmaridaje\u201d entre la realidad y la ficci\u00f3n en el que es maestro consumado.\u00a0Sus personajes transitan por la cuerda floja que lleva el mundo real hasta el reino de los sue\u00f1os y ah\u00ed, el lector consumado, tiene que hacer sus propias filigranas mentales para no caer al abismo novelesco, porque Mill\u00e1s escribe sin red.\u00a0Lo importante para m\u00ed es el deleite durante el tiempo de lectura y el colof\u00f3n final: ese sabor que queda en la boca despu\u00e9s de degustar algo bien cocinado. En este caso, \u201cumami\u201d.\u00a0 \u00a0 \u00a0 \u00a0 \u00a0 \u00a0 \u00a0 \u00a0 \u00a0 \u00a0 \u00a0 \u00a0 \u00a0 \u00a0 \u00a0 \u00a0 \u00a0 \u00a0 7\/10.<\/p>\n<p><u>\u00a0<\/u><u>\u201cL\u00ednea de sucesi\u00f3n<\/u>\u201d de Jeffrey Archer. -2022- Gran Breta\u00f1a 1946 -315 p\u00e1ginas-.<\/p>\n<p>En clave de humor, los personajes archiconocidos de Archer, dicen y hacen tonter\u00edas con la mayor seriedad. Tienen su gracia, sobre todo cuando todo alrededor se siente (des)graciado. El mundo, me refiero. La protagonista es Lady Di y un guardaespaldas al que le vuelve loco con sus escapadas nocturnas. Se supone que todo es inventado\u2026\u00bfo no? Amable lectura para los d\u00edas tranquilos en que es mejor que las neuronas no se hagan gelatina y sobre todo cuando el cuerpo pide reposo y la mente cuartelillo.\u00a0\u00a0\u00a0\u00a0\u00a0\u00a0\u00a0\u00a0\u00a0\u00a0\u00a0\u00a0\u00a0\u00a0\u00a0\u00a0\u00a0\u00a0\u00a0\u00a0\u00a0 \u00a0\u00a0\u00a0\u00a0\u00a0\u00a0\u00a0\u00a0\u00a0\u00a0\u00a0\u00a0\u00a0\u00a0\u00a0\u00a0\u00a0\u00a0\u00a0\u00a0\u00a0\u00a0\u00a0\u00a0\u00a0\u00a0\u00a0\u00a0\u00a0\u00a0\u00a0\u00a0\u00a0\u00a0\u00a0\u00a0\u00a0\u00a0\u00a0\u00a0\u00a0\u00a0\u00a0\u00a0\u00a0\u00a0\u00a0\u00a0\u00a0\u00a0\u00a0\u00a0\u00a0\u00a0\u00a0\u00a0\u00a0\u00a0\u00a0\u00a0\u00a0\u00a0\u00a0\u00a0\u00a0\u00a0\u00a0\u00a0\u00a0\u00a0\u00a0\u00a0\u00a0\u00a0\u00a0\u00a0\u00a0\u00a0\u00a0\u00a0\u00a0\u00a0\u00a0\u00a0\u00a0\u00a0 7\/10<\/p>\n<p><u>\u00a0<\/u><u>\u201cAnatom\u00eda sensible<\/u>\u201d de Andr\u00e9s Neuman -2019- Buenos Aires 1977. 112 p\u00e1ginas.<\/p>\n<p>Dentro de la sensibilidad con la que escribe Neuman y sus analog\u00edas po\u00e9ticas hacen que este libro peque\u00f1ito sea una cosa bonita de leer, pero poco m\u00e1s. Va \u201cpoetizando\u201d \u2013sin que le importe demasiado abusar del retru\u00e9cano- cada una de las partes del cuerpo humano. Tiene su gracia, sobre todo cuando describe la vagina, el pene y la axila. Por lo dem\u00e1s, el t\u00edtulo lo dice claramente: una clase de anatom\u00eda para amantes de Becquer o Dar\u00edo.\u00a0\u00a0 6\/10<\/p>\n<p><u>\u00a0<\/u><u>Agua cerrada<\/u>\u201d de Alejandro Palomas -2012- Barcelona 1967 &#8211; 170 p\u00e1ginas<\/p>\n<p>Un librillo extra\u00f1o, que quiere sorprender a base de colocar a sus personajes en el p\u00e1ramo abierto de la realidad mezclada con ensue\u00f1os. A veces un cuento de sirenas, a veces una descripci\u00f3n con poco fuste de la realidad.\u00a0\u00a0Venecia de fondo y eso tiene su gracia; mucha m\u00e1s que la novela cuya mejor cualidad es que es corta. Es el segundo libro que leo de este autor que tanto me hab\u00edan recomendado y tiro la toalla. Ya lo siento, soy as\u00ed. 5\/10<\/p>\n<p><u>\u00a0<\/u><strong><u>\u00a0<em>Lecturas enjundiosas: que ayudan a incrementar el acervo cultural, a la vez que estimulan el intelecto.<\/em><\/u><\/strong><\/p>\n<p><u>\u201cAmigo<\/u>\u201d de Ana Merino. 2023 \u2013 Madrid 1971- 357 p\u00e1ginas<\/p>\n<p>Una investigadora y poeta se sumerge en el tiempo de Lorca desempolvando la correspondencia entre este y Joaqu\u00edn Amigo, bajo la nube negra de un Luis Rosales a quien se ha puesto hist\u00f3ricamente en entredicho. Lorca y Dal\u00ed, Lorca y su mundo y las cartas intensas que escrib\u00eda y sus \u201codas\u201d emocionadas.\u00a0\u00a0La autora -en la ficci\u00f3n- es mexicana y profesora en la universidad de Milwaukee y recuerda sus tiempos en la Residencia de Estudiantes de los a\u00f1os 80 en la nueva visita que realiza a Madrid en la segunda d\u00e9cada del siglo XXI. Ha madurado, ha vivido la vida con m\u00e1s dolor que dulzura; ahora tiene cincuenta y cinco a\u00f1os y algunos ramalazos de ilusi\u00f3n dormida pero demasiado rencor enquistado por la traici\u00f3n de su mejor amigo. El juego de palabras: \u201cAmigo\u201d y la amistad. Dan ganas de volver a leer a Lorca\u2026 Adem\u00e1s de lo meramente po\u00e9tico y literario subyace una intriga que se va precipitando en los \u00faltimos cap\u00edtulos lo que provoca la t\u00edpica ansia lectora por saber cu\u00e1l es el desenlace final. Una muy buena nota.\u00a0 \u00a0 \u00a0 \u00a0 \u00a0 \u00a0 \u00a0 \u00a0 \u00a0 \u00a0 \u00a08\/10<\/p>\n<p>\u201c<u>Una dama desconocida<\/u>\u201d de Carlos del Amor -2025- Murcia 1974. 307 p\u00e1ginas.<\/p>\n<p>Carlos del Amor es mi autor fetiche; algo as\u00ed como un \u201cenamorado invisible\u201d al que recurro siempre que quiero deleitarme con la descripci\u00f3n, historias y an\u00e9cdotas del Arte en general y de la pintura en particular. En esta novela \u2013porque de su imaginaci\u00f3n ha salido- viaja a la Sevilla del siglo XVII y se cuela por las rendijas del taller de Antonio Pacheco, el que fue maestro de Diego Vel\u00e1zquez.\u00a0\u00a0Y entre historia verdadera e historia inventada llegamos a conocer esa intrahistoria que no se ense\u00f1a en los libros de texto y que es mucho m\u00e1s apetecible que el relato oficial. La \u201cdama desconocida\u201d, ese retrato que ser\u00eda el primero que hizo Vel\u00e1zquez, de una jovenc\u00edsima Juana Pacheco de la que se enamora y a la que desposa a temprana edad, da para una urdimbre inteligent\u00edsima y atrapante. Un lujo de lectura, como todos sus libros. \u201cEnamorARTE\u201d, \u201cEmocionARTE\u201d, \u201cRetratARTE\u201d\u2026 y tantos otros. Un lujo, insisto.\u00a0\u00a0\u00a0\u00a0\u00a0\u00a0\u00a0\u00a0\u00a0\u00a0\u00a0\u00a0\u00a0\u00a0\u00a0\u00a0\u00a0\u00a0\u00a0\u00a0\u00a0\u00a0\u00a0\u00a0\u00a0\u00a0\u00a0\u00a0\u00a0\u00a0\u00a0\u00a0\u00a0\u00a0\u00a0\u00a0\u00a0\u00a0\u00a0 8\/10<\/p>\n<p><u>\u00a0<\/u><u>\u201cEl mapa de los afectos\u201d<\/u> de Ana Merino -2020- Madrid 1971. 217 p\u00e1ginas. Premio Nadal 2020<\/p>\n<p>Me hace muy feliz empezar un libro nuevo y sentir que lo quiero leer sin parar, llegar al final con esa sensaci\u00f3n de placer lector satisfecho porque has dado con una peque\u00f1a delicatesen. Cap\u00edtulo a cap\u00edtulo, personaje a personaje, se va hilvanando una trama que, efectivamente, habla de afectos aunque tambi\u00e9n haya odio, celos, venganza, estupidez y un absurdo asesinato. Un buen libro de una buena autora en la que tengo que profundizar.\u00a0\u00a0(La descubr\u00ed porque \u201ces la mujer de\u2026\u201d y me ha dado mucha rabia enterarme de esta manera. Cuando los dos miembros de una pareja son escritores y, aparentemente, uno es m\u00e1s famoso que el otro\u2026pecamos de injustos diciendo: \u201cAna Merino es la mujer de Manuel Vilas\u201d; a m\u00ed me gustar\u00eda m\u00e1s que dijeran que \u201cManuel Vilas es la pareja de Ana Merino\u201d, pero en fin, ya se sabe c\u00f3mo funcionan los c\u00edrculos del ego literario\u20267\/10<\/p>\n<p><strong><em><u>Lecturas con peso espec\u00edfico: para abandonarse a ellas en cuerpo y alma y aprender.<\/u><\/em><\/strong><\/p>\n<p><u>\u201cMeditaciones<\/u>\u201d de Marco Aurelio \u2013Roma 121 d.C.- Los XII libros de reflexiones. 180 p\u00e1ginas.<\/p>\n<p><a href=\"https:\/\/es.wikipedia.org\/wiki\/Marco_Aurelio\" rel=\"external nofollow\">Marco Aurelio &#8211; Wikipedia, la enciclopedia libre<\/a> Un libro para meditar sobre la futilidad del deseo humano, invitaciones actualizadas a la reflexi\u00f3n vital. Un libro imprescindible&#8230; Puede que incluso m\u00e1s que leer \u201cotras biblias\u201d encumbradas. Perlas cultivadas que azuzan la conciencia. Falta nos hace todo esto en los tiempos que corren desatados y des-almados. El emperador\/fil\u00f3sofo que dej\u00f3 una huella positiva. <u>\u201c<\/u>En su profunda convicci\u00f3n de que un gobernante ten\u00eda que estar al servicio de su deber escribi\u00f3 su gran obra Meditaciones. Junto a Lucio Vero, ambos fueron hijos adoptivos de Antonino P\u00edo. Al morir este \u00faltimo, Marco Aurelio acept\u00f3 convertirse en emperador si nombraban a Lucio y a \u00e9l Augustos conjuntamente. Acometi\u00f3 diferentes medidas legislativas para limitar los abusos de la jurisprudencia civil y favorecer las condiciones de los esclavos, viudas y menores de edad. Qu\u00e9 bien nos vendr\u00eda alguien as\u00ed ahora mismo\u2026\u00a0 \u00a0 \u00a0 \u00a0 \u00a0 \u00a0 \u00a0 \u00a0 \u00a0 \u00a0 \u00a0 \u00a0 \u00a09\/10<\/p>\n<p><strong><u><a href=\"https:\/\/static-blogs.diariovasco.com\/wp-content\/uploads\/sites\/19\/2025\/09\/A-partir-de-los-50.jpg\"><img loading=\"lazy\" class=\"alignleft size-medium wp-image-11379\" src=\"https:\/\/static-blogs.diariovasco.com\/wp-content\/uploads\/sites\/19\/2025\/09\/A-partir-de-los-50-300x225.jpg\" alt=\"\" width=\"300\" height=\"225\" srcset=\"https:\/\/static-blogs.diariovasco.com\/wp-content\/uploads\/sites\/19\/2025\/09\/A-partir-de-los-50-300x225.jpg 300w, https:\/\/static-blogs.diariovasco.com\/wp-content\/uploads\/sites\/19\/2025\/09\/A-partir-de-los-50.jpg 719w\" sizes=\"(max-width: 300px) 100vw, 300px\" \/><\/a>\u00a0<\/u><\/strong><strong><em><u>Lecturas atragantadas: que pretend\u00edan ser interesantes y que no he podido llevar a buen puerto.<\/u><\/em><\/strong><\/p>\n<p><u>\u201cNada que declarar<\/u>\u201d de Be\u00f1at Sarasola. -2023- Donostia 1984. 297 p\u00e1ginas<\/p>\n<p>Las novelas escritas por donostiarras cuya acci\u00f3n transcurre por las calles de la ciudad tienen un plus de atractivo para el lector \u201cde aqu\u00ed\u201d. Es obvio que con eso no es suficiente y hay que a\u00f1adir mucha \u201cmadera\u201d para que la historia atrape y se decida invertir el tiempo \u2013que pasa veloz- en su lectura. No obstante, he tenido un gran tropez\u00f3n con este libro y ha sido a consecuencia de las detalladas descripciones de las torturas sufridas por el protagonista \u2013y gracias a la \u201cmadera\u201d- a manos de la polic\u00eda en su etapa \u201cpseudo-abertzale\u201d, sin pies ni cabeza y con un discurso que no pudo vivir en primera persona el autor y s\u00ed lo hemos padecido quienes nacimos unos cuantos a\u00f1os antes que \u00e9l. Ah\u00ed se torci\u00f3 mi rumbo lector y lo dej\u00e9 por puro desasosiego y malestar emocional. En la p\u00e1gina 182 y despu\u00e9s de una noche de malos sue\u00f1os. Ya lo siento, atragantamiento total por mucho que digan sus \u201cpalmeros\u201d. Es lo malo de los autores contempor\u00e1neos que echan mano de sus peculiares \u201cfuentes\u201d cuando escriben lo que ocurri\u00f3 cuando ellos tomaban biber\u00f3n\u2026y revuelven el pozo oscuro del dolor aderez\u00e1ndolo con una especie de morbo que no entiendo ni entender\u00e9. Me fastidia, pero es lo que hay.\u00a0\u00a0\u00a0\u00a0\u00a0\u00a0\u00a0\u00a0\u00a0\u00a0\u00a0 &#8212;&#8212;&#8212;&#8212;&#8212;&#8212;&#8212;&#8212;&#8212;&#8212;&#8211;<\/p>\n<p>\u201c<u>Los optimistas<\/u>\u201d de Rebecca Makkai -2018- Illinois 1978. 567 p\u00e1ginas<\/p>\n<p>Este libro me lo recomienda una querida amiga advirti\u00e9ndome de que me va a encantar porque es una novela agradable e interesante. Llego a la p\u00e1gina cincuenta y todav\u00eda no me ha gustado nada: el sida en EEUU en el 85, la muerte y el dolor de quienes eran consideradas como \u201cgrupo de riesgo\u201d. Tengo que detener la lectura porque el tema no me produce satisfacci\u00f3n lectora. Entonces, mi amiga me dice que es porque tengo prejuicios\u2026 Y yo me quedo sorprendida. \u00bfEs tener prejuicios \u2013cosa negativa- poder elegir en libertad las lecturas que me agradan \u2013cosa positiva? El caso es que sigo leyendo y me recuerda mucho la historia a la de \u201cTan poca vida\u201d \u2013de 1.000 p\u00e1ginas que le\u00ed no hace tanto- que decido detenerme aunque mi amiga no me entienda e insista en que el libro \u201ces muy bueno y a ella le ha gustado mucho y las cr\u00edticas lo ponen fenomenal.\u201d Supongo que no doy siempre la talla como lectora, qu\u00e9 le vamos a hacer.\u00a0\u00a0\u00a0\u00a0\u00a0\u00a0\u00a0\u00a0\u00a0 \u00a0\u00a0\u00a0\u00a0\u00a0\u00a0\u00a0\u00a0\u00a0\u00a0\u00a0\u00a0\u00a0\u00a0\u00a0\u00a0\u00a0\u00a0\u00a0\u00a0\u00a0\u00a0\u00a0\u00a0\u00a0\u00a0 &#8212;&#8212;&#8212;&#8212;&#8212;&#8212;&#8211;<\/p>\n<p><u>\u00a0<\/u><em>La puntuaci\u00f3n es fruto de una opini\u00f3n personal que no tiene m\u00e1s valor que el que uno le quiera dar\u2026<\/em><\/p>\n<p>Felices los felices. Y los que leemos\u2026mucho m\u00e1s.<\/p>\n<p>LaAlquimista<\/p>\n<p>Te invito a visitar mi p\u00e1gina en Facebook.<\/p>\n<p><a href=\"https:\/\/www.facebook.com\/apartirdelos50\/\" rel=\"external nofollow\">https:\/\/www.facebook.com\/apartirdelos50\/<\/a><\/p>\n<p><em>Por si alguien desea contactar:<\/em><\/p>\n<p><a href=\"mailto:apartirdeloscincuenta@gmail.com\">apartirdeloscincuenta@gmail.com<\/a><\/p>\n<!-- AddThis Advanced Settings generic via filter on the_content --><!-- AddThis Share Buttons generic via filter on the_content -->","protected":false},"excerpt":{"rendered":"<p>Andan las editoriales por estas fechas con el aliento partido queriendo vender porque el negocio es el negocio y los libros de texto son una oportunidad sobresaliente. Tambi\u00e9n sacan al mercado lotes de literatura cl\u00e1sica \u2013para que no falte en ninguna casa las obras de Homero y Marco Aurelio aunque luego no las lean ni [&hellip;]<!-- AddThis Advanced Settings generic via filter on get_the_excerpt --><!-- AddThis Share Buttons generic via filter on get_the_excerpt --><\/p>\n","protected":false},"author":34,"featured_media":0,"comment_status":"open","ping_status":"closed","sticky":false,"template":"","format":"standard","meta":[],"categories":[1],"tags":[],"_links":{"self":[{"href":"https:\/\/blogs.diariovasco.com\/apartirdelos50\/wp-json\/wp\/v2\/posts\/11390"}],"collection":[{"href":"https:\/\/blogs.diariovasco.com\/apartirdelos50\/wp-json\/wp\/v2\/posts"}],"about":[{"href":"https:\/\/blogs.diariovasco.com\/apartirdelos50\/wp-json\/wp\/v2\/types\/post"}],"author":[{"embeddable":true,"href":"https:\/\/blogs.diariovasco.com\/apartirdelos50\/wp-json\/wp\/v2\/users\/34"}],"replies":[{"embeddable":true,"href":"https:\/\/blogs.diariovasco.com\/apartirdelos50\/wp-json\/wp\/v2\/comments?post=11390"}],"version-history":[{"count":3,"href":"https:\/\/blogs.diariovasco.com\/apartirdelos50\/wp-json\/wp\/v2\/posts\/11390\/revisions"}],"predecessor-version":[{"id":11394,"href":"https:\/\/blogs.diariovasco.com\/apartirdelos50\/wp-json\/wp\/v2\/posts\/11390\/revisions\/11394"}],"wp:attachment":[{"href":"https:\/\/blogs.diariovasco.com\/apartirdelos50\/wp-json\/wp\/v2\/media?parent=11390"}],"wp:term":[{"taxonomy":"category","embeddable":true,"href":"https:\/\/blogs.diariovasco.com\/apartirdelos50\/wp-json\/wp\/v2\/categories?post=11390"},{"taxonomy":"post_tag","embeddable":true,"href":"https:\/\/blogs.diariovasco.com\/apartirdelos50\/wp-json\/wp\/v2\/tags?post=11390"}],"curies":[{"name":"wp","href":"https:\/\/api.w.org\/{rel}","templated":true}]}}