{"id":11401,"date":"2025-10-14T06:22:39","date_gmt":"2025-10-14T05:22:39","guid":{"rendered":"https:\/\/blogs.diariovasco.com\/apartirdelos50\/?p=11401"},"modified":"2025-10-13T07:32:47","modified_gmt":"2025-10-13T06:32:47","slug":"hay-que-vigilar-y-no-quitar-el-ojo","status":"publish","type":"post","link":"https:\/\/blogs.diariovasco.com\/apartirdelos50\/2025\/10\/14\/hay-que-vigilar-y-no-quitar-el-ojo\/","title":{"rendered":"Hay que vigilar y no quitar el ojo"},"content":{"rendered":"<p><a href=\"https:\/\/static-blogs.diariovasco.com\/wp-content\/uploads\/sites\/19\/2025\/10\/mercadillo-semanal-03.jpg\"><img loading=\"lazy\" class=\"aligncenter size-full wp-image-11403\" src=\"https:\/\/static-blogs.diariovasco.com\/wp-content\/uploads\/sites\/19\/2025\/10\/mercadillo-semanal-03.jpg\" alt=\"\" width=\"350\" height=\"256\" srcset=\"https:\/\/static-blogs.diariovasco.com\/wp-content\/uploads\/sites\/19\/2025\/10\/mercadillo-semanal-03.jpg 350w, https:\/\/static-blogs.diariovasco.com\/wp-content\/uploads\/sites\/19\/2025\/10\/mercadillo-semanal-03-300x219.jpg 300w\" sizes=\"(max-width: 350px) 100vw, 350px\" \/><\/a><\/p>\n<p>Me ocurri\u00f3 en el mercadillo semanal de \u201cmi otro mar\u201d, al que soy fiel por lo menos dos veces al a\u00f1o. Soy de reciclar con cabeza: entrego la ropa que ya no voy a utilizar y adquiero otra de segunda mano porque soy presumida y me gusta variar. Pero no soy \u201cconsumista\u201d as\u00ed que de esta manera acallo mi conciencia, que no es poco en estos tiempos que corren.<\/p>\n<p>El caso es que estaba tan feliz en uno de mis puestos \u201cvintage\u201d favoritos ech\u00e1ndole el ojo a un plum\u00edfero de marca cuyo \u00fanico defecto es que le faltaba la capucha, cosa que para m\u00ed es un plus porque las capuchas y mi melena no han hecho nunca buenas migas. Para prob\u00e1rmelo me quit\u00e9 la cazadora vaquera que llevaba, la colgu\u00e9 en la percha libre del plum\u00edfero y pas\u00e9 a mirarme en el espejo por los cuatro puntos cardinales.<\/p>\n<p>Diez euros, \u00a1diez euros! \u00a1Y de marca norteamericana! As\u00ed que decid\u00ed hacer \u201ctama\u00f1a inversi\u00f3n\u201d de cara al pr\u00f3ximo invierno para verme chula y reguapa con una prenda blanca, acolchada, calentita y moderna.<\/p>\n<p>Se me subi\u00f3 la adrenalina cuando fui a recuperar mi cazadora vaquera \u2013comprada hace pocas semanas en el centro de Donostia a precio de vell\u00f3n por aquello de rellenar mi fondo de armario- y vi que se la llevaba puesta una mujer joven, tan campante.<\/p>\n<p><a href=\"https:\/\/static-blogs.diariovasco.com\/wp-content\/uploads\/sites\/19\/2025\/09\/555426062_10162106446527877_992131758421364976_n.jpg\"><img loading=\"lazy\" class=\"alignleft size-medium wp-image-11350\" src=\"https:\/\/static-blogs.diariovasco.com\/wp-content\/uploads\/sites\/19\/2025\/09\/555426062_10162106446527877_992131758421364976_n-225x300.jpg\" alt=\"\" width=\"225\" height=\"300\" srcset=\"https:\/\/static-blogs.diariovasco.com\/wp-content\/uploads\/sites\/19\/2025\/09\/555426062_10162106446527877_992131758421364976_n-225x300.jpg 225w, https:\/\/static-blogs.diariovasco.com\/wp-content\/uploads\/sites\/19\/2025\/09\/555426062_10162106446527877_992131758421364976_n-768x1024.jpg 768w, https:\/\/static-blogs.diariovasco.com\/wp-content\/uploads\/sites\/19\/2025\/09\/555426062_10162106446527877_992131758421364976_n-1152x1536.jpg 1152w, https:\/\/static-blogs.diariovasco.com\/wp-content\/uploads\/sites\/19\/2025\/09\/555426062_10162106446527877_992131758421364976_n.jpg 1536w\" sizes=\"(max-width: 225px) 100vw, 225px\" \/><\/a>Pegu\u00e9 un grito de los m\u00edos para detenerla y le increp\u00e9: &#8211; \u201cOye, guapa, que esa cazadora que llevas es M\u00cdA\u2026!\u201d<\/p>\n<p>-\u201c!De eso nada, se\u00f1ora, que acabo de pagar 10\u20ac por ella\u2026!\u201d<\/p>\n<p>Enseguida se hizo la luz en mi cerebro y cambi\u00e9 mi gesto agrio por una sonrisa de disculpa mientras le explicaba la movida. Ella se ech\u00f3 a reir y fuimos juntas donde el \u201cespabilao\u201d que hab\u00eda tomado tranquilamente el billete de 10\u20ac de manos de la mujer que le dijo: -\u201cC\u00f3brate, que me llevo esta cazadora tan bonita (y tan nueva)\u201d.<\/p>\n<p>Como la situaci\u00f3n parec\u00eda surrealista, aport\u00e9 la prueba contundente de mi propiedad haciendo salir del bolsillo interior un pa\u00f1uelo de papel usado que hab\u00eda guardado ah\u00ed un ratito antes. Deshecho el entuerto, recuper\u00e9 mi cazadora, a la otra le devolvieron sus 10\u20ac y yo me fui con viento fresco y mi plum\u00edfero de segunda mano. Luego despu\u00e9s, cuando se me pas\u00f3 el susto y la risa, me qued\u00e9 pensativa, muy pensativa.<br \/>\n\u00bfPor qu\u00e9 soy tan descuidada con mis pertenencias, que las dejo tan tranquila ah\u00ed aparcadas creyendo que nadie me las va a quitar?<\/p>\n<p><a href=\"https:\/\/static-blogs.diariovasco.com\/wp-content\/uploads\/sites\/19\/2025\/09\/A-partir-de-los-50.jpg\"><img loading=\"lazy\" class=\"alignright size-medium wp-image-11379\" src=\"https:\/\/static-blogs.diariovasco.com\/wp-content\/uploads\/sites\/19\/2025\/09\/A-partir-de-los-50-300x225.jpg\" alt=\"\" width=\"300\" height=\"225\" srcset=\"https:\/\/static-blogs.diariovasco.com\/wp-content\/uploads\/sites\/19\/2025\/09\/A-partir-de-los-50-300x225.jpg 300w, https:\/\/static-blogs.diariovasco.com\/wp-content\/uploads\/sites\/19\/2025\/09\/A-partir-de-los-50.jpg 719w\" sizes=\"(max-width: 300px) 100vw, 300px\" \/><\/a>Quiz\u00e1s haya llegado por fin el momento de darme cuenta de que toda la vida he sido as\u00ed: confiada y confiad\u00edsima. Y as\u00ed me ha lucido el pelo, claro est\u00e1. Que gracias a esa tranquilidad de esp\u00edritu he conseguido que los que son m\u00e1s listos que yo se hayan podido aprovechar de m\u00ed. Que igual ya va llegando el momento en no quitar el ojo a lo que es m\u00edo y poner barreras o l\u00edneas rojas a quienes van por la vida de \u201caprovechateguis\u201d.<\/p>\n<p>Por confiada, me embargaron una propiedad que ten\u00eda a medias con un ciudadano que dej\u00f3 de pagar sus cuotas. Por confiada, me encontr\u00e9 en mi cama a personas que no hab\u00edan sido invitadas. Por confiada, me qued\u00e9 atada a la pata de la mesa profesional dejando que otros \u201cse me colaran\u201d. Por confiada, voy por la vida creyendo que no me va a pasar nada malo\u2026y cuando me ocurre, me digo: \u201cbueno, esto tambi\u00e9n pasar\u00e1\u201d.<\/p>\n<p>Ahora ya s\u00e9 que el mundo es de los listos, de los que est\u00e1n a la que salta, de quienes empujan para colarse o pisan para llegar los primeros. Ahora ya s\u00e9 que me las daba de lista mientras cantaba y bailaba como la cigarra.<\/p>\n<p>Ya no hay tiempo para cambiar la piel, as\u00ed que tendr\u00e9 que seguir confiando en el Universo, pero, eso s\u00ed: con un ojo puesto en donde dejo mis cosas, mis ideas, mis ilusiones. Por si las moscas.<\/p>\n<p>Felices los felices.<\/p>\n<p>LaAlquimista<\/p>\n<p>Te invito a visitar mi p\u00e1gina en Facebook.<\/p>\n<p><a href=\"https:\/\/www.facebook.com\/apartirdelos50\/\" rel=\"external nofollow\">https:\/\/www.facebook.com\/apartirdelos50\/<\/a><\/p>\n<p><em>Por si alguien desea contactar:<\/em><\/p>\n<p><a href=\"mailto:apartirdeloscincuenta@gmail.com\">apartirdeloscincuenta@gmail.com<\/a><\/p>\n<p>&nbsp;<\/p>\n<!-- AddThis Advanced Settings generic via filter on the_content --><!-- AddThis Share Buttons generic via filter on the_content -->","protected":false},"excerpt":{"rendered":"<p>Me ocurri\u00f3 en el mercadillo semanal de \u201cmi otro mar\u201d, al que soy fiel por lo menos dos veces al a\u00f1o. Soy de reciclar con cabeza: entrego la ropa que ya no voy a utilizar y adquiero otra de segunda mano porque soy presumida y me gusta variar. Pero no soy \u201cconsumista\u201d as\u00ed que de [&hellip;]<!-- AddThis Advanced Settings generic via filter on get_the_excerpt --><!-- AddThis Share Buttons generic via filter on get_the_excerpt --><\/p>\n","protected":false},"author":34,"featured_media":0,"comment_status":"open","ping_status":"closed","sticky":false,"template":"","format":"standard","meta":[],"categories":[2],"tags":[],"_links":{"self":[{"href":"https:\/\/blogs.diariovasco.com\/apartirdelos50\/wp-json\/wp\/v2\/posts\/11401"}],"collection":[{"href":"https:\/\/blogs.diariovasco.com\/apartirdelos50\/wp-json\/wp\/v2\/posts"}],"about":[{"href":"https:\/\/blogs.diariovasco.com\/apartirdelos50\/wp-json\/wp\/v2\/types\/post"}],"author":[{"embeddable":true,"href":"https:\/\/blogs.diariovasco.com\/apartirdelos50\/wp-json\/wp\/v2\/users\/34"}],"replies":[{"embeddable":true,"href":"https:\/\/blogs.diariovasco.com\/apartirdelos50\/wp-json\/wp\/v2\/comments?post=11401"}],"version-history":[{"count":3,"href":"https:\/\/blogs.diariovasco.com\/apartirdelos50\/wp-json\/wp\/v2\/posts\/11401\/revisions"}],"predecessor-version":[{"id":11405,"href":"https:\/\/blogs.diariovasco.com\/apartirdelos50\/wp-json\/wp\/v2\/posts\/11401\/revisions\/11405"}],"wp:attachment":[{"href":"https:\/\/blogs.diariovasco.com\/apartirdelos50\/wp-json\/wp\/v2\/media?parent=11401"}],"wp:term":[{"taxonomy":"category","embeddable":true,"href":"https:\/\/blogs.diariovasco.com\/apartirdelos50\/wp-json\/wp\/v2\/categories?post=11401"},{"taxonomy":"post_tag","embeddable":true,"href":"https:\/\/blogs.diariovasco.com\/apartirdelos50\/wp-json\/wp\/v2\/tags?post=11401"}],"curies":[{"name":"wp","href":"https:\/\/api.w.org\/{rel}","templated":true}]}}