{"id":11406,"date":"2025-10-17T06:27:11","date_gmt":"2025-10-17T05:27:11","guid":{"rendered":"https:\/\/blogs.diariovasco.com\/apartirdelos50\/?p=11406"},"modified":"2025-10-17T07:29:49","modified_gmt":"2025-10-17T06:29:49","slug":"no-quiero-saber-nada-de-politica","status":"publish","type":"post","link":"https:\/\/blogs.diariovasco.com\/apartirdelos50\/2025\/10\/17\/no-quiero-saber-nada-de-politica\/","title":{"rendered":"&#8220;No quiero saber nada de pol\u00edtica&#8221;"},"content":{"rendered":"<p><a href=\"https:\/\/static-blogs.diariovasco.com\/wp-content\/uploads\/sites\/19\/2025\/10\/maxresdefault-6.jpg\"><img loading=\"lazy\" class=\"aligncenter size-large wp-image-11408\" src=\"https:\/\/static-blogs.diariovasco.com\/wp-content\/uploads\/sites\/19\/2025\/10\/maxresdefault-6-1024x576.jpg\" alt=\"\" width=\"1024\" height=\"576\" srcset=\"https:\/\/static-blogs.diariovasco.com\/wp-content\/uploads\/sites\/19\/2025\/10\/maxresdefault-6-1024x576.jpg 1024w, https:\/\/static-blogs.diariovasco.com\/wp-content\/uploads\/sites\/19\/2025\/10\/maxresdefault-6-300x169.jpg 300w, https:\/\/static-blogs.diariovasco.com\/wp-content\/uploads\/sites\/19\/2025\/10\/maxresdefault-6-768x432.jpg 768w, https:\/\/static-blogs.diariovasco.com\/wp-content\/uploads\/sites\/19\/2025\/10\/maxresdefault-6.jpg 1280w\" sizes=\"(max-width: 1024px) 100vw, 1024px\" \/><\/a><\/p>\n<p>Es terrible, a m\u00ed se me revuelven las tripas cada vez que alguien me suelta a la cara esa terrible declaraci\u00f3n de intenciones que, exactamente, significa que les da igual lo que hagan los gobiernos con sus gobernados con tal de que no les toquen los dinerillos o derechos que orbitan alrededor de su peque\u00f1o mundo umbilical.<\/p>\n<p>Que dicen \u2013ellos- se ocupan de trabajar, de su familia, de que a sus hijos no les saquen un ojo en el patio del colegio, de poder tomarse sus ca\u00f1itas con los colegas a la ca\u00edda de la tarde hablando de cosas vitales como el f\u00fatbol, la \u00faltima serie de Netflix o la pr\u00f3xima cuchipanda que se avista en lontananza.<\/p>\n<p>Ca\u00f1a o cigarrillo en ristre, tambi\u00e9n hablan de vez en cuando de las molestias que ocasionan los padres enfermos y\/o ancianos, de lo cabrones que son los empresarios en general y su jefe en particular; hablan mal aunque sean funcionarios, -sobre todo esos- ponen a parir al Gobierno aunque est\u00e9n en el paro y cobrando un subsidio. Dicen que todos los pol\u00edticos son iguales, unos corruptos, unos in\u00fatiles \u00a0y cosas peores. Prejuzgan, juzgan y condenan todo de golpe, para ahorrar tiempo.<\/p>\n<p>Y se quedan tan tranquilos convencidos de que su posici\u00f3n como ciudadanos es la correcta. Que no es su trabajo ni les compete indignarse por cualquier genocidio perpetrado en este momento, que tanto les da si los l\u00edderes supremos del mundo est\u00e1n pensando en reducir las libertades al m\u00ednimo com\u00fan m\u00faltiplo, que all\u00e1 cuidados con los que se est\u00e9n matando en la lejan\u00eda\u2026 Que no quieren ver telediarios, ni leer noticias. Que pasan de todo.<\/p>\n<p>Como hicieron en los viejos tiempos tantos de los que padecieron la misma dictadura y ahora cobran la pensi\u00f3n de jubilaci\u00f3n haciendo sudokus y viendo los infames programas televisivos de media ma\u00f1ana y media tarde.<\/p>\n<p>No s\u00e9 qu\u00e9 decirles a estas personas que \u201cno quieren saber nada\u201d de c\u00f3mo el mundo se est\u00e1 yendo por el sumidero; no quiero decirles nada que me haga desperdiciar la energ\u00eda que necesito para poder seguir levantando la voz, el pu\u00f1o si hace falta y no perdiendo la conciencia de que nos est\u00e1n esquilmando la dignidad y comi\u00e9ndonos los Derechos Humanos a grandes bocados.<\/p>\n<p>Yo no estoy en otro rollo; vivo en este mundo y no puedo ni quiero cerrar los ojos ante guerras, invasiones, exterminios, genocidios, asesinatos de ni\u00f1os, limpiezas \u00e9tnicas y la locura que habita la mente da\u00f1ada de los poderosos que tienen poder para manejar armas, misiles, tanques y sembrar el horror entre los seres humanos. <a href=\"https:\/\/static-blogs.diariovasco.com\/wp-content\/uploads\/sites\/19\/2025\/09\/A-partir-de-los-50.jpg\"><img loading=\"lazy\" class=\"alignleft size-medium wp-image-11379\" src=\"https:\/\/static-blogs.diariovasco.com\/wp-content\/uploads\/sites\/19\/2025\/09\/A-partir-de-los-50-300x225.jpg\" alt=\"\" width=\"300\" height=\"225\" srcset=\"https:\/\/static-blogs.diariovasco.com\/wp-content\/uploads\/sites\/19\/2025\/09\/A-partir-de-los-50-300x225.jpg 300w, https:\/\/static-blogs.diariovasco.com\/wp-content\/uploads\/sites\/19\/2025\/09\/A-partir-de-los-50.jpg 719w\" sizes=\"(max-width: 300px) 100vw, 300px\" \/><\/a><\/p>\n<p>Me afecta. \u00a1C\u00f3mo no me va a afectar si yo tambi\u00e9n tengo hijos, sue\u00f1os y vida por vivir! <u>Porca miseria<\/u> de mundo que nos est\u00e1 tocando vivir como para que encima haya quien diga \u201cque no quiere saber nada\u201d\u2026<\/p>\n<p>Felices los felices\u2026que no s\u00e9 ahora mismo d\u00f3nde estar\u00e1n.<\/p>\n<p>LaAlquimista<\/p>\n<p>Te invito a visitar mi p\u00e1gina en Facebook.<\/p>\n<p><a href=\"https:\/\/www.facebook.com\/apartirdelos50\/\" rel=\"external nofollow\">https:\/\/www.facebook.com\/apartirdelos50\/<\/a><\/p>\n<p><em>Por si alguien desea contactar:<\/em><\/p>\n<p><a href=\"mailto:apartirdeloscincuenta@gmail.com\">apartirdeloscincuenta@gmail.com<\/a><\/p>\n<p>&nbsp;<\/p>\n<p>&nbsp;<\/p>\n<p>&nbsp;<\/p>\n<!-- AddThis Advanced Settings generic via filter on the_content --><!-- AddThis Share Buttons generic via filter on the_content -->","protected":false},"excerpt":{"rendered":"<p>Es terrible, a m\u00ed se me revuelven las tripas cada vez que alguien me suelta a la cara esa terrible declaraci\u00f3n de intenciones que, exactamente, significa que les da igual lo que hagan los gobiernos con sus gobernados con tal de que no les toquen los dinerillos o derechos que orbitan alrededor de su peque\u00f1o [&hellip;]<!-- AddThis Advanced Settings generic via filter on get_the_excerpt --><!-- AddThis Share Buttons generic via filter on get_the_excerpt --><\/p>\n","protected":false},"author":34,"featured_media":0,"comment_status":"open","ping_status":"closed","sticky":false,"template":"","format":"standard","meta":[],"categories":[2,20],"tags":[],"_links":{"self":[{"href":"https:\/\/blogs.diariovasco.com\/apartirdelos50\/wp-json\/wp\/v2\/posts\/11406"}],"collection":[{"href":"https:\/\/blogs.diariovasco.com\/apartirdelos50\/wp-json\/wp\/v2\/posts"}],"about":[{"href":"https:\/\/blogs.diariovasco.com\/apartirdelos50\/wp-json\/wp\/v2\/types\/post"}],"author":[{"embeddable":true,"href":"https:\/\/blogs.diariovasco.com\/apartirdelos50\/wp-json\/wp\/v2\/users\/34"}],"replies":[{"embeddable":true,"href":"https:\/\/blogs.diariovasco.com\/apartirdelos50\/wp-json\/wp\/v2\/comments?post=11406"}],"version-history":[{"count":4,"href":"https:\/\/blogs.diariovasco.com\/apartirdelos50\/wp-json\/wp\/v2\/posts\/11406\/revisions"}],"predecessor-version":[{"id":11411,"href":"https:\/\/blogs.diariovasco.com\/apartirdelos50\/wp-json\/wp\/v2\/posts\/11406\/revisions\/11411"}],"wp:attachment":[{"href":"https:\/\/blogs.diariovasco.com\/apartirdelos50\/wp-json\/wp\/v2\/media?parent=11406"}],"wp:term":[{"taxonomy":"category","embeddable":true,"href":"https:\/\/blogs.diariovasco.com\/apartirdelos50\/wp-json\/wp\/v2\/categories?post=11406"},{"taxonomy":"post_tag","embeddable":true,"href":"https:\/\/blogs.diariovasco.com\/apartirdelos50\/wp-json\/wp\/v2\/tags?post=11406"}],"curies":[{"name":"wp","href":"https:\/\/api.w.org\/{rel}","templated":true}]}}