{"id":11417,"date":"2025-10-24T05:50:30","date_gmt":"2025-10-24T04:50:30","guid":{"rendered":"https:\/\/blogs.diariovasco.com\/apartirdelos50\/?p=11417"},"modified":"2025-11-08T07:49:08","modified_gmt":"2025-11-08T06:49:08","slug":"no-me-voy-de-vacaciones-sino-de-viaje","status":"publish","type":"post","link":"https:\/\/blogs.diariovasco.com\/apartirdelos50\/2025\/10\/24\/no-me-voy-de-vacaciones-sino-de-viaje\/","title":{"rendered":"No me voy de vacaciones sino de viaje.- Argentina"},"content":{"rendered":"<p><a href=\"https:\/\/static-blogs.diariovasco.com\/wp-content\/uploads\/sites\/19\/2025\/10\/Conejito-viajero-bolso2.jpg\"><img loading=\"lazy\" class=\"aligncenter size-full wp-image-11420\" src=\"https:\/\/static-blogs.diariovasco.com\/wp-content\/uploads\/sites\/19\/2025\/10\/Conejito-viajero-bolso2.jpg\" alt=\"\" width=\"960\" height=\"709\" srcset=\"https:\/\/static-blogs.diariovasco.com\/wp-content\/uploads\/sites\/19\/2025\/10\/Conejito-viajero-bolso2.jpg 960w, https:\/\/static-blogs.diariovasco.com\/wp-content\/uploads\/sites\/19\/2025\/10\/Conejito-viajero-bolso2-300x222.jpg 300w, https:\/\/static-blogs.diariovasco.com\/wp-content\/uploads\/sites\/19\/2025\/10\/Conejito-viajero-bolso2-768x567.jpg 768w\" sizes=\"(max-width: 960px) 100vw, 960px\" \/><\/a><\/p>\n<p>Lo que todav\u00eda me hace feliz lo tengo muy claro si bien se me han ido cayendo por el camino unas cuantas \u201cagradables costumbres\u201d que fueron pilar importante de mis a\u00f1os j\u00f3venes y de madurez, como salir por la noche, apuntarme a jolgorios diversos, pegar saltos tanto en direcci\u00f3n vertical como en horizontal y consumir con excesiva alegr\u00eda y bastante falta de buen criterio \u201csustancias\u201d que hac\u00edan da\u00f1o a mi integridad f\u00edsica y mental. En esas \u201csustancias\u201d incluyo los alimentos ultraprocesados, los bombones y dulces varios, as\u00ed como el tabaco y el alcohol. M\u00e1s all\u00e1 de ese l\u00edmite he sabido ser prudente.<\/p>\n<p>Ahora, en pleno tr\u00e1nsito de una edad provecta conservo como oro en pa\u00f1o los placeres a los que todav\u00eda puedo tener libre y feliz acceso: lo que mueve mi mente y espolea mi curiosidad. Dicho as\u00ed: lo intelectual y art\u00edstico y viajar por el ancho mundo.<\/p>\n<p>El d\u00eda en que me pese demasiado la maleta y no aguante estar de pie las horas de aeropuerto ni sentada las del avi\u00f3n\u2026sabr\u00e9 que debo cambiar otra vez mis prioridades vitales. Sabr\u00e9 que el placer se reducir\u00e1 a leer mis libros c\u00f3modamente sentada y ver pel\u00edculas y escuchar m\u00fasica y escribir quisicosas inventadas para animarme el intelecto y emborronar peque\u00f1os lienzos con los lugares de mis recuerdos. <a href=\"https:\/\/static-blogs.diariovasco.com\/wp-content\/uploads\/sites\/19\/2025\/09\/A-partir-de-los-50.jpg\"><img loading=\"lazy\" class=\"alignleft size-medium wp-image-11379\" src=\"https:\/\/static-blogs.diariovasco.com\/wp-content\/uploads\/sites\/19\/2025\/09\/A-partir-de-los-50-300x225.jpg\" alt=\"\" width=\"300\" height=\"225\" srcset=\"https:\/\/static-blogs.diariovasco.com\/wp-content\/uploads\/sites\/19\/2025\/09\/A-partir-de-los-50-300x225.jpg 300w, https:\/\/static-blogs.diariovasco.com\/wp-content\/uploads\/sites\/19\/2025\/09\/A-partir-de-los-50.jpg 719w\" sizes=\"(max-width: 300px) 100vw, 300px\" \/><\/a><\/p>\n<p>Pero de momento sigo con las botas puestas, \u201cConejito Viajero\u201d en el bolso y un billete de avi\u00f3n que me llevar\u00e1 a 10.474 kms. \u2013lo he mirado en la IA-. La primera parte del viaje, que no es otra que la emoci\u00f3n de su preparaci\u00f3n, ya est\u00e1 casi completada: he visto documentales de La2 y le\u00eddo libros sobre el pa\u00eds que voy a visitar. He contactado con personas aut\u00f3ctonas y he previsto la ropa que me tendr\u00e9 que poner para pasar del fr\u00edo del sur al calor del norte y no morir en el intento. He hecho la maleta con bolsas organizadoras y bastante sentido com\u00fan. Veintitr\u00e9s kilos de ilusi\u00f3n emocionada, como un crio con zapatos nuevos.<\/p>\n<p>Me voy de viaje porque la vida es eso precisamente, una aventura con itinerario flexible, que admite cambios pero no reembolsos, un tren que a veces descarrila y otras se salta estaciones perdidas. Una odisea para la que no valen los \u201cpor si acaso\u201d en la maleta emocional porque todo es imprevisible: un resbal\u00f3n, la erupci\u00f3n de un volc\u00e1n, un golpe de Estado, un loco al tim\u00f3n. Para m\u00ed la vida es esto: \u201cprueba\/error\u201d sin m\u00e1s af\u00e1n que el de seguir escudri\u00f1ando hasta el \u00faltimo recodo del camino.<\/p>\n<p><a href=\"https:\/\/static-blogs.diariovasco.com\/wp-content\/uploads\/sites\/19\/2025\/10\/aviones-scaled.jpg\"><img loading=\"lazy\" class=\"alignleft size-medium wp-image-11423\" src=\"https:\/\/static-blogs.diariovasco.com\/wp-content\/uploads\/sites\/19\/2025\/10\/aviones-300x225.jpg\" alt=\"\" width=\"300\" height=\"225\" srcset=\"https:\/\/static-blogs.diariovasco.com\/wp-content\/uploads\/sites\/19\/2025\/10\/aviones-300x225.jpg 300w, https:\/\/static-blogs.diariovasco.com\/wp-content\/uploads\/sites\/19\/2025\/10\/aviones-1024x768.jpg 1024w, https:\/\/static-blogs.diariovasco.com\/wp-content\/uploads\/sites\/19\/2025\/10\/aviones-768x576.jpg 768w, https:\/\/static-blogs.diariovasco.com\/wp-content\/uploads\/sites\/19\/2025\/10\/aviones-1536x1152.jpg 1536w, https:\/\/static-blogs.diariovasco.com\/wp-content\/uploads\/sites\/19\/2025\/10\/aviones-2048x1536.jpg 2048w\" sizes=\"(max-width: 300px) 100vw, 300px\" \/><\/a>En las pr\u00f3ximas semanas dejar\u00e9 de lado libros y pel\u00edculas, porque estar\u00e9 escribiendo mi propia historia y mi personal guion; el decorado ser\u00e1 \u201cnatural\u201d \u2013de mucha naturaleza- y espero que el \u201celenco\u201d me acoja con los brazos abiertos, tal y como est\u00e1n los m\u00edos y mi mente.<\/p>\n<p>Con volver entera y que mis vecinos me cuiden la casa \u2013y las plantas- estar\u00e9 muy agradecida. Y si no puedo volver, mis hijas ya conocen las claves de mi tarjeta Visa y, como resumen de mi filosof\u00eda de vida, \u201cque me quiten lo bailao\u201d.<\/p>\n<p>Felices los felices.<\/p>\n<p>LaAlquimista<\/p>\n<p>Te invito a visitar mi p\u00e1gina en Facebook.<\/p>\n<p><a href=\"https:\/\/www.facebook.com\/apartirdelos50\/\" rel=\"external nofollow\">https:\/\/www.facebook.com\/apartirdelos50\/<\/a><\/p>\n<p><em>Por si alguien desea contactar:<\/em><\/p>\n<p><a href=\"mailto:apartirdeloscincuenta@gmail.com\">apartirdeloscincuenta@gmail.com<\/a><\/p>\n<p>&nbsp;<\/p>\n<!-- AddThis Advanced Settings generic via filter on the_content --><!-- AddThis Share Buttons generic via filter on the_content -->","protected":false},"excerpt":{"rendered":"<p>Lo que todav\u00eda me hace feliz lo tengo muy claro si bien se me han ido cayendo por el camino unas cuantas \u201cagradables costumbres\u201d que fueron pilar importante de mis a\u00f1os j\u00f3venes y de madurez, como salir por la noche, apuntarme a jolgorios diversos, pegar saltos tanto en direcci\u00f3n vertical como en horizontal y consumir [&hellip;]<!-- AddThis Advanced Settings generic via filter on get_the_excerpt --><!-- AddThis Share Buttons generic via filter on get_the_excerpt --><\/p>\n","protected":false},"author":34,"featured_media":0,"comment_status":"open","ping_status":"closed","sticky":false,"template":"","format":"standard","meta":[],"categories":[1],"tags":[],"_links":{"self":[{"href":"https:\/\/blogs.diariovasco.com\/apartirdelos50\/wp-json\/wp\/v2\/posts\/11417"}],"collection":[{"href":"https:\/\/blogs.diariovasco.com\/apartirdelos50\/wp-json\/wp\/v2\/posts"}],"about":[{"href":"https:\/\/blogs.diariovasco.com\/apartirdelos50\/wp-json\/wp\/v2\/types\/post"}],"author":[{"embeddable":true,"href":"https:\/\/blogs.diariovasco.com\/apartirdelos50\/wp-json\/wp\/v2\/users\/34"}],"replies":[{"embeddable":true,"href":"https:\/\/blogs.diariovasco.com\/apartirdelos50\/wp-json\/wp\/v2\/comments?post=11417"}],"version-history":[{"count":4,"href":"https:\/\/blogs.diariovasco.com\/apartirdelos50\/wp-json\/wp\/v2\/posts\/11417\/revisions"}],"predecessor-version":[{"id":11494,"href":"https:\/\/blogs.diariovasco.com\/apartirdelos50\/wp-json\/wp\/v2\/posts\/11417\/revisions\/11494"}],"wp:attachment":[{"href":"https:\/\/blogs.diariovasco.com\/apartirdelos50\/wp-json\/wp\/v2\/media?parent=11417"}],"wp:term":[{"taxonomy":"category","embeddable":true,"href":"https:\/\/blogs.diariovasco.com\/apartirdelos50\/wp-json\/wp\/v2\/categories?post=11417"},{"taxonomy":"post_tag","embeddable":true,"href":"https:\/\/blogs.diariovasco.com\/apartirdelos50\/wp-json\/wp\/v2\/tags?post=11417"}],"curies":[{"name":"wp","href":"https:\/\/api.w.org\/{rel}","templated":true}]}}