{"id":11429,"date":"2025-10-26T18:46:25","date_gmt":"2025-10-26T17:46:25","guid":{"rendered":"https:\/\/blogs.diariovasco.com\/apartirdelos50\/?p=11429"},"modified":"2025-11-06T19:29:49","modified_gmt":"2025-11-06T18:29:49","slug":"buenos-aires-santos-e-idolos","status":"publish","type":"post","link":"https:\/\/blogs.diariovasco.com\/apartirdelos50\/2025\/10\/26\/buenos-aires-santos-e-idolos\/","title":{"rendered":"Buenos Aires. Santos e \u00eddolos. (II)"},"content":{"rendered":"<div dir=\"auto\"><a href=\"https:\/\/static-blogs.diariovasco.com\/wp-content\/uploads\/sites\/19\/2025\/11\/B-Aires-Boca-Junior.jpg\"><img loading=\"lazy\" class=\"aligncenter size-full wp-image-11430\" src=\"https:\/\/static-blogs.diariovasco.com\/wp-content\/uploads\/sites\/19\/2025\/11\/B-Aires-Boca-Junior.jpg\" alt=\"\" width=\"590\" height=\"334\" srcset=\"https:\/\/static-blogs.diariovasco.com\/wp-content\/uploads\/sites\/19\/2025\/11\/B-Aires-Boca-Junior.jpg 590w, https:\/\/static-blogs.diariovasco.com\/wp-content\/uploads\/sites\/19\/2025\/11\/B-Aires-Boca-Junior-300x170.jpg 300w\" sizes=\"(max-width: 590px) 100vw, 590px\" \/><\/a><\/div>\n<div dir=\"auto\">\n<p>Un City Tour es la mejor manera de acabar cansad\u00edsima, pero de enterarte qu\u00e9 es lo que les importa de verdad a los oriundos, allegados y asimilados. Es el primer paso que deber\u00eda dar todo turista para tener una idea general de lo que hay que ver en una ciudad y luego, con tiempo y en solitario, elegir qu\u00e9 volver a visitar con tiempo demorado y tranquilo.<\/p>\n<p>Juro que no he dado cr\u00e9dito :<\/p>\n<p>La primera visita al barrio de la Boca consisti\u00f3 en ir directamente al estadio de f\u00fatbol del Boca Junior.Aqu\u00ed no hay m\u00e1s dios que Maradona y Messi, su profeta. <a href=\"https:\/\/static-blogs.diariovasco.com\/wp-content\/uploads\/sites\/19\/2025\/11\/B-Aries-La-boca.jpg\"><img loading=\"lazy\" class=\"alignright size-medium wp-image-11431\" src=\"https:\/\/static-blogs.diariovasco.com\/wp-content\/uploads\/sites\/19\/2025\/11\/B-Aries-La-boca-225x300.jpg\" alt=\"\" width=\"225\" height=\"300\" srcset=\"https:\/\/static-blogs.diariovasco.com\/wp-content\/uploads\/sites\/19\/2025\/11\/B-Aries-La-boca-225x300.jpg 225w, https:\/\/static-blogs.diariovasco.com\/wp-content\/uploads\/sites\/19\/2025\/11\/B-Aries-La-boca-768x1024.jpg 768w, https:\/\/static-blogs.diariovasco.com\/wp-content\/uploads\/sites\/19\/2025\/11\/B-Aries-La-boca-1152x1536.jpg 1152w, https:\/\/static-blogs.diariovasco.com\/wp-content\/uploads\/sites\/19\/2025\/11\/B-Aries-La-boca.jpg 1536w\" sizes=\"(max-width: 225px) 100vw, 225px\" \/><\/a><\/p>\n<p>&nbsp;<\/p>\n<p><a href=\"https:\/\/static-blogs.diariovasco.com\/wp-content\/uploads\/sites\/19\/2025\/11\/B-Aires-Papa.jpg\"><img loading=\"lazy\" class=\"alignleft size-medium wp-image-11432\" src=\"https:\/\/static-blogs.diariovasco.com\/wp-content\/uploads\/sites\/19\/2025\/11\/B-Aires-Papa-225x300.jpg\" alt=\"\" width=\"225\" height=\"300\" srcset=\"https:\/\/static-blogs.diariovasco.com\/wp-content\/uploads\/sites\/19\/2025\/11\/B-Aires-Papa-225x300.jpg 225w, https:\/\/static-blogs.diariovasco.com\/wp-content\/uploads\/sites\/19\/2025\/11\/B-Aires-Papa-768x1024.jpg 768w, https:\/\/static-blogs.diariovasco.com\/wp-content\/uploads\/sites\/19\/2025\/11\/B-Aires-Papa-1152x1536.jpg 1152w, https:\/\/static-blogs.diariovasco.com\/wp-content\/uploads\/sites\/19\/2025\/11\/B-Aires-Papa.jpg 1536w\" sizes=\"(max-width: 225px) 100vw, 225px\" \/><\/a><\/p>\n<p>&nbsp;<\/p>\n<p>&nbsp;<\/p>\n<p>Pero como va de \u00eddolos,\u00a0 el Papa Francisco tampoco se queda corto; es un icono popular patrio, doy fe.<\/p>\n<\/div>\n<p><a href=\"https:\/\/static-blogs.diariovasco.com\/wp-content\/uploads\/sites\/19\/2025\/11\/B-Aires-Taxi-Papa.jpg\"><img loading=\"lazy\" class=\"alignleft size-medium wp-image-11433\" src=\"https:\/\/static-blogs.diariovasco.com\/wp-content\/uploads\/sites\/19\/2025\/11\/B-Aires-Taxi-Papa-300x225.jpg\" alt=\"\" width=\"300\" height=\"225\" srcset=\"https:\/\/static-blogs.diariovasco.com\/wp-content\/uploads\/sites\/19\/2025\/11\/B-Aires-Taxi-Papa-300x225.jpg 300w, https:\/\/static-blogs.diariovasco.com\/wp-content\/uploads\/sites\/19\/2025\/11\/B-Aires-Taxi-Papa-1024x768.jpg 1024w, https:\/\/static-blogs.diariovasco.com\/wp-content\/uploads\/sites\/19\/2025\/11\/B-Aires-Taxi-Papa-768x576.jpg 768w, https:\/\/static-blogs.diariovasco.com\/wp-content\/uploads\/sites\/19\/2025\/11\/B-Aires-Taxi-Papa-1536x1152.jpg 1536w, https:\/\/static-blogs.diariovasco.com\/wp-content\/uploads\/sites\/19\/2025\/11\/B-Aires-Taxi-Papa.jpg 1600w\" sizes=\"(max-width: 300px) 100vw, 300px\" \/><\/a><\/p>\n<p>&nbsp;<\/p>\n<p>&nbsp;<\/p>\n<p>&nbsp;<\/p>\n<p>&nbsp;<\/p>\n<div dir=\"auto\">\n<p>&nbsp;<\/p>\n<p>&nbsp;<\/p>\n<p>&nbsp;<\/p>\n<p>&nbsp;<\/p>\n<p><a href=\"https:\/\/static-blogs.diariovasco.com\/wp-content\/uploads\/sites\/19\/2025\/11\/B-Aires-Mafalda.jpg\"><img loading=\"lazy\" class=\"alignleft size-medium wp-image-11434\" src=\"https:\/\/static-blogs.diariovasco.com\/wp-content\/uploads\/sites\/19\/2025\/11\/B-Aires-Mafalda-225x300.jpg\" alt=\"\" width=\"225\" height=\"300\" srcset=\"https:\/\/static-blogs.diariovasco.com\/wp-content\/uploads\/sites\/19\/2025\/11\/B-Aires-Mafalda-225x300.jpg 225w, https:\/\/static-blogs.diariovasco.com\/wp-content\/uploads\/sites\/19\/2025\/11\/B-Aires-Mafalda-768x1024.jpg 768w, https:\/\/static-blogs.diariovasco.com\/wp-content\/uploads\/sites\/19\/2025\/11\/B-Aires-Mafalda-1152x1536.jpg 1152w, https:\/\/static-blogs.diariovasco.com\/wp-content\/uploads\/sites\/19\/2025\/11\/B-Aires-Mafalda.jpg 1536w\" sizes=\"(max-width: 225px) 100vw, 225px\" \/><\/a>Despu\u00e9s, Mafalda -gracias Quino-<\/p>\n<p>y a la distancia necesaria Borges y Bioy Casares.<\/p>\n<\/div>\n<p><a href=\"https:\/\/static-blogs.diariovasco.com\/wp-content\/uploads\/sites\/19\/2025\/11\/B-Aires-Borges-y-Bioy-Casares.jpg\"><img loading=\"lazy\" class=\"alignright size-medium wp-image-11435\" src=\"https:\/\/static-blogs.diariovasco.com\/wp-content\/uploads\/sites\/19\/2025\/11\/B-Aires-Borges-y-Bioy-Casares-242x300.jpg\" alt=\"\" width=\"242\" height=\"300\" srcset=\"https:\/\/static-blogs.diariovasco.com\/wp-content\/uploads\/sites\/19\/2025\/11\/B-Aires-Borges-y-Bioy-Casares-242x300.jpg 242w, https:\/\/static-blogs.diariovasco.com\/wp-content\/uploads\/sites\/19\/2025\/11\/B-Aires-Borges-y-Bioy-Casares-826x1024.jpg 826w, https:\/\/static-blogs.diariovasco.com\/wp-content\/uploads\/sites\/19\/2025\/11\/B-Aires-Borges-y-Bioy-Casares-768x952.jpg 768w, https:\/\/static-blogs.diariovasco.com\/wp-content\/uploads\/sites\/19\/2025\/11\/B-Aires-Borges-y-Bioy-Casares-1239x1536.jpg 1239w, https:\/\/static-blogs.diariovasco.com\/wp-content\/uploads\/sites\/19\/2025\/11\/B-Aires-Borges-y-Bioy-Casares.jpg 1652w\" sizes=\"(max-width: 242px) 100vw, 242px\" \/><\/a><\/p>\n<div dir=\"auto\">\n<p>&nbsp;<\/p>\n<p>&nbsp;<\/p>\n<p>&nbsp;<\/p>\n<p>&nbsp;<\/p>\n<p>&nbsp;<\/p>\n<p>&nbsp;<\/p>\n<p>&nbsp;<\/p>\n<p><a href=\"https:\/\/static-blogs.diariovasco.com\/wp-content\/uploads\/sites\/19\/2025\/11\/Tango-mural.jpg\"><img loading=\"lazy\" class=\"alignleft size-medium wp-image-11436\" src=\"https:\/\/static-blogs.diariovasco.com\/wp-content\/uploads\/sites\/19\/2025\/11\/Tango-mural-225x300.jpg\" alt=\"\" width=\"225\" height=\"300\" srcset=\"https:\/\/static-blogs.diariovasco.com\/wp-content\/uploads\/sites\/19\/2025\/11\/Tango-mural-225x300.jpg 225w, https:\/\/static-blogs.diariovasco.com\/wp-content\/uploads\/sites\/19\/2025\/11\/Tango-mural-768x1024.jpg 768w, https:\/\/static-blogs.diariovasco.com\/wp-content\/uploads\/sites\/19\/2025\/11\/Tango-mural-1152x1536.jpg 1152w, https:\/\/static-blogs.diariovasco.com\/wp-content\/uploads\/sites\/19\/2025\/11\/Tango-mural.jpg 1536w\" sizes=\"(max-width: 225px) 100vw, 225px\" \/><\/a><\/p>\n<p>&nbsp;<\/p>\n<p>Lo del tango, ya si eso, lo dejamos para otro d\u00eda\u2026<\/p>\n<p>Flipando estoy. \ufffcAdem\u00e1s de cansada, sudada y con los pies como raquetas de tenis.<\/p>\n<p>&nbsp;<\/p>\n<p>Felices los felices.\u00b4<\/p>\n<p>LaAlquimista<\/p>\n<p>*Las fotos valen m\u00e1s que mis palabras<\/p>\n<p>Te invito a visitar mi p\u00e1gina en Facebook.<\/p>\n<p><a href=\"https:\/\/www.facebook.com\/apartirdelos50\/\" rel=\"external nofollow\">https:\/\/www.facebook.com\/apartirdelos50\/<\/a><\/p>\n<p><em>Por si alguien desea contactar:<\/em><\/p>\n<p><a href=\"mailto:apartirdeloscincuenta@gmail.com\">apartirdeloscincuenta@gmail.com<\/a><\/p>\n<\/div>\n<!-- AddThis Advanced Settings generic via filter on the_content --><!-- AddThis Share Buttons generic via filter on the_content -->","protected":false},"excerpt":{"rendered":"<p>Un City Tour es la mejor manera de acabar cansad\u00edsima, pero de enterarte qu\u00e9 es lo que les importa de verdad a los oriundos, allegados y asimilados. Es el primer paso que deber\u00eda dar todo turista para tener una idea general de lo que hay que ver en una ciudad y luego, con tiempo y [&hellip;]<!-- AddThis Advanced Settings generic via filter on get_the_excerpt --><!-- AddThis Share Buttons generic via filter on get_the_excerpt --><\/p>\n","protected":false},"author":34,"featured_media":0,"comment_status":"open","ping_status":"closed","sticky":false,"template":"","format":"standard","meta":[],"categories":[1],"tags":[69],"_links":{"self":[{"href":"https:\/\/blogs.diariovasco.com\/apartirdelos50\/wp-json\/wp\/v2\/posts\/11429"}],"collection":[{"href":"https:\/\/blogs.diariovasco.com\/apartirdelos50\/wp-json\/wp\/v2\/posts"}],"about":[{"href":"https:\/\/blogs.diariovasco.com\/apartirdelos50\/wp-json\/wp\/v2\/types\/post"}],"author":[{"embeddable":true,"href":"https:\/\/blogs.diariovasco.com\/apartirdelos50\/wp-json\/wp\/v2\/users\/34"}],"replies":[{"embeddable":true,"href":"https:\/\/blogs.diariovasco.com\/apartirdelos50\/wp-json\/wp\/v2\/comments?post=11429"}],"version-history":[{"count":3,"href":"https:\/\/blogs.diariovasco.com\/apartirdelos50\/wp-json\/wp\/v2\/posts\/11429\/revisions"}],"predecessor-version":[{"id":11441,"href":"https:\/\/blogs.diariovasco.com\/apartirdelos50\/wp-json\/wp\/v2\/posts\/11429\/revisions\/11441"}],"wp:attachment":[{"href":"https:\/\/blogs.diariovasco.com\/apartirdelos50\/wp-json\/wp\/v2\/media?parent=11429"}],"wp:term":[{"taxonomy":"category","embeddable":true,"href":"https:\/\/blogs.diariovasco.com\/apartirdelos50\/wp-json\/wp\/v2\/categories?post=11429"},{"taxonomy":"post_tag","embeddable":true,"href":"https:\/\/blogs.diariovasco.com\/apartirdelos50\/wp-json\/wp\/v2\/tags?post=11429"}],"curies":[{"name":"wp","href":"https:\/\/api.w.org\/{rel}","templated":true}]}}