{"id":11449,"date":"2025-10-28T08:20:41","date_gmt":"2025-10-28T07:20:41","guid":{"rendered":"https:\/\/blogs.diariovasco.com\/apartirdelos50\/?p=11449"},"modified":"2025-11-07T08:38:20","modified_gmt":"2025-11-07T07:38:20","slug":"buenos-aires-plaza-de-mayo-iv","status":"publish","type":"post","link":"https:\/\/blogs.diariovasco.com\/apartirdelos50\/2025\/10\/28\/buenos-aires-plaza-de-mayo-iv\/","title":{"rendered":"Buenos Aires, Plaza de Mayo (IV)"},"content":{"rendered":"<p><a href=\"https:\/\/static-blogs.diariovasco.com\/wp-content\/uploads\/sites\/19\/2025\/11\/B-Aires-Plaza-de-Mayo-nombres.jpg\"><img loading=\"lazy\" class=\"aligncenter size-full wp-image-11450\" src=\"https:\/\/static-blogs.diariovasco.com\/wp-content\/uploads\/sites\/19\/2025\/11\/B-Aires-Plaza-de-Mayo-nombres.jpg\" alt=\"\" width=\"855\" height=\"960\" srcset=\"https:\/\/static-blogs.diariovasco.com\/wp-content\/uploads\/sites\/19\/2025\/11\/B-Aires-Plaza-de-Mayo-nombres.jpg 855w, https:\/\/static-blogs.diariovasco.com\/wp-content\/uploads\/sites\/19\/2025\/11\/B-Aires-Plaza-de-Mayo-nombres-267x300.jpg 267w, https:\/\/static-blogs.diariovasco.com\/wp-content\/uploads\/sites\/19\/2025\/11\/B-Aires-Plaza-de-Mayo-nombres-768x862.jpg 768w\" sizes=\"(max-width: 855px) 100vw, 855px\" \/><\/a><\/p>\n<p>Todos los jueves, al comienzo de la tarde, todav\u00eda, vienen las madres que siguen vivas clamando por sus hijos desaparecidos.<\/p>\n<p><a href=\"https:\/\/static-blogs.diariovasco.com\/wp-content\/uploads\/sites\/19\/2025\/11\/B-Aires-Subte-Plaza-de-Mayo.jpg\"><img loading=\"lazy\" class=\"alignleft size-medium wp-image-11451\" src=\"https:\/\/static-blogs.diariovasco.com\/wp-content\/uploads\/sites\/19\/2025\/11\/B-Aires-Subte-Plaza-de-Mayo-225x300.jpg\" alt=\"\" width=\"225\" height=\"300\" srcset=\"https:\/\/static-blogs.diariovasco.com\/wp-content\/uploads\/sites\/19\/2025\/11\/B-Aires-Subte-Plaza-de-Mayo-225x300.jpg 225w, https:\/\/static-blogs.diariovasco.com\/wp-content\/uploads\/sites\/19\/2025\/11\/B-Aires-Subte-Plaza-de-Mayo.jpg 720w\" sizes=\"(max-width: 225px) 100vw, 225px\" \/><\/a>Ellas tambi\u00e9n se van muriendo, pero el clamor forma parte de la Historia del pa\u00eds, aunque con el paso del tiempo se vaya \u201cblanqueando\u201d todo lo que ocurri\u00f3 y ahora se pretenda modificar la historia.<\/p>\n<p>&nbsp;<\/p>\n<p>Como hicieron tantos indignos con la dignidad de tantos pueblos.<\/p>\n<p>&nbsp;<\/p>\n<p>&nbsp;<\/p>\n<p>&nbsp;<\/p>\n<p><a href=\"https:\/\/static-blogs.diariovasco.com\/wp-content\/uploads\/sites\/19\/2025\/11\/B-Aires-Casa-Rosada.jpg\"><img loading=\"lazy\" class=\"alignright size-medium wp-image-11452\" src=\"https:\/\/static-blogs.diariovasco.com\/wp-content\/uploads\/sites\/19\/2025\/11\/B-Aires-Casa-Rosada-274x300.jpg\" alt=\"\" width=\"274\" height=\"300\" srcset=\"https:\/\/static-blogs.diariovasco.com\/wp-content\/uploads\/sites\/19\/2025\/11\/B-Aires-Casa-Rosada-274x300.jpg 274w, https:\/\/static-blogs.diariovasco.com\/wp-content\/uploads\/sites\/19\/2025\/11\/B-Aires-Casa-Rosada-768x842.jpg 768w, https:\/\/static-blogs.diariovasco.com\/wp-content\/uploads\/sites\/19\/2025\/11\/B-Aires-Casa-Rosada.jpg 876w\" sizes=\"(max-width: 274px) 100vw, 274px\" \/><\/a><\/p>\n<p>&nbsp;<\/p>\n<p>&nbsp;<\/p>\n<p>Duele cruzar la plaza y sacar fotos, como si nada hubiera pasado\u2026con la Casa Rosada al fondo, bien protegida con vallas de hierro para cuando al pueblo le da por levantar la voz y el pu\u00f1o contra quien lo oprime.<\/p>\n<p>&nbsp;<\/p>\n<p><a href=\"https:\/\/static-blogs.diariovasco.com\/wp-content\/uploads\/sites\/19\/2025\/11\/B-Aires-Catedral.jpg\"><img loading=\"lazy\" class=\"alignright size-medium wp-image-11453\" src=\"https:\/\/static-blogs.diariovasco.com\/wp-content\/uploads\/sites\/19\/2025\/11\/B-Aires-Catedral-300x225.jpg\" alt=\"\" width=\"300\" height=\"225\" srcset=\"https:\/\/static-blogs.diariovasco.com\/wp-content\/uploads\/sites\/19\/2025\/11\/B-Aires-Catedral-300x225.jpg 300w, https:\/\/static-blogs.diariovasco.com\/wp-content\/uploads\/sites\/19\/2025\/11\/B-Aires-Catedral-768x576.jpg 768w, https:\/\/static-blogs.diariovasco.com\/wp-content\/uploads\/sites\/19\/2025\/11\/B-Aires-Catedral.jpg 960w\" sizes=\"(max-width: 300px) 100vw, 300px\" \/><\/a><\/p>\n<p>&nbsp;<\/p>\n<p>&nbsp;<\/p>\n<p>Felices las felices, nunca jam\u00e1s lo han sido ni lo ser\u00e1n.<\/p>\n<p>&nbsp;<\/p>\n<p>*Ver \u201cDictadura argentina 1976\/1983. Golpe de Estado Militar\u201d, llamada eufem\u00edsticamente de otra manera. <a href=\"https:\/\/es.wikipedia.org\/wiki\/Proceso_de_Reorganizaci%C3%B3n_Nacional\" rel=\"external nofollow\">Proceso de Reorganizaci\u00f3n Nacional &#8211; Wikipedia, la enciclopedia libre<\/a><\/p>\n<p>Te invito a visitar mi p\u00e1gina en Facebook.<\/p>\n<p><a href=\"https:\/\/www.facebook.com\/apartirdelos50\/\" rel=\"external nofollow\">https:\/\/www.facebook.com\/apartirdelos50\/<\/a><\/p>\n<p><em>Por si alguien desea contactar:<\/em><\/p>\n<p><a href=\"mailto:apartirdeloscincuenta@gmail.com\">apartirdeloscincuenta@gmail.com<\/a><\/p>\n<!-- AddThis Advanced Settings generic via filter on the_content --><!-- AddThis Share Buttons generic via filter on the_content -->","protected":false},"excerpt":{"rendered":"<p>Todos los jueves, al comienzo de la tarde, todav\u00eda, vienen las madres que siguen vivas clamando por sus hijos desaparecidos. Ellas tambi\u00e9n se van muriendo, pero el clamor forma parte de la Historia del pa\u00eds, aunque con el paso del tiempo se vaya \u201cblanqueando\u201d todo lo que ocurri\u00f3 y ahora se pretenda modificar la historia. [&hellip;]<!-- AddThis Advanced Settings generic via filter on get_the_excerpt --><!-- AddThis Share Buttons generic via filter on get_the_excerpt --><\/p>\n","protected":false},"author":34,"featured_media":0,"comment_status":"open","ping_status":"closed","sticky":false,"template":"","format":"standard","meta":[],"categories":[1],"tags":[],"_links":{"self":[{"href":"https:\/\/blogs.diariovasco.com\/apartirdelos50\/wp-json\/wp\/v2\/posts\/11449"}],"collection":[{"href":"https:\/\/blogs.diariovasco.com\/apartirdelos50\/wp-json\/wp\/v2\/posts"}],"about":[{"href":"https:\/\/blogs.diariovasco.com\/apartirdelos50\/wp-json\/wp\/v2\/types\/post"}],"author":[{"embeddable":true,"href":"https:\/\/blogs.diariovasco.com\/apartirdelos50\/wp-json\/wp\/v2\/users\/34"}],"replies":[{"embeddable":true,"href":"https:\/\/blogs.diariovasco.com\/apartirdelos50\/wp-json\/wp\/v2\/comments?post=11449"}],"version-history":[{"count":1,"href":"https:\/\/blogs.diariovasco.com\/apartirdelos50\/wp-json\/wp\/v2\/posts\/11449\/revisions"}],"predecessor-version":[{"id":11454,"href":"https:\/\/blogs.diariovasco.com\/apartirdelos50\/wp-json\/wp\/v2\/posts\/11449\/revisions\/11454"}],"wp:attachment":[{"href":"https:\/\/blogs.diariovasco.com\/apartirdelos50\/wp-json\/wp\/v2\/media?parent=11449"}],"wp:term":[{"taxonomy":"category","embeddable":true,"href":"https:\/\/blogs.diariovasco.com\/apartirdelos50\/wp-json\/wp\/v2\/categories?post=11449"},{"taxonomy":"post_tag","embeddable":true,"href":"https:\/\/blogs.diariovasco.com\/apartirdelos50\/wp-json\/wp\/v2\/tags?post=11449"}],"curies":[{"name":"wp","href":"https:\/\/api.w.org\/{rel}","templated":true}]}}