{"id":11532,"date":"2025-11-05T07:27:47","date_gmt":"2025-11-05T06:27:47","guid":{"rendered":"https:\/\/blogs.diariovasco.com\/apartirdelos50\/?p=11532"},"modified":"2025-11-09T07:44:44","modified_gmt":"2025-11-09T06:44:44","slug":"en-modo-cataratas-de-iguazu-xii","status":"publish","type":"post","link":"https:\/\/blogs.diariovasco.com\/apartirdelos50\/2025\/11\/05\/en-modo-cataratas-de-iguazu-xii\/","title":{"rendered":"En modo cataratas de Iguaz\u00fa.- (XII)"},"content":{"rendered":"<p><a href=\"https:\/\/static-blogs.diariovasco.com\/wp-content\/uploads\/sites\/19\/2025\/11\/Argentina-Iguazu-cataratas.jpg\"><img loading=\"lazy\" class=\"aligncenter size-large wp-image-11533\" src=\"https:\/\/static-blogs.diariovasco.com\/wp-content\/uploads\/sites\/19\/2025\/11\/Argentina-Iguazu-cataratas-1024x768.jpg\" alt=\"\" width=\"1024\" height=\"768\" srcset=\"https:\/\/static-blogs.diariovasco.com\/wp-content\/uploads\/sites\/19\/2025\/11\/Argentina-Iguazu-cataratas-1024x768.jpg 1024w, https:\/\/static-blogs.diariovasco.com\/wp-content\/uploads\/sites\/19\/2025\/11\/Argentina-Iguazu-cataratas-300x225.jpg 300w, https:\/\/static-blogs.diariovasco.com\/wp-content\/uploads\/sites\/19\/2025\/11\/Argentina-Iguazu-cataratas-768x576.jpg 768w, https:\/\/static-blogs.diariovasco.com\/wp-content\/uploads\/sites\/19\/2025\/11\/Argentina-Iguazu-cataratas-1536x1152.jpg 1536w, https:\/\/static-blogs.diariovasco.com\/wp-content\/uploads\/sites\/19\/2025\/11\/Argentina-Iguazu-cataratas.jpg 2048w\" sizes=\"(max-width: 1024px) 100vw, 1024px\" \/><\/a><\/p>\n<p>!Ah, por todos los dioses!<\/p>\n<p>Ya estoy en medio de una aglomeraci\u00f3n -con lo que a m\u00ed me gustan -; ya estamos miles de turistas, empuj\u00e1ndonos a codazos- sorry, please, !Que me dejes sitio!- correteando como ping\u00fcinos por las pasarelas que circundan \u00a0las cataratas con el agua m\u00e1s rojiza del mundo.<\/p>\n<p><a href=\"https:\/\/static-blogs.diariovasco.com\/wp-content\/uploads\/sites\/19\/2025\/11\/Argentina-Iguazu-cataratas-0.jpg\"><img loading=\"lazy\" class=\"alignleft size-medium wp-image-11534\" src=\"https:\/\/static-blogs.diariovasco.com\/wp-content\/uploads\/sites\/19\/2025\/11\/Argentina-Iguazu-cataratas-0-225x300.jpg\" alt=\"\" width=\"225\" height=\"300\" srcset=\"https:\/\/static-blogs.diariovasco.com\/wp-content\/uploads\/sites\/19\/2025\/11\/Argentina-Iguazu-cataratas-0-225x300.jpg 225w, https:\/\/static-blogs.diariovasco.com\/wp-content\/uploads\/sites\/19\/2025\/11\/Argentina-Iguazu-cataratas-0-768x1024.jpg 768w, https:\/\/static-blogs.diariovasco.com\/wp-content\/uploads\/sites\/19\/2025\/11\/Argentina-Iguazu-cataratas-0-1152x1536.jpg 1152w, https:\/\/static-blogs.diariovasco.com\/wp-content\/uploads\/sites\/19\/2025\/11\/Argentina-Iguazu-cataratas-0.jpg 1536w\" sizes=\"(max-width: 225px) 100vw, 225px\" \/><\/a><\/p>\n<p>Los mejores v\u00eddeos est\u00e1n en YouTube- desbancados para siempre los documentales de National Geographic- as\u00ed que no voy a dar la chapa con mis fotos, sacadas con el m\u00f3vil.<\/p>\n<p>&nbsp;<\/p>\n<p>\u00bf Impresionante? S\u00ed.\u00a0 <a href=\"https:\/\/static-blogs.diariovasco.com\/wp-content\/uploads\/sites\/19\/2025\/11\/Argentina-Cecilia-Iguazu.jpg\"><img loading=\"lazy\" class=\"alignright size-medium wp-image-11538\" src=\"https:\/\/static-blogs.diariovasco.com\/wp-content\/uploads\/sites\/19\/2025\/11\/Argentina-Cecilia-Iguazu-225x300.jpg\" alt=\"\" width=\"225\" height=\"300\" srcset=\"https:\/\/static-blogs.diariovasco.com\/wp-content\/uploads\/sites\/19\/2025\/11\/Argentina-Cecilia-Iguazu-225x300.jpg 225w, https:\/\/static-blogs.diariovasco.com\/wp-content\/uploads\/sites\/19\/2025\/11\/Argentina-Cecilia-Iguazu-768x1024.jpg 768w, https:\/\/static-blogs.diariovasco.com\/wp-content\/uploads\/sites\/19\/2025\/11\/Argentina-Cecilia-Iguazu-1152x1536.jpg 1152w, https:\/\/static-blogs.diariovasco.com\/wp-content\/uploads\/sites\/19\/2025\/11\/Argentina-Cecilia-Iguazu.jpg 1536w\" sizes=\"(max-width: 225px) 100vw, 225px\" \/><\/a><\/p>\n<p>&nbsp;<\/p>\n<p>\u00bfVale la pena venir hasta aqu\u00ed?<\/p>\n<p>&nbsp;<\/p>\n<p>Pues tambi\u00e9n. <a href=\"https:\/\/static-blogs.diariovasco.com\/wp-content\/uploads\/sites\/19\/2025\/11\/Argentina-Iguazu-cataratas-3.jpg\"><img loading=\"lazy\" class=\"alignright size-medium wp-image-11537\" src=\"https:\/\/static-blogs.diariovasco.com\/wp-content\/uploads\/sites\/19\/2025\/11\/Argentina-Iguazu-cataratas-3-225x300.jpg\" alt=\"\" width=\"225\" height=\"300\" srcset=\"https:\/\/static-blogs.diariovasco.com\/wp-content\/uploads\/sites\/19\/2025\/11\/Argentina-Iguazu-cataratas-3-225x300.jpg 225w, https:\/\/static-blogs.diariovasco.com\/wp-content\/uploads\/sites\/19\/2025\/11\/Argentina-Iguazu-cataratas-3-768x1024.jpg 768w, https:\/\/static-blogs.diariovasco.com\/wp-content\/uploads\/sites\/19\/2025\/11\/Argentina-Iguazu-cataratas-3-1152x1536.jpg 1152w, https:\/\/static-blogs.diariovasco.com\/wp-content\/uploads\/sites\/19\/2025\/11\/Argentina-Iguazu-cataratas-3.jpg 1536w\" sizes=\"(max-width: 225px) 100vw, 225px\" \/><\/a><\/p>\n<p>&nbsp;<\/p>\n<p>Me perd\u00ed, me retras\u00e9 y ped\u00ed que me dejaran tranquila.<\/p>\n<p><a href=\"https:\/\/static-blogs.diariovasco.com\/wp-content\/uploads\/sites\/19\/2025\/11\/574541543_10162269675842877_6305741334783802342_n.jpg\"><img loading=\"lazy\" class=\"alignright size-medium wp-image-11535\" src=\"https:\/\/static-blogs.diariovasco.com\/wp-content\/uploads\/sites\/19\/2025\/11\/574541543_10162269675842877_6305741334783802342_n-225x300.jpg\" alt=\"\" width=\"225\" height=\"300\" srcset=\"https:\/\/static-blogs.diariovasco.com\/wp-content\/uploads\/sites\/19\/2025\/11\/574541543_10162269675842877_6305741334783802342_n-225x300.jpg 225w, https:\/\/static-blogs.diariovasco.com\/wp-content\/uploads\/sites\/19\/2025\/11\/574541543_10162269675842877_6305741334783802342_n-768x1024.jpg 768w, https:\/\/static-blogs.diariovasco.com\/wp-content\/uploads\/sites\/19\/2025\/11\/574541543_10162269675842877_6305741334783802342_n-1152x1536.jpg 1152w, https:\/\/static-blogs.diariovasco.com\/wp-content\/uploads\/sites\/19\/2025\/11\/574541543_10162269675842877_6305741334783802342_n.jpg 1536w\" sizes=\"(max-width: 225px) 100vw, 225px\" \/><\/a><\/p>\n<p>Despu\u00e9s de dos recorridos de varios kil\u00f3metros \u00a0pens\u00e9 que hab\u00eda visto suficiente y renunci\u00e9 a montarme en un barquichuelo para pasar cerca de la rompiente de millones de metros c\u00fabicos de agua por segundo.<\/p>\n<p>&nbsp;<\/p>\n<p>Eran las 2:00 de la tarde y el calor y la humedad rozaban m\u00e1ximos hist\u00f3ricos, as\u00ed que me tumb\u00e9 debajo de un \u00e1rbol a sentir otra vez la experiencia\u2026! \u00a0!Pero me qued\u00e9 dormida y cay\u00f3 una siesta de campeonato!<\/p>\n<p><a href=\"https:\/\/static-blogs.diariovasco.com\/wp-content\/uploads\/sites\/19\/2025\/11\/Argentina-Iguazu-cataratas-1.jpg\"><img loading=\"lazy\" class=\"alignleft size-medium wp-image-11536\" src=\"https:\/\/static-blogs.diariovasco.com\/wp-content\/uploads\/sites\/19\/2025\/11\/Argentina-Iguazu-cataratas-1-225x300.jpg\" alt=\"\" width=\"225\" height=\"300\" srcset=\"https:\/\/static-blogs.diariovasco.com\/wp-content\/uploads\/sites\/19\/2025\/11\/Argentina-Iguazu-cataratas-1-225x300.jpg 225w, https:\/\/static-blogs.diariovasco.com\/wp-content\/uploads\/sites\/19\/2025\/11\/Argentina-Iguazu-cataratas-1-768x1024.jpg 768w, https:\/\/static-blogs.diariovasco.com\/wp-content\/uploads\/sites\/19\/2025\/11\/Argentina-Iguazu-cataratas-1-1152x1536.jpg 1152w, https:\/\/static-blogs.diariovasco.com\/wp-content\/uploads\/sites\/19\/2025\/11\/Argentina-Iguazu-cataratas-1.jpg 1536w\" sizes=\"(max-width: 225px) 100vw, 225px\" \/><\/a><\/p>\n<p>Entre el agua congelada de los glaciares y el agua viva de las cataratas me quedo con las cataratas; cuesti\u00f3n de gustos.<\/p>\n<p>&nbsp;<\/p>\n<p>Para rematar el d\u00eda un solomillo de medio kilo que, \u00a0curiosamente, me sent\u00f3 genial. Es \u00fanica \u00a0en el mundo la carne argentina, se pongan como se pongan los bueyes gallegos\u2026 <a href=\"https:\/\/static-blogs.diariovasco.com\/wp-content\/uploads\/sites\/19\/2025\/11\/Argentina-solomillo.jpg\"><img loading=\"lazy\" class=\"alignright size-medium wp-image-11539\" src=\"https:\/\/static-blogs.diariovasco.com\/wp-content\/uploads\/sites\/19\/2025\/11\/Argentina-solomillo-225x300.jpg\" alt=\"\" width=\"225\" height=\"300\" srcset=\"https:\/\/static-blogs.diariovasco.com\/wp-content\/uploads\/sites\/19\/2025\/11\/Argentina-solomillo-225x300.jpg 225w, https:\/\/static-blogs.diariovasco.com\/wp-content\/uploads\/sites\/19\/2025\/11\/Argentina-solomillo-768x1024.jpg 768w, https:\/\/static-blogs.diariovasco.com\/wp-content\/uploads\/sites\/19\/2025\/11\/Argentina-solomillo-1152x1536.jpg 1152w, https:\/\/static-blogs.diariovasco.com\/wp-content\/uploads\/sites\/19\/2025\/11\/Argentina-solomillo.jpg 1536w\" sizes=\"(max-width: 225px) 100vw, 225px\" \/><\/a><\/p>\n<p>&nbsp;<\/p>\n<p>Ma\u00f1ana pasamos a Brasil a ver lo mismo desde el otro lado.<\/p>\n<p>Felices los felices.<\/p>\n<p>Las dos \u00faltimas fotos son el regalito que me traigo de esa tierra ub\u00e9rrima\u2026<\/p>\n<p><a href=\"https:\/\/static-blogs.diariovasco.com\/wp-content\/uploads\/sites\/19\/2025\/11\/Argentina-Iguazu-dermatitis.jpg\"><img loading=\"lazy\" class=\"alignright size-medium wp-image-11541\" src=\"https:\/\/static-blogs.diariovasco.com\/wp-content\/uploads\/sites\/19\/2025\/11\/Argentina-Iguazu-dermatitis-300x225.jpg\" alt=\"\" width=\"300\" height=\"225\" srcset=\"https:\/\/static-blogs.diariovasco.com\/wp-content\/uploads\/sites\/19\/2025\/11\/Argentina-Iguazu-dermatitis-300x225.jpg 300w, https:\/\/static-blogs.diariovasco.com\/wp-content\/uploads\/sites\/19\/2025\/11\/Argentina-Iguazu-dermatitis-1024x768.jpg 1024w, https:\/\/static-blogs.diariovasco.com\/wp-content\/uploads\/sites\/19\/2025\/11\/Argentina-Iguazu-dermatitis-768x576.jpg 768w, https:\/\/static-blogs.diariovasco.com\/wp-content\/uploads\/sites\/19\/2025\/11\/Argentina-Iguazu-dermatitis-1536x1152.jpg 1536w, https:\/\/static-blogs.diariovasco.com\/wp-content\/uploads\/sites\/19\/2025\/11\/Argentina-Iguazu-dermatitis.jpg 2048w\" sizes=\"(max-width: 300px) 100vw, 300px\" \/><\/a><\/p>\n<p><a href=\"https:\/\/static-blogs.diariovasco.com\/wp-content\/uploads\/sites\/19\/2025\/11\/Argentina-Iguazu-dermatitis-2.jpg\"><img loading=\"lazy\" class=\"alignright size-medium wp-image-11540\" src=\"https:\/\/static-blogs.diariovasco.com\/wp-content\/uploads\/sites\/19\/2025\/11\/Argentina-Iguazu-dermatitis-2-225x300.jpg\" alt=\"\" width=\"225\" height=\"300\" srcset=\"https:\/\/static-blogs.diariovasco.com\/wp-content\/uploads\/sites\/19\/2025\/11\/Argentina-Iguazu-dermatitis-2-225x300.jpg 225w, https:\/\/static-blogs.diariovasco.com\/wp-content\/uploads\/sites\/19\/2025\/11\/Argentina-Iguazu-dermatitis-2-768x1024.jpg 768w, https:\/\/static-blogs.diariovasco.com\/wp-content\/uploads\/sites\/19\/2025\/11\/Argentina-Iguazu-dermatitis-2-1152x1536.jpg 1152w, https:\/\/static-blogs.diariovasco.com\/wp-content\/uploads\/sites\/19\/2025\/11\/Argentina-Iguazu-dermatitis-2.jpg 1536w\" sizes=\"(max-width: 225px) 100vw, 225px\" \/><\/a><\/p>\n<p>&nbsp;<\/p>\n<p>&nbsp;<\/p>\n<p>&nbsp;<\/p>\n<p>&nbsp;<\/p>\n<p>&nbsp;<\/p>\n<p>&nbsp;<\/p>\n<p>&nbsp;<\/p>\n<p>Te invito a visitar mi p\u00e1gina en Facebook.<\/p>\n<p><a href=\"https:\/\/www.facebook.com\/apartirdelos50\/\" rel=\"external nofollow\">https:\/\/www.facebook.com\/apartirdelos50\/<\/a><\/p>\n<p><em>Por si alguien desea contactar:<\/em><\/p>\n<p><a href=\"mailto:apartirdeloscincuenta@gmail.com\">apartirdeloscincuenta@gmail.com<\/a><\/p>\n<p><a href=\"https:\/\/static-blogs.diariovasco.com\/wp-content\/uploads\/sites\/19\/2025\/09\/A-partir-de-los-50-2.jpg\"><img loading=\"lazy\" class=\"alignright size-medium wp-image-11354\" src=\"https:\/\/static-blogs.diariovasco.com\/wp-content\/uploads\/sites\/19\/2025\/09\/A-partir-de-los-50-2-300x300.jpg\" alt=\"\" width=\"300\" height=\"300\" srcset=\"https:\/\/static-blogs.diariovasco.com\/wp-content\/uploads\/sites\/19\/2025\/09\/A-partir-de-los-50-2-300x300.jpg 300w, https:\/\/static-blogs.diariovasco.com\/wp-content\/uploads\/sites\/19\/2025\/09\/A-partir-de-los-50-2-150x150.jpg 150w, https:\/\/static-blogs.diariovasco.com\/wp-content\/uploads\/sites\/19\/2025\/09\/A-partir-de-los-50-2.jpg 524w\" sizes=\"(max-width: 300px) 100vw, 300px\" \/><\/a><\/p>\n<!-- AddThis Advanced Settings generic via filter on the_content --><!-- AddThis Share Buttons generic via filter on the_content -->","protected":false},"excerpt":{"rendered":"<p>!Ah, por todos los dioses! Ya estoy en medio de una aglomeraci\u00f3n -con lo que a m\u00ed me gustan -; ya estamos miles de turistas, empuj\u00e1ndonos a codazos- sorry, please, !Que me dejes sitio!- correteando como ping\u00fcinos por las pasarelas que circundan \u00a0las cataratas con el agua m\u00e1s rojiza del mundo. Los mejores v\u00eddeos est\u00e1n [&hellip;]<!-- AddThis Advanced Settings generic via filter on get_the_excerpt --><!-- AddThis Share Buttons generic via filter on get_the_excerpt --><\/p>\n","protected":false},"author":34,"featured_media":0,"comment_status":"open","ping_status":"closed","sticky":false,"template":"","format":"standard","meta":[],"categories":[2,1539],"tags":[1572],"_links":{"self":[{"href":"https:\/\/blogs.diariovasco.com\/apartirdelos50\/wp-json\/wp\/v2\/posts\/11532"}],"collection":[{"href":"https:\/\/blogs.diariovasco.com\/apartirdelos50\/wp-json\/wp\/v2\/posts"}],"about":[{"href":"https:\/\/blogs.diariovasco.com\/apartirdelos50\/wp-json\/wp\/v2\/types\/post"}],"author":[{"embeddable":true,"href":"https:\/\/blogs.diariovasco.com\/apartirdelos50\/wp-json\/wp\/v2\/users\/34"}],"replies":[{"embeddable":true,"href":"https:\/\/blogs.diariovasco.com\/apartirdelos50\/wp-json\/wp\/v2\/comments?post=11532"}],"version-history":[{"count":1,"href":"https:\/\/blogs.diariovasco.com\/apartirdelos50\/wp-json\/wp\/v2\/posts\/11532\/revisions"}],"predecessor-version":[{"id":11542,"href":"https:\/\/blogs.diariovasco.com\/apartirdelos50\/wp-json\/wp\/v2\/posts\/11532\/revisions\/11542"}],"wp:attachment":[{"href":"https:\/\/blogs.diariovasco.com\/apartirdelos50\/wp-json\/wp\/v2\/media?parent=11532"}],"wp:term":[{"taxonomy":"category","embeddable":true,"href":"https:\/\/blogs.diariovasco.com\/apartirdelos50\/wp-json\/wp\/v2\/categories?post=11532"},{"taxonomy":"post_tag","embeddable":true,"href":"https:\/\/blogs.diariovasco.com\/apartirdelos50\/wp-json\/wp\/v2\/tags?post=11532"}],"curies":[{"name":"wp","href":"https:\/\/api.w.org\/{rel}","templated":true}]}}