{"id":11579,"date":"2025-11-18T06:43:06","date_gmt":"2025-11-18T05:43:06","guid":{"rendered":"https:\/\/blogs.diariovasco.com\/apartirdelos50\/?p=11579"},"modified":"2025-11-16T10:49:04","modified_gmt":"2025-11-16T09:49:04","slug":"11579","status":"publish","type":"post","link":"https:\/\/blogs.diariovasco.com\/apartirdelos50\/2025\/11\/18\/11579\/","title":{"rendered":"Pasear ciudades a coraz\u00f3n abierto"},"content":{"rendered":"<p><a href=\"https:\/\/static-blogs.diariovasco.com\/wp-content\/uploads\/sites\/19\/2025\/11\/Pies-en-la-arena.jpg\"><img loading=\"lazy\" class=\"aligncenter size-large wp-image-11582\" src=\"https:\/\/static-blogs.diariovasco.com\/wp-content\/uploads\/sites\/19\/2025\/11\/Pies-en-la-arena-768x1024.jpg\" alt=\"\" width=\"768\" height=\"1024\" srcset=\"https:\/\/static-blogs.diariovasco.com\/wp-content\/uploads\/sites\/19\/2025\/11\/Pies-en-la-arena-768x1024.jpg 768w, https:\/\/static-blogs.diariovasco.com\/wp-content\/uploads\/sites\/19\/2025\/11\/Pies-en-la-arena-225x300.jpg 225w, https:\/\/static-blogs.diariovasco.com\/wp-content\/uploads\/sites\/19\/2025\/11\/Pies-en-la-arena-1152x1536.jpg 1152w, https:\/\/static-blogs.diariovasco.com\/wp-content\/uploads\/sites\/19\/2025\/11\/Pies-en-la-arena.jpg 1440w\" sizes=\"(max-width: 768px) 100vw, 768px\" \/><\/a><\/p>\n<p>Los franceses tienen palabras \u00fanicas y preciosas para explicar conceptos, modos, sensaciones. El verbo \u2018fl\u00e2ner\u2019 es una de ellas; significa vagar sin rumbo, pasear sin prisa, deambular placenteramente por un paraje o ciudad.<\/p>\n<p>Las gu\u00edas tur\u00edsticas impelen a ir corriendo de un lado a otro para llenar de fotograf\u00edas el \u00e1lbum del tel\u00e9fono m\u00f3vil. -\u201cQu\u00e9 ver en dos d\u00edas. Qu\u00e9 hacer en veinticuatro horas\u201d.<\/p>\n<p>Dislate, desperdicio vital. No disponer de tiempo para perderse por calles desconocidas, atentos al descubrimiento inesperado; un rinc\u00f3n impensable, un personaje inefable, una sorpresa que hace cosquillas por dentro.<\/p>\n<p><a href=\"https:\/\/static-blogs.diariovasco.com\/wp-content\/uploads\/sites\/19\/2025\/11\/Camino-bosquecillo.jpg\"><img loading=\"lazy\" class=\"aligncenter size-large wp-image-11583\" src=\"https:\/\/static-blogs.diariovasco.com\/wp-content\/uploads\/sites\/19\/2025\/11\/Camino-bosquecillo-768x1024.jpg\" alt=\"\" width=\"768\" height=\"1024\" srcset=\"https:\/\/static-blogs.diariovasco.com\/wp-content\/uploads\/sites\/19\/2025\/11\/Camino-bosquecillo-768x1024.jpg 768w, https:\/\/static-blogs.diariovasco.com\/wp-content\/uploads\/sites\/19\/2025\/11\/Camino-bosquecillo-225x300.jpg 225w, https:\/\/static-blogs.diariovasco.com\/wp-content\/uploads\/sites\/19\/2025\/11\/Camino-bosquecillo-1152x1536.jpg 1152w, https:\/\/static-blogs.diariovasco.com\/wp-content\/uploads\/sites\/19\/2025\/11\/Camino-bosquecillo.jpg 1440w\" sizes=\"(max-width: 768px) 100vw, 768px\" \/><\/a><\/p>\n<p>Descubr\u00ed hace a\u00f1os que no me hac\u00eda falta ir hasta Paris \u2013que tambi\u00e9n- para sentirme una \u2018fl\u00e2neuse\u2019 de pleno derecho. Comprob\u00e9 que me era suficiente agarrar las ganas, soltar las prisas y lanzarme al (re)descubrimiento de mi hermosa ciudad; alejarme del itinerario rutinario, doblar la esquina en vez de seguir recto, enfilar la calle tranquila en vez de la avenida agitada, dirigiendo los pasos -en sentido opuesto al humo de los coches- hacia el im\u00e1n verde, bajo la sombra viva, alzando los ojos hacia los \u00e1rboles de los parques que nos amparan y cobijan, sosegados en oto\u00f1o, pujantes en primavera: siempre vivos.<\/p>\n<p>Mirar hacia arriba, -tambi\u00e9n- al p\u00e9treo bosque de torreones, templetes, agujas, balconadas, cornisas, arquitectura ofrecida en todo su esplendor a los ojos de quien sepa valorar. Seguir el curso del r\u00edo, -que siempre lleva al mar-; contar las gaviotas y equivocarme y volver a empezar, leer las leyendas grabadas en los bancos, acariciar la piedra templada por el solecito de media tarde\u2026<\/p>\n<p><a href=\"https:\/\/static-blogs.diariovasco.com\/wp-content\/uploads\/sites\/19\/2025\/11\/Arbol-Cristina-Enea.jpg\"><img loading=\"lazy\" class=\"aligncenter size-large wp-image-11584\" src=\"https:\/\/static-blogs.diariovasco.com\/wp-content\/uploads\/sites\/19\/2025\/11\/Arbol-Cristina-Enea-768x1024.jpg\" alt=\"\" width=\"768\" height=\"1024\" srcset=\"https:\/\/static-blogs.diariovasco.com\/wp-content\/uploads\/sites\/19\/2025\/11\/Arbol-Cristina-Enea-768x1024.jpg 768w, https:\/\/static-blogs.diariovasco.com\/wp-content\/uploads\/sites\/19\/2025\/11\/Arbol-Cristina-Enea-225x300.jpg 225w, https:\/\/static-blogs.diariovasco.com\/wp-content\/uploads\/sites\/19\/2025\/11\/Arbol-Cristina-Enea-1152x1536.jpg 1152w, https:\/\/static-blogs.diariovasco.com\/wp-content\/uploads\/sites\/19\/2025\/11\/Arbol-Cristina-Enea.jpg 1440w\" sizes=\"(max-width: 768px) 100vw, 768px\" \/><\/a><\/p>\n<p>Saltar del adoqu\u00edn a la arena h\u00fameda de la playa, jugar a que no te pille la ola de la marea que sube, detenerse, respirar, vaciar la mente, tan solo sentir.<\/p>\n<p>Y cuando el embrujo aprieta un poco m\u00e1s arriba del est\u00f3mago decirse \u2013en voz baja, pero pronunciando las palabras- que todo est\u00e1 en orden, en paz en el interior, que la felicidad es un trocito de esto o algo parecido, justo el instante en que se siente y nada m\u00e1s. Que no es poco.<\/p>\n<p>Felices los felices.\u00a0 <a href=\"https:\/\/static-blogs.diariovasco.com\/wp-content\/uploads\/sites\/19\/2025\/11\/A-partir-de-los-50-2.jpg\"><img loading=\"lazy\" class=\"alignleft size-medium wp-image-11561\" src=\"https:\/\/static-blogs.diariovasco.com\/wp-content\/uploads\/sites\/19\/2025\/11\/A-partir-de-los-50-2-300x300.jpg\" alt=\"\" width=\"300\" height=\"300\" srcset=\"https:\/\/static-blogs.diariovasco.com\/wp-content\/uploads\/sites\/19\/2025\/11\/A-partir-de-los-50-2-300x300.jpg 300w, https:\/\/static-blogs.diariovasco.com\/wp-content\/uploads\/sites\/19\/2025\/11\/A-partir-de-los-50-2-150x150.jpg 150w, https:\/\/static-blogs.diariovasco.com\/wp-content\/uploads\/sites\/19\/2025\/11\/A-partir-de-los-50-2.jpg 524w\" sizes=\"(max-width: 300px) 100vw, 300px\" \/><\/a><\/p>\n<p>LaAlquimista<\/p>\n<p>Te invito a visitar mi p\u00e1gina en Facebook.<\/p>\n<p><a href=\"https:\/\/www.facebook.com\/apartirdelos50\/\" rel=\"external nofollow\">https:\/\/www.facebook.com\/apartirdelos50\/<\/a><\/p>\n<p><em>Por si alguien desea contactar:<\/em><\/p>\n<p><a href=\"mailto:apartirdeloscincuenta@gmail.com\">apartirdeloscincuenta@gmail.com<\/a><\/p>\n<p>&nbsp;<\/p>\n<!-- AddThis Advanced Settings generic via filter on the_content --><!-- AddThis Share Buttons generic via filter on the_content -->","protected":false},"excerpt":{"rendered":"<p>Los franceses tienen palabras \u00fanicas y preciosas para explicar conceptos, modos, sensaciones. El verbo \u2018fl\u00e2ner\u2019 es una de ellas; significa vagar sin rumbo, pasear sin prisa, deambular placenteramente por un paraje o ciudad. Las gu\u00edas tur\u00edsticas impelen a ir corriendo de un lado a otro para llenar de fotograf\u00edas el \u00e1lbum del tel\u00e9fono m\u00f3vil. -\u201cQu\u00e9 [&hellip;]<!-- AddThis Advanced Settings generic via filter on get_the_excerpt --><!-- AddThis Share Buttons generic via filter on get_the_excerpt --><\/p>\n","protected":false},"author":34,"featured_media":0,"comment_status":"open","ping_status":"closed","sticky":false,"template":"","format":"standard","meta":[],"categories":[9,2],"tags":[1575],"_links":{"self":[{"href":"https:\/\/blogs.diariovasco.com\/apartirdelos50\/wp-json\/wp\/v2\/posts\/11579"}],"collection":[{"href":"https:\/\/blogs.diariovasco.com\/apartirdelos50\/wp-json\/wp\/v2\/posts"}],"about":[{"href":"https:\/\/blogs.diariovasco.com\/apartirdelos50\/wp-json\/wp\/v2\/types\/post"}],"author":[{"embeddable":true,"href":"https:\/\/blogs.diariovasco.com\/apartirdelos50\/wp-json\/wp\/v2\/users\/34"}],"replies":[{"embeddable":true,"href":"https:\/\/blogs.diariovasco.com\/apartirdelos50\/wp-json\/wp\/v2\/comments?post=11579"}],"version-history":[{"count":3,"href":"https:\/\/blogs.diariovasco.com\/apartirdelos50\/wp-json\/wp\/v2\/posts\/11579\/revisions"}],"predecessor-version":[{"id":11585,"href":"https:\/\/blogs.diariovasco.com\/apartirdelos50\/wp-json\/wp\/v2\/posts\/11579\/revisions\/11585"}],"wp:attachment":[{"href":"https:\/\/blogs.diariovasco.com\/apartirdelos50\/wp-json\/wp\/v2\/media?parent=11579"}],"wp:term":[{"taxonomy":"category","embeddable":true,"href":"https:\/\/blogs.diariovasco.com\/apartirdelos50\/wp-json\/wp\/v2\/categories?post=11579"},{"taxonomy":"post_tag","embeddable":true,"href":"https:\/\/blogs.diariovasco.com\/apartirdelos50\/wp-json\/wp\/v2\/tags?post=11579"}],"curies":[{"name":"wp","href":"https:\/\/api.w.org\/{rel}","templated":true}]}}