{"id":11586,"date":"2025-11-21T06:01:33","date_gmt":"2025-11-21T05:01:33","guid":{"rendered":"https:\/\/blogs.diariovasco.com\/apartirdelos50\/?p=11586"},"modified":"2025-11-19T09:09:20","modified_gmt":"2025-11-19T08:09:20","slug":"el-peor-ejemplo-el-mejor-ejemplo","status":"publish","type":"post","link":"https:\/\/blogs.diariovasco.com\/apartirdelos50\/2025\/11\/21\/el-peor-ejemplo-el-mejor-ejemplo\/","title":{"rendered":"Encerrarse en vida"},"content":{"rendered":"<div id=\"attachment_11588\" style=\"width: 910px\" class=\"wp-caption aligncenter\"><a href=\"https:\/\/static-blogs.diariovasco.com\/wp-content\/uploads\/sites\/19\/2025\/11\/soledad-perosnas-mayores.jpg\"><img aria-describedby=\"caption-attachment-11588\" loading=\"lazy\" class=\"size-full wp-image-11588\" src=\"https:\/\/static-blogs.diariovasco.com\/wp-content\/uploads\/sites\/19\/2025\/11\/soledad-perosnas-mayores.jpg\" alt=\"\" width=\"900\" height=\"600\" srcset=\"https:\/\/static-blogs.diariovasco.com\/wp-content\/uploads\/sites\/19\/2025\/11\/soledad-perosnas-mayores.jpg 900w, https:\/\/static-blogs.diariovasco.com\/wp-content\/uploads\/sites\/19\/2025\/11\/soledad-perosnas-mayores-300x200.jpg 300w, https:\/\/static-blogs.diariovasco.com\/wp-content\/uploads\/sites\/19\/2025\/11\/soledad-perosnas-mayores-768x512.jpg 768w\" sizes=\"(max-width: 900px) 100vw, 900px\" \/><\/a><p id=\"caption-attachment-11588\" class=\"wp-caption-text\">*Fotograf\u00eda sacada de Internet<\/p><\/div>\n<p>Cuando mi madre cumpli\u00f3 los ochenta, hall\u00e1ndose bien de salud f\u00edsica -con sus cosas, pero sin ninguna patolog\u00eda de gravedad-, con un curr\u00edculum activo de actividades intelectuales y religiosas, viuda desde los sesenta y cinco y libre como un p\u00e1jaro sin ejercer de abuela por voluntad propia y viviendo en compa\u00f1\u00eda de una trabajadora que se ocupaba de todo lo necesario para el mantenimiento de su persona y de su casa, decidi\u00f3, ella sola, sin consultar con nadie, no volver a salir a la calle.<\/p>\n<p>Se encerr\u00f3 en su piso \u2013soleado y excesivamente grande para dos personas- a mirar crecer los geranios del balc\u00f3n y el baile de las nubes. Le\u00eda sus libros favoritos una y otra vez, escrib\u00eda sus pensamientos, miraba algo la televisi\u00f3n, com\u00eda y, sobre todo, dorm\u00eda tantas horas como un beb\u00e9 de pocos meses, inducida por la adicci\u00f3n al Lorazepan que le recetaba amablemente su m\u00e9dico de cabecera.<\/p>\n<p>Sus cuatro hijas, espantadas por tal decisi\u00f3n, quisimos entenderla, pero sus explicaciones nunca nos convencieron m\u00e1s all\u00e1 del paranoico miedo a la vida que le hab\u00eda entrado de repente. Expon\u00eda mi madre sus teor\u00edas sobre los peligros que le acechaban en el exterior: que le empujara alguien y al caer se le rompiera la cadera \u2013como le pas\u00f3 a su propia madre a la misma edad-; que le afectase el polen de la primavera, los calores del verano, la humedad del oto\u00f1o y las corrientes de aire del invierno.<\/p>\n<p>Adem\u00e1s de los virus que poblaban el aire, la gripe de todos los a\u00f1os, el ruido, las molestias de la gente por la calle, los apretujones en el autob\u00fas \u2013aunque iba a casi todas partes en taxi-, eso sin contar el riesgo a ser agredida por un delincuente como mujer anciana que era.<\/p>\n<p>Lo \u00fanico que lamentaba sinceramente fue no poder ir a la iglesia como le gustaba hacer, pero consigui\u00f3 que un cura ben\u00e9volo le trajera la comuni\u00f3n de vez en cuando \u201ca domicilio\u201d. Qu\u00e9 bien se lo mont\u00f3.<\/p>\n<p>El cura y ella, quiero decir.<\/p>\n<p>As\u00ed que se baj\u00f3 del tren antes de tiempo porque todav\u00eda vivi\u00f3 doce largu\u00edsimos \u2013y aburrid\u00edsimos- a\u00f1os antes de que se le apagaran las pilas, construyendo su propia burbuja y pertrech\u00e1ndose en ella, desencantada ya del mundo y de las gentes y, sin ilusi\u00f3n por persona alguna, l\u00e9ase hijas, nietos e incluso bisnietos. La familia no entendimos nunca su decisi\u00f3n, pero tuvimos que aceptarla y respetarla \u2013incluso m\u00e1s de lo que se nos exig\u00eda- puesto que seguimos orbitando a su alrededor intentando que no fuera demasiado infeliz en su enclaustramiento voluntario.<\/p>\n<p>Fue consumi\u00e9ndose de a pocos; al cabo del primer a\u00f1o ya le costaba levantarse sola y moverse con soltura. En un par de a\u00f1os m\u00e1s caminaba apoy\u00e1ndose en brazos ajenos y al poco necesit\u00f3 un andador, tal fue la atrofia de sus extremidades y m\u00fasculos al no ejercitarlos. Lleg\u00f3 un momento en que iba \u2013con ayuda- de la cama a su silla y luego al sof\u00e1 y luego otra vez a la cama en una pesadilla circular de arrastrar zapatillas. Su mente tambi\u00e9n empeque\u00f1eci\u00f3, al igual que su coraz\u00f3n y sus deseos. Ilusiones no le qued\u00f3 ninguna y se quejaba amargamente con palabras terribles: \u201ccu\u00e1nto cuesta morirse\u201d. <a href=\"https:\/\/static-blogs.diariovasco.com\/wp-content\/uploads\/sites\/19\/2025\/11\/A-partir-de-los-50-2.jpg\"><img loading=\"lazy\" class=\"alignleft size-medium wp-image-11561\" src=\"https:\/\/static-blogs.diariovasco.com\/wp-content\/uploads\/sites\/19\/2025\/11\/A-partir-de-los-50-2-300x300.jpg\" alt=\"\" width=\"300\" height=\"300\" srcset=\"https:\/\/static-blogs.diariovasco.com\/wp-content\/uploads\/sites\/19\/2025\/11\/A-partir-de-los-50-2-300x300.jpg 300w, https:\/\/static-blogs.diariovasco.com\/wp-content\/uploads\/sites\/19\/2025\/11\/A-partir-de-los-50-2-150x150.jpg 150w, https:\/\/static-blogs.diariovasco.com\/wp-content\/uploads\/sites\/19\/2025\/11\/A-partir-de-los-50-2.jpg 524w\" sizes=\"(max-width: 300px) 100vw, 300px\" \/><\/a><\/p>\n<p>Al final, su final, fue terrible, por doloroso y amargo. Pero creo sinceramente que ella lo eligi\u00f3, que us\u00f3 su libertad para decidir c\u00f3mo morir. Tengo grandes dudas de que hubiera tenido la misma libertad para elegir c\u00f3mo vivir, pero ese tema no me incumbe ni siquiera a m\u00ed, como hija suya, considerar.<\/p>\n<p>Pienso que \u201cel peor ejemplo es el mejor ejemplo\u201d y con eso me quedo, subida en el tren de la vida y sin ninguna intenci\u00f3n de apearme en la pr\u00f3xima\u2026 malgr\u00e9 tout.<\/p>\n<p>Felices los felices.<\/p>\n<p>LaAlquimista<\/p>\n<p>Te invito a visitar mi p\u00e1gina en Facebook.<\/p>\n<p><a href=\"https:\/\/www.facebook.com\/apartirdelos50\/\" rel=\"external nofollow\">https:\/\/www.facebook.com\/apartirdelos50\/<\/a><\/p>\n<p><em>Por si alguien desea contactar:<\/em><\/p>\n<p><a href=\"mailto:apartirdeloscincuenta@gmail.com\">apartirdeloscincuenta@gmail.com<\/a><\/p>\n<p>&nbsp;<\/p>\n<p>&nbsp;<\/p>\n<!-- AddThis Advanced Settings generic via filter on the_content --><!-- AddThis Share Buttons generic via filter on the_content -->","protected":false},"excerpt":{"rendered":"<p>Cuando mi madre cumpli\u00f3 los ochenta, hall\u00e1ndose bien de salud f\u00edsica -con sus cosas, pero sin ninguna patolog\u00eda de gravedad-, con un curr\u00edculum activo de actividades intelectuales y religiosas, viuda desde los sesenta y cinco y libre como un p\u00e1jaro sin ejercer de abuela por voluntad propia y viviendo en compa\u00f1\u00eda de una trabajadora que [&hellip;]<!-- AddThis Advanced Settings generic via filter on get_the_excerpt --><!-- AddThis Share Buttons generic via filter on get_the_excerpt --><\/p>\n","protected":false},"author":34,"featured_media":0,"comment_status":"open","ping_status":"closed","sticky":false,"template":"","format":"standard","meta":[],"categories":[2],"tags":[],"_links":{"self":[{"href":"https:\/\/blogs.diariovasco.com\/apartirdelos50\/wp-json\/wp\/v2\/posts\/11586"}],"collection":[{"href":"https:\/\/blogs.diariovasco.com\/apartirdelos50\/wp-json\/wp\/v2\/posts"}],"about":[{"href":"https:\/\/blogs.diariovasco.com\/apartirdelos50\/wp-json\/wp\/v2\/types\/post"}],"author":[{"embeddable":true,"href":"https:\/\/blogs.diariovasco.com\/apartirdelos50\/wp-json\/wp\/v2\/users\/34"}],"replies":[{"embeddable":true,"href":"https:\/\/blogs.diariovasco.com\/apartirdelos50\/wp-json\/wp\/v2\/comments?post=11586"}],"version-history":[{"count":4,"href":"https:\/\/blogs.diariovasco.com\/apartirdelos50\/wp-json\/wp\/v2\/posts\/11586\/revisions"}],"predecessor-version":[{"id":11591,"href":"https:\/\/blogs.diariovasco.com\/apartirdelos50\/wp-json\/wp\/v2\/posts\/11586\/revisions\/11591"}],"wp:attachment":[{"href":"https:\/\/blogs.diariovasco.com\/apartirdelos50\/wp-json\/wp\/v2\/media?parent=11586"}],"wp:term":[{"taxonomy":"category","embeddable":true,"href":"https:\/\/blogs.diariovasco.com\/apartirdelos50\/wp-json\/wp\/v2\/categories?post=11586"},{"taxonomy":"post_tag","embeddable":true,"href":"https:\/\/blogs.diariovasco.com\/apartirdelos50\/wp-json\/wp\/v2\/tags?post=11586"}],"curies":[{"name":"wp","href":"https:\/\/api.w.org\/{rel}","templated":true}]}}