{"id":11613,"date":"2025-12-12T06:54:02","date_gmt":"2025-12-12T05:54:02","guid":{"rendered":"https:\/\/blogs.diariovasco.com\/apartirdelos50\/?p=11613"},"modified":"2025-12-11T19:18:02","modified_gmt":"2025-12-11T18:18:02","slug":"11613","status":"publish","type":"post","link":"https:\/\/blogs.diariovasco.com\/apartirdelos50\/2025\/12\/12\/11613\/","title":{"rendered":"Libros oto\u00f1ales para el invierno"},"content":{"rendered":"<p>&nbsp;<\/p>\n<p><a href=\"https:\/\/static-blogs.diariovasco.com\/wp-content\/uploads\/sites\/19\/2025\/12\/509321859_10161683262627877_1116874049424556766_n.jpg\"><img loading=\"lazy\" class=\"aligncenter size-full wp-image-11619\" src=\"https:\/\/static-blogs.diariovasco.com\/wp-content\/uploads\/sites\/19\/2025\/12\/509321859_10161683262627877_1116874049424556766_n.jpg\" alt=\"\" width=\"680\" height=\"510\" srcset=\"https:\/\/static-blogs.diariovasco.com\/wp-content\/uploads\/sites\/19\/2025\/12\/509321859_10161683262627877_1116874049424556766_n.jpg 680w, https:\/\/static-blogs.diariovasco.com\/wp-content\/uploads\/sites\/19\/2025\/12\/509321859_10161683262627877_1116874049424556766_n-300x225.jpg 300w\" sizes=\"(max-width: 680px) 100vw, 680px\" \/><\/a><\/p>\n<p><em>El oto\u00f1o empez\u00f3 el veintid\u00f3s de septiembre y me pill\u00f3 en mi otro mar, entre amaneceres pensativos, aguas frescas y noches tranquilas. Hubo lluvias y vientos y todos me zarandearon a la vez en un baile extra\u00f1o de \u00f3leos, pinceles, libros y m\u00fasica. Y mucha soledad de la buena, que siempre acompa\u00f1a felizmente.<\/em><\/p>\n<p><em>Pas\u00f3 un mes y justo el veintid\u00f3s de octubre me fui de viaje a la Argentina, \u201ca pasear\u201d que le dicen all\u00ed, a conocer gente nueva, poner tres dimensiones a los documentales sobre la gran naturaleza de ese pa\u00eds, a satisfacer el ansia de curiosidad en el plano real. <\/em><\/p>\n<p><em>Y los libros no vienen en mi equipaje por decisi\u00f3n propia; no quiero distracciones que me influyan en lo que vivo, en lo que siento. <\/em><\/p>\n<p><em>As\u00ed que he le\u00eddo poco tirando a peque\u00f1ito y ahora que queda otro mes hasta el invierno voy a recuperar con ganas renovadas la lectura, la pintura, la m\u00fasica, el cine y como se llame esto que hago aqu\u00ed.<\/em><\/p>\n<p><em>\u00a0<\/em><em><strong><u>Lecturas livianas: para pasar un buen rato y quiz\u00e1s hasta para reflexionar otro rato.<\/u><\/strong><\/em><\/p>\n<p><u><a href=\"https:\/\/static-blogs.diariovasco.com\/wp-content\/uploads\/sites\/19\/2025\/12\/thumbnail_IMG_0592.jpg\"><img loading=\"lazy\" class=\"alignleft size-medium wp-image-11628\" src=\"https:\/\/static-blogs.diariovasco.com\/wp-content\/uploads\/sites\/19\/2025\/12\/thumbnail_IMG_0592-225x300.jpg\" alt=\"\" width=\"225\" height=\"300\" srcset=\"https:\/\/static-blogs.diariovasco.com\/wp-content\/uploads\/sites\/19\/2025\/12\/thumbnail_IMG_0592-225x300.jpg 225w, https:\/\/static-blogs.diariovasco.com\/wp-content\/uploads\/sites\/19\/2025\/12\/thumbnail_IMG_0592-768x1024.jpg 768w, https:\/\/static-blogs.diariovasco.com\/wp-content\/uploads\/sites\/19\/2025\/12\/thumbnail_IMG_0592-1152x1536.jpg 1152w, https:\/\/static-blogs.diariovasco.com\/wp-content\/uploads\/sites\/19\/2025\/12\/thumbnail_IMG_0592.jpg 1440w\" sizes=\"(max-width: 225px) 100vw, 225px\" \/><\/a>\u201cTat\u00e1<\/u>\u201d de Val\u00e9rie Perrin. 2025 -Francia 1967- 553 p\u00e1ginas. Cineasta y escritora, Mme. Perrin es mi \u00faltimo descubrimiento a pesar de ser archifamosa en Francia y tambi\u00e9n por ser la compa\u00f1era desde hace a\u00f1os del director de cine Claude Lelouch. Almas y mentes complementarias que se alimentan mutuamente a pesar de la importante diferencia de edad. Siempre me informo de los rasgos biogr\u00e1ficos de una autora o autor ANTES de comenzar a leer su obra; es la \u00fanica manera que tengo de poner mi mente en contexto puesto que creo firmemente que cualquier escritor aporta mucho de s\u00ed mismo, de su personalidad, sue\u00f1os y fracasos y los plasma en sus obras. Todo artista se proyecta en su obra, le resulta imposible no hacerlo.\u00a0 La novela es enjundiosa, por lo que la he le\u00eddo con parsimonia. Tiene personajes complicados y ese famoso \u201cflash back\u201d que significa que un cap\u00edtulo sobre la infancia va seguido de otro sobre la edad adulta y el siguiente retrocede varios lustros y as\u00ed hasta que, al final, todas las piezas encajan. Un placer lector por mi cumplea\u00f1os. \u00a0\u00a0\u00a0\u00a0\u00a0\u00a0\u00a0\u00a0\u00a0\u00a0\u00a0 8\/10<\/p>\n<p><a href=\"https:\/\/static-blogs.diariovasco.com\/wp-content\/uploads\/sites\/19\/2025\/12\/Mujer-leyendo-1.jpg\"><img loading=\"lazy\" class=\"aligncenter size-full wp-image-11616\" src=\"https:\/\/static-blogs.diariovasco.com\/wp-content\/uploads\/sites\/19\/2025\/12\/Mujer-leyendo-1.jpg\" alt=\"\" width=\"1024\" height=\"692\" srcset=\"https:\/\/static-blogs.diariovasco.com\/wp-content\/uploads\/sites\/19\/2025\/12\/Mujer-leyendo-1.jpg 1024w, https:\/\/static-blogs.diariovasco.com\/wp-content\/uploads\/sites\/19\/2025\/12\/Mujer-leyendo-1-300x203.jpg 300w, https:\/\/static-blogs.diariovasco.com\/wp-content\/uploads\/sites\/19\/2025\/12\/Mujer-leyendo-1-768x519.jpg 768w\" sizes=\"(max-width: 1024px) 100vw, 1024px\" \/><\/a><\/p>\n<p><u><a href=\"https:\/\/static-blogs.diariovasco.com\/wp-content\/uploads\/sites\/19\/2025\/12\/thumbnail_IMG_0973.jpg\"><img loading=\"lazy\" class=\"alignleft size-medium wp-image-11627\" src=\"https:\/\/static-blogs.diariovasco.com\/wp-content\/uploads\/sites\/19\/2025\/12\/thumbnail_IMG_0973-300x225.jpg\" alt=\"\" width=\"300\" height=\"225\" srcset=\"https:\/\/static-blogs.diariovasco.com\/wp-content\/uploads\/sites\/19\/2025\/12\/thumbnail_IMG_0973-300x225.jpg 300w, https:\/\/static-blogs.diariovasco.com\/wp-content\/uploads\/sites\/19\/2025\/12\/thumbnail_IMG_0973-1024x768.jpg 1024w, https:\/\/static-blogs.diariovasco.com\/wp-content\/uploads\/sites\/19\/2025\/12\/thumbnail_IMG_0973-768x576.jpg 768w, https:\/\/static-blogs.diariovasco.com\/wp-content\/uploads\/sites\/19\/2025\/12\/thumbnail_IMG_0973-1536x1152.jpg 1536w, https:\/\/static-blogs.diariovasco.com\/wp-content\/uploads\/sites\/19\/2025\/12\/thumbnail_IMG_0973.jpg 1920w\" sizes=\"(max-width: 300px) 100vw, 300px\" \/><\/a>\u201cFeria<\/u>\u201d de Ana Iris Sim\u00f3n 2021 Campo de Criptana 1991 -220 p\u00e1ginas.\u00a0Leo esta auto-ficci\u00f3n con el discurso que grita la Ana Iris bien aprendido. Que si pol\u00e9micas y cortes de mangas, que si esta chica va de \u201canti-todo\u201d y descubriendo la p\u00f3lvora vital.\u00a0Ni tan mal. No ser\u00e9 yo quien le ponga puertas al campo ni a la libertad de expresi\u00f3n, pero como no pod\u00eda ser de otra manera, por ser de generaciones diferentes y haber recibido diferente educaci\u00f3n, le dir\u00eda muchas cosas \u201ccallandito\u201d, sin alharacas\u2026pero se las dir\u00eda. A fin de cuentas tiene la chica la misma edad que mi hija y si no nos sirviera de nada la experiencia a las mujeres que hemos peleado para que ellas puedan ver la vida con sus ojos libres, pues apaga y v\u00e1monos.\u00a0 Por cierto, a pesar de haberlo sacado de la biblioteca he comprado un ejemplar para regal\u00e1rselo a mi hija. Le pondremos un 7 por el buen trabajo y el esfuerzo.\u00a0\u00a0 7\/10<\/p>\n<p><u><a href=\"https:\/\/static-blogs.diariovasco.com\/wp-content\/uploads\/sites\/19\/2025\/12\/598659541_10162417746662877_5116326986520855831_n.jpg\"><img loading=\"lazy\" class=\"alignleft size-medium wp-image-11642\" src=\"https:\/\/static-blogs.diariovasco.com\/wp-content\/uploads\/sites\/19\/2025\/12\/598659541_10162417746662877_5116326986520855831_n-225x300.jpg\" alt=\"\" width=\"225\" height=\"300\" srcset=\"https:\/\/static-blogs.diariovasco.com\/wp-content\/uploads\/sites\/19\/2025\/12\/598659541_10162417746662877_5116326986520855831_n-225x300.jpg 225w, https:\/\/static-blogs.diariovasco.com\/wp-content\/uploads\/sites\/19\/2025\/12\/598659541_10162417746662877_5116326986520855831_n.jpg 720w\" sizes=\"(max-width: 225px) 100vw, 225px\" \/><\/a><\/u><\/p>\n<p>&nbsp;<\/p>\n<p><u>\u201cAl otro lado del mar<\/u>\u201d de Amado G\u00f3mez Ugarte 2025 -Llodio 1956- 145 p\u00e1ginas<br \/>\nHay que ser un escritor con mala leche para llamar al protagonista principal de su novela \u201cZacar\u00edas Culo\u201d, que es la traducci\u00f3n com\u00fan y corriente de \u201cIpurdi\u201d en Euskera, apellido que le ha endilgado al \u00ednclito. As\u00ed que ya te das cuenta desde la primera p\u00e1gina de qu\u00e9 va la cosa y de que la acci\u00f3n se desarrolla en mitad del \u201ccaser\u00edo vasco\u201d. Humor disparatado y solaz y entretenimiento lector. Le\u00edda de un tir\u00f3n con sonrisa\u2026que nunca vienen mal.\u00a0 7\/10<\/p>\n<p>&nbsp;<\/p>\n<p><u><a href=\"https:\/\/static-blogs.diariovasco.com\/wp-content\/uploads\/sites\/19\/2025\/12\/581080926_10162293572627877_119544643281666837_n.jpg\"><img loading=\"lazy\" class=\"alignleft size-medium wp-image-11623\" src=\"https:\/\/static-blogs.diariovasco.com\/wp-content\/uploads\/sites\/19\/2025\/12\/581080926_10162293572627877_119544643281666837_n-269x300.jpg\" alt=\"\" width=\"269\" height=\"300\" srcset=\"https:\/\/static-blogs.diariovasco.com\/wp-content\/uploads\/sites\/19\/2025\/12\/581080926_10162293572627877_119544643281666837_n-269x300.jpg 269w, https:\/\/static-blogs.diariovasco.com\/wp-content\/uploads\/sites\/19\/2025\/12\/581080926_10162293572627877_119544643281666837_n-768x857.jpg 768w, https:\/\/static-blogs.diariovasco.com\/wp-content\/uploads\/sites\/19\/2025\/12\/581080926_10162293572627877_119544643281666837_n.jpg 860w\" sizes=\"(max-width: 269px) 100vw, 269px\" \/><\/a><\/u><\/p>\n<p><u>\u201cMi peque\u00f1a librer\u00eda<\/u>\u201d de M\u00e1ximo Huerta. 2024 (Utiel, Valencia 1971) 123 p\u00e1ginas.\u00a0Un librito simp\u00e1tico y liviano en el que el autor gira una y otra vez alrededor de sus peque\u00f1as \u201cquisicosas\u201d, nos cuenta su vida en plan diario adolescente y nos entretiene un rato no demasiado largo. Con reflexiones volanderas y no necesariamente sesudas, pero reflexiones al fin y al cabo. Reconozco que este hombre me cae mejor como \u201cpersonaje\u201d que como escritor, pero no le vamos a quitar el m\u00e9rito. Que lo tiene en lo suyo. *Libro liviano que me ha ayudado a superar el terrible jet lag del viaje de vuelta de la Argentina.\u00a0\u00a0\u00a0\u00a0\u00a0\u00a0\u00a0\u00a0\u00a0\u00a0\u00a0\u00a0\u00a0\u00a0\u00a0\u00a0\u00a0\u00a0 6\/10<\/p>\n<p>&nbsp;<\/p>\n<p><u><a href=\"https:\/\/static-blogs.diariovasco.com\/wp-content\/uploads\/sites\/19\/2025\/12\/585405807_10162329347722877_6516275626874678562_n.jpg\"><img loading=\"lazy\" class=\"alignleft size-medium wp-image-11624\" src=\"https:\/\/static-blogs.diariovasco.com\/wp-content\/uploads\/sites\/19\/2025\/12\/585405807_10162329347722877_6516275626874678562_n-300x225.jpg\" alt=\"\" width=\"300\" height=\"225\" srcset=\"https:\/\/static-blogs.diariovasco.com\/wp-content\/uploads\/sites\/19\/2025\/12\/585405807_10162329347722877_6516275626874678562_n-300x225.jpg 300w, https:\/\/static-blogs.diariovasco.com\/wp-content\/uploads\/sites\/19\/2025\/12\/585405807_10162329347722877_6516275626874678562_n-768x576.jpg 768w, https:\/\/static-blogs.diariovasco.com\/wp-content\/uploads\/sites\/19\/2025\/12\/585405807_10162329347722877_6516275626874678562_n.jpg 960w\" sizes=\"(max-width: 300px) 100vw, 300px\" \/><\/a>\u201cSu \u00faltimo deseo\u201d<\/u> de Joan Didion 1996-2019 (Sacramento 1934\/NY 2021) -222 p\u00e1ginas.\u00a0La Se\u00f1ora Didion casi siempre fue superlativa en casi todo lo suyo. Esta novela negra escrita poco antes de fallecer es muy extra\u00f1a; quiz\u00e1s como una especie de \u201ccanto del cisne\u201d de la escritora y quiz\u00e1s como lectora estaba yo acostumbrada a otros mimbres literarios y no he disfrutado lo esperado. No obstante, es una apuesta segura siguiendo su l\u00ednea\u2026m\u00e1s bien quebrada y nunca recta. Bastante ten\u00eda con lo suyo. \u201cEl a\u00f1o del pensamiento m\u00e1gico\u201d la encumbr\u00f3 y luego se empe\u00f1\u00f3 en descender abruptamente.\u00a0\u00a0\u00a0\u00a0\u00a0\u00a0\u00a0\u00a0\u00a0\u00a0\u00a0\u00a0 6\/10<\/p>\n<p><u><a href=\"https:\/\/static-blogs.diariovasco.com\/wp-content\/uploads\/sites\/19\/2025\/12\/591294068_10162364889717877_1633316030322944366_n.jpg\"><img loading=\"lazy\" class=\"alignleft size-medium wp-image-11620\" src=\"https:\/\/static-blogs.diariovasco.com\/wp-content\/uploads\/sites\/19\/2025\/12\/591294068_10162364889717877_1633316030322944366_n-225x300.jpg\" alt=\"\" width=\"225\" height=\"300\" srcset=\"https:\/\/static-blogs.diariovasco.com\/wp-content\/uploads\/sites\/19\/2025\/12\/591294068_10162364889717877_1633316030322944366_n-225x300.jpg 225w, https:\/\/static-blogs.diariovasco.com\/wp-content\/uploads\/sites\/19\/2025\/12\/591294068_10162364889717877_1633316030322944366_n.jpg 720w\" sizes=\"(max-width: 225px) 100vw, 225px\" \/><\/a><\/u><\/p>\n<p>&nbsp;<\/p>\n<p><u>\u201cRetratos de jazz<\/u>\u201d de Haruki Murakami y Makoto Wada. 2025 Kioto 1949.\u00a0Libro publicado en 2025 pero que son los apuntes de jazz que el autor ten\u00eda guardados en un caj\u00f3n desde hace m\u00e1s de treinta a\u00f1os. No tiene ninguna gracia en especial porque son breves mini-biograf\u00edas de dos p\u00e1ginas de los grandes del JAZZ. Con dibujos y apuntes.\u00a0Los amantes del jazz y de Murakami no creo que le hayan aplaudido demasiado, pero ya se sabe que hay que publicar y vender hasta que la muerte rompa la pluma. Un aprobado y va que chuta.\u00a0\u00a0\u00a0\u00a0 6\/10<\/p>\n<p>&nbsp;<\/p>\n<p>&nbsp;<\/p>\n<p><u><a href=\"https:\/\/static-blogs.diariovasco.com\/wp-content\/uploads\/sites\/19\/2025\/12\/587255211_10162337091072877_894529299380236505_n.jpg\"><img loading=\"lazy\" class=\"alignleft size-medium wp-image-11625\" src=\"https:\/\/static-blogs.diariovasco.com\/wp-content\/uploads\/sites\/19\/2025\/12\/587255211_10162337091072877_894529299380236505_n-234x300.jpg\" alt=\"\" width=\"234\" height=\"300\" srcset=\"https:\/\/static-blogs.diariovasco.com\/wp-content\/uploads\/sites\/19\/2025\/12\/587255211_10162337091072877_894529299380236505_n-234x300.jpg 234w, https:\/\/static-blogs.diariovasco.com\/wp-content\/uploads\/sites\/19\/2025\/12\/587255211_10162337091072877_894529299380236505_n.jpg 748w\" sizes=\"(max-width: 234px) 100vw, 234px\" \/><\/a><\/u><\/p>\n<p>&nbsp;<\/p>\n<p><u>\u201cOpus Gelber<\/u>\u201d de Leila Guerriero -2019- Jun\u00edn, Argentina 1967. 333 p\u00e1ginas.\u00a0Bruno Gelber es toda una instituci\u00f3n en la Argentina; le dicen el mejor pianista de los \u00faltimos cien a\u00f1os.\u00a0La periodista Guerriero construye un libro entero, s\u00edmil biograf\u00eda, a partir de entrevistas que el artista le concedi\u00f3. Va recorriendo la historia reciente de Argentina, Bruno Gelber naci\u00f3 en 1941 y vive todav\u00eda, Bruno Gelber &#8211; Wikipedia, la enciclopedia libre y los avatares por los que tuvo que transitar su persona convertida en personaje por sus peculiaridades. Una historia interesante que podr\u00eda serlo m\u00e1s si fueras pianista, mel\u00f3mano o, simplemente, argentino. Al final, lo acab\u00e9 en diagonal. 6\/10<\/p>\n<p><u><a href=\"https:\/\/static-blogs.diariovasco.com\/wp-content\/uploads\/sites\/19\/2025\/12\/593555751_10162388991537877_2416024243065743370_n.jpg\"><img loading=\"lazy\" class=\"alignleft size-medium wp-image-11621\" src=\"https:\/\/static-blogs.diariovasco.com\/wp-content\/uploads\/sites\/19\/2025\/12\/593555751_10162388991537877_2416024243065743370_n-225x300.jpg\" alt=\"\" width=\"225\" height=\"300\" srcset=\"https:\/\/static-blogs.diariovasco.com\/wp-content\/uploads\/sites\/19\/2025\/12\/593555751_10162388991537877_2416024243065743370_n-225x300.jpg 225w, https:\/\/static-blogs.diariovasco.com\/wp-content\/uploads\/sites\/19\/2025\/12\/593555751_10162388991537877_2416024243065743370_n.jpg 720w\" sizes=\"(max-width: 225px) 100vw, 225px\" \/><\/a><\/u><\/p>\n<p>&nbsp;<\/p>\n<p><u>\u201cEl paseo\u201d<\/u> de Robert Walser. Escrito en 1917. -Suiza 1878-1956-. 85 p\u00e1ginas.\u00a0Pues se ha vuelto a poner de moda este escritor que, como no pod\u00eda ser de otra manera, escribe al estilo de hace cien a\u00f1os: engolado y para quienes quieran parecer \u2013o ser- intelectuales. Un poeta sale a pasear y ante su mirada se alternan la belleza de la vida y el absurdo de las convenciones de la sociedad, el sonido de una voz que canta y el espect\u00e1culo del gran teatro del mundo.\u201d A m\u00ed me ha aburrido tanto retru\u00e9cano y recursos literarios trasnochados. Se agradece que tenga pocas p\u00e1ginas.\u00a0\u00a0\u00a0\u00a0\u00a0\u00a0\u00a0\u00a0\u00a0\u00a0\u00a0\u00a0 6\/10<\/p>\n<p>&nbsp;<\/p>\n<p><strong><u>\u00a0<em>Lecturas enjundiosas: que ayudan a incrementar el acervo cultural, a la vez que estimulan el intelecto.<\/em><\/u><\/strong><\/p>\n<p><u><a href=\"https:\/\/static-blogs.diariovasco.com\/wp-content\/uploads\/sites\/19\/2025\/12\/thumbnail_IMG_0913.jpg\"><img loading=\"lazy\" class=\"alignleft size-medium wp-image-11629\" src=\"https:\/\/static-blogs.diariovasco.com\/wp-content\/uploads\/sites\/19\/2025\/12\/thumbnail_IMG_0913-225x300.jpg\" alt=\"\" width=\"225\" height=\"300\" srcset=\"https:\/\/static-blogs.diariovasco.com\/wp-content\/uploads\/sites\/19\/2025\/12\/thumbnail_IMG_0913-225x300.jpg 225w, https:\/\/static-blogs.diariovasco.com\/wp-content\/uploads\/sites\/19\/2025\/12\/thumbnail_IMG_0913-768x1024.jpg 768w, https:\/\/static-blogs.diariovasco.com\/wp-content\/uploads\/sites\/19\/2025\/12\/thumbnail_IMG_0913-1152x1536.jpg 1152w, https:\/\/static-blogs.diariovasco.com\/wp-content\/uploads\/sites\/19\/2025\/12\/thumbnail_IMG_0913.jpg 1440w\" sizes=\"(max-width: 225px) 100vw, 225px\" \/><\/a>\u201cAmor perdurable\u201d<\/u> de Ian McEwan -1997- Reino Unido 1948 -300 p\u00e1ginas-.\u00a0\u00a1Qu\u00e9 inmenso placer cuando ya desde las primeras p\u00e1ginas, incluso desde los primeros p\u00e1rrafos, una narraci\u00f3n capta tu atenci\u00f3n, despierta esas neuronas adormiladas que saltan de gozo ante la buena literatura\u2026!\u00a0Es lo que tiene hacer una apuesta segura con la elecci\u00f3n de \u201cla mano que mece la pluma\u201d y puedo asegurar que absolutamente todos los libros que he le\u00eddo de Ian McEwan me han producido placer y fruct\u00edfero aprovechamiento del tiempo invertido. Empezando por su famos\u00edsima \u201cExpiaci\u00f3n\u201d -2001- y hasta su \u00faltima obra: \u201cLecciones\u201d -2022-, \u201cAmsterdam\u201d, \u201cChesil Beach\u201d, \u201cLa ley del menor\u201d, \u201cM\u00e1quinas como yo\u201d y as\u00ed hasta varias decenas de inteligente y certera literatura. Le pongo un 8 pero porque, en el fondo, al retratar la futilidad del amor que creemos eterno, acaba con un poso de tristeza. *Este libro &#8220;lo encontr\u00e9 en la calle&#8221;, en un banco al sol, esper\u00e1ndome. Gracias a la persona desconocida que me ofreci\u00f3 tal regalo.\u00a0\u00a0\u00a0\u00a0\u00a0\u00a0\u00a0\u00a0\u00a0\u00a0\u00a0\u00a0\u00a0\u00a0\u00a0\u00a0\u00a0\u00a0\u00a0\u00a0 8\/10<\/p>\n<p><u><a href=\"https:\/\/static-blogs.diariovasco.com\/wp-content\/uploads\/sites\/19\/2025\/12\/588815853_10162349084337877_9014042617813931725_n.jpg\"><img loading=\"lazy\" class=\"alignleft size-medium wp-image-11622\" src=\"https:\/\/static-blogs.diariovasco.com\/wp-content\/uploads\/sites\/19\/2025\/12\/588815853_10162349084337877_9014042617813931725_n-225x300.jpg\" alt=\"\" width=\"225\" height=\"300\" srcset=\"https:\/\/static-blogs.diariovasco.com\/wp-content\/uploads\/sites\/19\/2025\/12\/588815853_10162349084337877_9014042617813931725_n-225x300.jpg 225w, https:\/\/static-blogs.diariovasco.com\/wp-content\/uploads\/sites\/19\/2025\/12\/588815853_10162349084337877_9014042617813931725_n.jpg 720w\" sizes=\"(max-width: 225px) 100vw, 225px\" \/><\/a>\u00a0<\/u>\u201c<u>C\u00f3mo desaparecer completamente\u201d<\/u> de Mariana Enr\u00edquez 2004\/2025 Buenos Aires 1973 198 p\u00e1ginas.\u00a0El libro se public\u00f3 en Argentina en 2004 y no es hasta 21 a\u00f1os despu\u00e9s que se publica en Espa\u00f1a. Evidentemente, nos pilla fuera de contexto la historia pobre y arrabalera de un chaval argentino que se arrastra por la vida de la peor manera posible. Relata la realidad de un pa\u00eds de hace varios lustros y al no tener memoria con que comparar resulta un relato abrupto y dolorosamente ajeno. Quiz\u00e1s habr\u00eda un paralelismo con la vida chabolista en el Madrid de los 60; no lo s\u00e9. El sabor que me ha dejado es amargo. Infancia demolida a golpe de abusos, pobreza y violencia y me da por pensar si el pa\u00eds, esa sociedad ha mejorado algo con el paso del tiempo. 7\/10<\/p>\n<p><u><a href=\"https:\/\/static-blogs.diariovasco.com\/wp-content\/uploads\/sites\/19\/2025\/12\/thumbnail_IMG_0718-scaled.jpg\"><img loading=\"lazy\" class=\"alignleft size-medium wp-image-11630\" src=\"https:\/\/static-blogs.diariovasco.com\/wp-content\/uploads\/sites\/19\/2025\/12\/thumbnail_IMG_0718-221x300.jpg\" alt=\"\" width=\"221\" height=\"300\" srcset=\"https:\/\/static-blogs.diariovasco.com\/wp-content\/uploads\/sites\/19\/2025\/12\/thumbnail_IMG_0718-221x300.jpg 221w, https:\/\/static-blogs.diariovasco.com\/wp-content\/uploads\/sites\/19\/2025\/12\/thumbnail_IMG_0718-754x1024.jpg 754w, https:\/\/static-blogs.diariovasco.com\/wp-content\/uploads\/sites\/19\/2025\/12\/thumbnail_IMG_0718-768x1043.jpg 768w, https:\/\/static-blogs.diariovasco.com\/wp-content\/uploads\/sites\/19\/2025\/12\/thumbnail_IMG_0718-1131x1536.jpg 1131w, https:\/\/static-blogs.diariovasco.com\/wp-content\/uploads\/sites\/19\/2025\/12\/thumbnail_IMG_0718-1508x2048.jpg 1508w, https:\/\/static-blogs.diariovasco.com\/wp-content\/uploads\/sites\/19\/2025\/12\/thumbnail_IMG_0718-scaled.jpg 1885w\" sizes=\"(max-width: 221px) 100vw, 221px\" \/><\/a>\u00a0<\/u><u>\u201cEl nervio \u00f3ptico\u201d<\/u> de Mar\u00eda Gainza -2017- Buenos Aires, 1975. 158 p\u00e1ginas.\u00a0Relatos con interconexi\u00f3n, con un guion premeditado con el arte; la pintura, la literatura y personajes reales que hacen que la lectura sea mitad ensayo, mitad novela, con sorpresas bonitas \u2013por desconocidas-. La protagonista va relatando sus vicisitudes presentes a la vez que hace sesudas e incluso amables digresiones, pase\u00e1ndose a gusto por su extenso acervo cultural. Un descubrimiento que pienso seguir explorando.\u00a0Tambi\u00e9n har\u00e9 una puntualizaci\u00f3n: tantas citas cultas, rozan la pedanter\u00eda, porque no hay p\u00e1rrafo en que no se reboce en sus conocimientos art\u00edsticos, literarios o culturales en general. Menos mal que no son demasiadas p\u00e1ginas porque \u201clo bueno, si breve, dos veces bueno\u201d.\u00a0\u00a0\u00a0\u00a0\u00a0\u00a0\u00a0\u00a0 7\/10<\/p>\n<p><u>\u201cUn pu\u00f1ado de flechas\u201d<\/u> de Mar\u00eda Gainza -2024- Buenos Aries, 1975 244 p\u00e1ginas.\u00a0Fiel a su estilo, esta escritora involucrada en el mundo del arte nos va contando historias peque\u00f1as y an\u00e9cdotas grandes de las que va salpicando unos cap\u00edtulos con muchos vaivenes y mayor pomposidad. Ella misma lo reconoce, que puede pecar de pedante con tanta \u201ccita cultural\u201d, pero en general se hace agradable la idea de ir salpimentando lo que escribe con detalles \u201cculturetas\u201d. Yo no lo har\u00eda jam\u00e1s porque s\u00e9 que eso a la gente no le gusta, el que se le pase por los morros cu\u00e1nto saben unos y qu\u00e9 poco saben los dem\u00e1s. En fin. He repetido de autora y ah\u00ed lo dejo. \u00a0\u00a0\u00a0\u00a0\u00a0\u00a0\u00a0\u00a0\u00a0 \u00a06\/10<\/p>\n<p>*Autoras argentinas he leido unas cuantas estos \u00faltimos tiempos. Pero antes de viajar, porque el viaje me absorbe tant\u00edsimo que no me quedan neuronas disponibles al finalizar el d\u00eda. No obstante&#8230;<\/p>\n<p><strong><em><u>Lecturas con peso espec\u00edfico: para abandonarse a ellas en cuerpo y alma y aprender.<\/u><\/em><\/strong><\/p>\n<p><u><a href=\"https:\/\/static-blogs.diariovasco.com\/wp-content\/uploads\/sites\/19\/2025\/12\/593587226_10162377023402877_5838007700235007586_n.jpg\"><img loading=\"lazy\" class=\"alignleft size-medium wp-image-11632\" src=\"https:\/\/static-blogs.diariovasco.com\/wp-content\/uploads\/sites\/19\/2025\/12\/593587226_10162377023402877_5838007700235007586_n-222x300.jpg\" alt=\"\" width=\"222\" height=\"300\" srcset=\"https:\/\/static-blogs.diariovasco.com\/wp-content\/uploads\/sites\/19\/2025\/12\/593587226_10162377023402877_5838007700235007586_n-222x300.jpg 222w, https:\/\/static-blogs.diariovasco.com\/wp-content\/uploads\/sites\/19\/2025\/12\/593587226_10162377023402877_5838007700235007586_n.jpg 709w\" sizes=\"(max-width: 222px) 100vw, 222px\" \/><\/a>\u201cPasos hacia una nueva vejez\u201d<\/u> de Javier Yanguas. 2021 -San Sebasti\u00e1n 1963- 243 p\u00e1ginas.\u00a0La opini\u00f3n cient\u00edfica me atrae m\u00e1s que la mera \u201cventa de humo\u201d que suele ser tan habitual en ciertos libros que se enredan en intentar aportar la f\u00f3rmula m\u00e1gica para aquello que es inevitable y tan solo debe ser aceptado con naturalidad. Yanguas \u2013adem\u00e1s de otras cosas, porque es donostiarra- es geront\u00f3logo y experto en todo lo relacionado con ese estadio de la vida al que todos queremos llegar pero con \u201cdignidad\u201d. Tumba mitos a manotazos y dice las verdades del barquero sin sonrojarse. La vejez, la m\u00eda, que llama a la puerta sin pedir permiso e instalarse en mi cuerpo, en mi mente, en mi \u00e1nimo. Un peque\u00f1o\/gran ensayo.\u00a0\u00a0 8\/10<\/p>\n<p>&nbsp;<\/p>\n<p><u><a href=\"https:\/\/static-blogs.diariovasco.com\/wp-content\/uploads\/sites\/19\/2025\/12\/thumbnail_IMG_0726.jpg\"><img loading=\"lazy\" class=\"alignleft size-medium wp-image-11631\" src=\"https:\/\/static-blogs.diariovasco.com\/wp-content\/uploads\/sites\/19\/2025\/12\/thumbnail_IMG_0726-225x300.jpg\" alt=\"\" width=\"225\" height=\"300\" srcset=\"https:\/\/static-blogs.diariovasco.com\/wp-content\/uploads\/sites\/19\/2025\/12\/thumbnail_IMG_0726-225x300.jpg 225w, https:\/\/static-blogs.diariovasco.com\/wp-content\/uploads\/sites\/19\/2025\/12\/thumbnail_IMG_0726-768x1024.jpg 768w, https:\/\/static-blogs.diariovasco.com\/wp-content\/uploads\/sites\/19\/2025\/12\/thumbnail_IMG_0726-1152x1536.jpg 1152w, https:\/\/static-blogs.diariovasco.com\/wp-content\/uploads\/sites\/19\/2025\/12\/thumbnail_IMG_0726-1536x2048.jpg 1536w, https:\/\/static-blogs.diariovasco.com\/wp-content\/uploads\/sites\/19\/2025\/12\/thumbnail_IMG_0726.jpg 1920w\" sizes=\"(max-width: 225px) 100vw, 225px\" \/><\/a><\/u><\/p>\n<p>&nbsp;<\/p>\n<p><u>\u00a0<\/u><u>\u201cEl buen mal\u201d<\/u> de Samanta Schweblin -2025- Buenos Aires 1975 \u2013 200 p\u00e1ginas,\u00a0Relatos sorprendentes, extra\u00f1os, con un punto de inquietante irrealidad, que te arrastran hasta la \u00faltima l\u00ednea porque intuyes que nada va a acabar como parece\u2026 Alguno de estos relatos no he podido leerlo antes de dormir porque me alteraba el \u00e1nimo. As\u00ed que el que avisa no es traidor. En cualquier caso, aunque no sea mi estilo favorito, he de reconocer que Schweblin escribe rematadamente bien. \u00a0\u00a0\u00a0\u00a0\u00a0\u00a0\u00a0\u00a0\u00a0\u00a0 7\/10<\/p>\n<p>&nbsp;<\/p>\n<p>&nbsp;<\/p>\n<p><strong><u>\u00a0<\/u><\/strong><strong><em><u>Lecturas atragantadas: que pretend\u00edan ser interesantes y que no he podido llevar a buen puerto.<\/u><\/em><\/strong><\/p>\n<p>\u201c<u>Frutos extra\u00f1os\u201d<\/u> de Leila Guerriero -2020- Jun\u00edn, Argentina 1967. 580 p\u00e1ginas,\u00a0Sus art\u00edculos de prensa de los \u00faltimos veinte a\u00f1os. Picoteando de aqu\u00ed y de all\u00e1 por el gusto de leer cosas sobre Argentina en particular y el mundo mundial en general. Demasiadas p\u00e1ginas para leerlas del tir\u00f3n.\u00a0 &#8212;&#8212;&#8212;&#8212;<\/p>\n<p><strong><u>\u00a0<\/u><\/strong><u>\u201cTIM\u201d<\/u> de Ray Loriga -2025- Madrid 1967 &#8211; 133 p\u00e1ginas,\u00a0Este se\u00f1or es una especie de \u201cenfant terrible\u201d que escribe lo que le da la gana como le da la gana. Es decir: si te gusta, bien y si no pues ya te puedes ir a hacer pu\u00f1etas. Y as\u00ed pasa, que en la p\u00e1gina cinco tengo que volver a la p\u00e1gina 1 y sigo sin pillarle la gracia. Y en la p\u00e1gina 10 tengo que volver atr\u00e1s porque el hilo de la narraci\u00f3n \u2013una enso\u00f1aci\u00f3n calenturienta- es fr\u00e1gil y se rompe a cada rato. Me queda mucho por leer as\u00ed que lo dejo. &#8212;&#8212;&#8212;&#8211;<\/p>\n<p><u>\u00a0<\/u><em>La puntuaci\u00f3n es fruto de una opini\u00f3n personal que no tiene m\u00e1s valor que el que uno le quiera dar\u2026<\/em><\/p>\n<p>Felices los felices. Y los que leemos\u2026mucho m\u00e1s.<\/p>\n<p>LaAlquimista<\/p>\n<p>Te invito a visitar mi p\u00e1gina en Facebook.<\/p>\n<p><a href=\"https:\/\/www.facebook.com\/apartirdelos50\/\" rel=\"external nofollow\">https:\/\/www.facebook.com\/apartirdelos50\/<\/a><\/p>\n<p><em>Por si alguien desea contactar:<\/em><\/p>\n<p><a href=\"mailto:apartirdeloscincuenta@gmail.com\">apartirdeloscincuenta@gmail.com<\/a><\/p>\n<p>&nbsp;<\/p>\n<p>&nbsp;<\/p>\n<!-- AddThis Advanced Settings generic via filter on the_content --><!-- AddThis Share Buttons generic via filter on the_content -->","protected":false},"excerpt":{"rendered":"<p>&nbsp; El oto\u00f1o empez\u00f3 el veintid\u00f3s de septiembre y me pill\u00f3 en mi otro mar, entre amaneceres pensativos, aguas frescas y noches tranquilas. Hubo lluvias y vientos y todos me zarandearon a la vez en un baile extra\u00f1o de \u00f3leos, pinceles, libros y m\u00fasica. Y mucha soledad de la buena, que siempre acompa\u00f1a felizmente. Pas\u00f3 [&hellip;]<!-- AddThis Advanced Settings generic via filter on get_the_excerpt --><!-- AddThis Share Buttons generic via filter on get_the_excerpt --><\/p>\n","protected":false},"author":34,"featured_media":0,"comment_status":"open","ping_status":"closed","sticky":false,"template":"","format":"standard","meta":[],"categories":[2,18],"tags":[],"_links":{"self":[{"href":"https:\/\/blogs.diariovasco.com\/apartirdelos50\/wp-json\/wp\/v2\/posts\/11613"}],"collection":[{"href":"https:\/\/blogs.diariovasco.com\/apartirdelos50\/wp-json\/wp\/v2\/posts"}],"about":[{"href":"https:\/\/blogs.diariovasco.com\/apartirdelos50\/wp-json\/wp\/v2\/types\/post"}],"author":[{"embeddable":true,"href":"https:\/\/blogs.diariovasco.com\/apartirdelos50\/wp-json\/wp\/v2\/users\/34"}],"replies":[{"embeddable":true,"href":"https:\/\/blogs.diariovasco.com\/apartirdelos50\/wp-json\/wp\/v2\/comments?post=11613"}],"version-history":[{"count":7,"href":"https:\/\/blogs.diariovasco.com\/apartirdelos50\/wp-json\/wp\/v2\/posts\/11613\/revisions"}],"predecessor-version":[{"id":11643,"href":"https:\/\/blogs.diariovasco.com\/apartirdelos50\/wp-json\/wp\/v2\/posts\/11613\/revisions\/11643"}],"wp:attachment":[{"href":"https:\/\/blogs.diariovasco.com\/apartirdelos50\/wp-json\/wp\/v2\/media?parent=11613"}],"wp:term":[{"taxonomy":"category","embeddable":true,"href":"https:\/\/blogs.diariovasco.com\/apartirdelos50\/wp-json\/wp\/v2\/categories?post=11613"},{"taxonomy":"post_tag","embeddable":true,"href":"https:\/\/blogs.diariovasco.com\/apartirdelos50\/wp-json\/wp\/v2\/tags?post=11613"}],"curies":[{"name":"wp","href":"https:\/\/api.w.org\/{rel}","templated":true}]}}