{"id":11637,"date":"2025-12-09T06:23:20","date_gmt":"2025-12-09T05:23:20","guid":{"rendered":"https:\/\/blogs.diariovasco.com\/apartirdelos50\/?p=11637"},"modified":"2025-12-08T10:37:33","modified_gmt":"2025-12-08T09:37:33","slug":"cura-de-silencio-con-abrigo-rojo","status":"publish","type":"post","link":"https:\/\/blogs.diariovasco.com\/apartirdelos50\/2025\/12\/09\/cura-de-silencio-con-abrigo-rojo\/","title":{"rendered":"Cura de silencio con abrigo rojo"},"content":{"rendered":"<p>&nbsp;<\/p>\n<p><a href=\"https:\/\/static-blogs.diariovasco.com\/wp-content\/uploads\/sites\/19\/2025\/12\/istockphoto-1337222734-612x612-1.jpg\"><img loading=\"lazy\" class=\"size-full wp-image-11639\" src=\"https:\/\/static-blogs.diariovasco.com\/wp-content\/uploads\/sites\/19\/2025\/12\/istockphoto-1337222734-612x612-1.jpg\" alt=\"\" width=\"612\" height=\"408\" srcset=\"https:\/\/static-blogs.diariovasco.com\/wp-content\/uploads\/sites\/19\/2025\/12\/istockphoto-1337222734-612x612-1.jpg 612w, https:\/\/static-blogs.diariovasco.com\/wp-content\/uploads\/sites\/19\/2025\/12\/istockphoto-1337222734-612x612-1-300x200.jpg 300w\" sizes=\"(max-width: 612px) 100vw, 612px\" \/><\/a><\/p>\n<p>El silencio no siempre es lo contrario del ruido como se puede creer habitualmente. El silencio es la ausencia de sonidos e incluye la abstenci\u00f3n de utilizar la propia voz dejando sitio para la reflexi\u00f3n e incluso la meditaci\u00f3n.<\/p>\n<p>Cuando estoy al l\u00edmite de lo que puedo soportar \u2013ruido ambiental, ch\u00e1chara humana insulsa y pantallas que vomitan decibelios y luz azul- cuando necesito \u201cenvasarme al vac\u00edo\u201d durante unos d\u00edas\u2026desconecto los cables que unen mi energ\u00eda vital a todo aquello que invade mi paz y tranquilidad.<\/p>\n<p>Lo suelo avisar para que no se preocupen las tres o cuatro personas que me quieren de verdad, las que me dan los buenos d\u00edas y las buenas noches aunque sea por tel\u00e9fono m\u00f3vil interpuesto, y les digo que voy a escapar del mundanal ruido en una met\u00e1fora que entienden perfectamente por ser recurrente en mi forma de ser.<\/p>\n<p>Dejo en \u201cmodo avi\u00f3n\u201d todo aquello externo a mi propia esencia y \u201cme retiro a mis aposentos\u201d. Me recluyo en el interior de mi \u201chogar sagrado\u201d \u2013que es mi cuerpo- y busco lo que todav\u00eda no he conseguido encontrar de cuanto en alg\u00fan momento perd\u00ed.<\/p>\n<p>Me despierto en silencio y doy los buenos d\u00edas a la naturaleza con profundas respiraciones; estiro los m\u00fasculos con la ventana abierta y agradezco desde el fondo del coraz\u00f3n estar viva y que no me duela nada.<\/p>\n<p>Son d\u00edas en los que no socializo m\u00e1s all\u00e1 de una sonrisa que lo explica todo. No me acerco ni a comprar el pan ni a tomar un caf\u00e9. Quiero disfrutar de una rica y necesaria soledad silenciosa.<\/p>\n<p><a href=\"https:\/\/static-blogs.diariovasco.com\/wp-content\/uploads\/sites\/19\/2025\/12\/Cecilia-abrigo-rojo-2-scaled.jpg\"><img loading=\"lazy\" class=\"alignleft size-medium wp-image-11638\" src=\"https:\/\/static-blogs.diariovasco.com\/wp-content\/uploads\/sites\/19\/2025\/12\/Cecilia-abrigo-rojo-2-174x300.jpg\" alt=\"\" width=\"174\" height=\"300\" srcset=\"https:\/\/static-blogs.diariovasco.com\/wp-content\/uploads\/sites\/19\/2025\/12\/Cecilia-abrigo-rojo-2-174x300.jpg 174w, https:\/\/static-blogs.diariovasco.com\/wp-content\/uploads\/sites\/19\/2025\/12\/Cecilia-abrigo-rojo-2-595x1024.jpg 595w, https:\/\/static-blogs.diariovasco.com\/wp-content\/uploads\/sites\/19\/2025\/12\/Cecilia-abrigo-rojo-2-768x1322.jpg 768w, https:\/\/static-blogs.diariovasco.com\/wp-content\/uploads\/sites\/19\/2025\/12\/Cecilia-abrigo-rojo-2-893x1536.jpg 893w, https:\/\/static-blogs.diariovasco.com\/wp-content\/uploads\/sites\/19\/2025\/12\/Cecilia-abrigo-rojo-2-1190x2048.jpg 1190w, https:\/\/static-blogs.diariovasco.com\/wp-content\/uploads\/sites\/19\/2025\/12\/Cecilia-abrigo-rojo-2-scaled.jpg 1488w\" sizes=\"(max-width: 174px) 100vw, 174px\" \/><\/a>Si mis piernas no van a poder llegar por s\u00ed solas a donde me he propuesto llegar cambio el itinerario por otro m\u00e1s f\u00e1cil puesto que me es preciso evitar el ruido del transporte p\u00fablico y el no menos invasivo de conducir mi coche entre la barah\u00fanda tan habitual en las carreteras.<\/p>\n<p>Cada jornada en silencio es mucho m\u00e1s que un regalo que me ofrezco porque s\u00e9 que estoy construyendo dentro de m\u00ed un peque\u00f1o santuario con materiales sagrados: paz, bienestar, tranquilidad y amor.<\/p>\n<p>Es lo mismo que una \u201cescapada\u201d con maleta y hotel interpuesto, solo que no necesito empacar mis cosas ni pagar por dormir mal en otra cama. Tampoco pretendo sacar \u201cfotazas\u201d ni contar al mundo virtual el disfrute que puedo permitirme. Todo \u2013de manera ego\u00edsta- es para mi \u00fanico beneficio.<\/p>\n<p>Hace a\u00f1os, cuando compart\u00eda mi espacio con otras personas, me refugiaba en alg\u00fan convento con hospeder\u00eda creyendo que un entorno tranquilo propiciar\u00eda la paz interior que se me escapaba. Pero pronto comprend\u00ed que me vend\u00edan algo que yo no quer\u00eda: silencio a cambio de pr\u00e1cticas religiosas, tranquilidad con comidas que eran poco sanas para mi gusto, armon\u00eda en un entorno natural donde nos cruz\u00e1bamos demasiadas personas. En definitiva, otro negocio m\u00e1s.<\/p>\n<p>Me cost\u00f3 comprender que el silencio solo me beneficia en soledad. Y as\u00ed lo vivo sin dar cuentas a nadie ni molestar al pr\u00f3jimo y cuando decida romperlo escuchar\u00e9 a los p\u00e1jaros del bosquecillo o regalar\u00e9 mis o\u00eddos con la m\u00fasica que tambi\u00e9n me apacigua, por ejemplo JSB que es mi dios musical.<\/p>\n<p><a href=\"https:\/\/static-blogs.diariovasco.com\/wp-content\/uploads\/sites\/19\/2025\/11\/A-partir-de-los-50.jpg\"><img loading=\"lazy\" class=\"alignleft size-medium wp-image-11572\" src=\"https:\/\/static-blogs.diariovasco.com\/wp-content\/uploads\/sites\/19\/2025\/11\/A-partir-de-los-50-300x225.jpg\" alt=\"\" width=\"300\" height=\"225\" srcset=\"https:\/\/static-blogs.diariovasco.com\/wp-content\/uploads\/sites\/19\/2025\/11\/A-partir-de-los-50-300x225.jpg 300w, https:\/\/static-blogs.diariovasco.com\/wp-content\/uploads\/sites\/19\/2025\/11\/A-partir-de-los-50.jpg 719w\" sizes=\"(max-width: 300px) 100vw, 300px\" \/><\/a>Demasiadas palabras para contar que mi abrigo rojo me ha llevado a un lugar paradis\u00edaco en este \u201cpuente\u201d que otros habr\u00e9is disfrutado de mucha gente, luces, manjares, monumentos\u2026 y poco silencio.<\/p>\n<p>Felices los felices.<\/p>\n<p>LaAlquimista<\/p>\n<p>Te invito a visitar mi p\u00e1gina en Facebook.<\/p>\n<p><a href=\"https:\/\/www.facebook.com\/apartirdelos50\/\" rel=\"external nofollow\">https:\/\/www.facebook.com\/apartirdelos50\/<\/a><\/p>\n<p><em>Por si alguien desea contactar:<\/em><\/p>\n<p><a href=\"mailto:apartirdeloscincuenta@gmail.com\">apartirdeloscincuenta@gmail.com<\/a><\/p>\n<p>&nbsp;<\/p>\n<p>&nbsp;<\/p>\n<!-- AddThis Advanced Settings generic via filter on the_content --><!-- AddThis Share Buttons generic via filter on the_content -->","protected":false},"excerpt":{"rendered":"<p>&nbsp; El silencio no siempre es lo contrario del ruido como se puede creer habitualmente. El silencio es la ausencia de sonidos e incluye la abstenci\u00f3n de utilizar la propia voz dejando sitio para la reflexi\u00f3n e incluso la meditaci\u00f3n. Cuando estoy al l\u00edmite de lo que puedo soportar \u2013ruido ambiental, ch\u00e1chara humana insulsa y [&hellip;]<!-- AddThis Advanced Settings generic via filter on get_the_excerpt --><!-- AddThis Share Buttons generic via filter on get_the_excerpt --><\/p>\n","protected":false},"author":34,"featured_media":0,"comment_status":"open","ping_status":"closed","sticky":false,"template":"","format":"standard","meta":[],"categories":[9,2],"tags":[],"_links":{"self":[{"href":"https:\/\/blogs.diariovasco.com\/apartirdelos50\/wp-json\/wp\/v2\/posts\/11637"}],"collection":[{"href":"https:\/\/blogs.diariovasco.com\/apartirdelos50\/wp-json\/wp\/v2\/posts"}],"about":[{"href":"https:\/\/blogs.diariovasco.com\/apartirdelos50\/wp-json\/wp\/v2\/types\/post"}],"author":[{"embeddable":true,"href":"https:\/\/blogs.diariovasco.com\/apartirdelos50\/wp-json\/wp\/v2\/users\/34"}],"replies":[{"embeddable":true,"href":"https:\/\/blogs.diariovasco.com\/apartirdelos50\/wp-json\/wp\/v2\/comments?post=11637"}],"version-history":[{"count":1,"href":"https:\/\/blogs.diariovasco.com\/apartirdelos50\/wp-json\/wp\/v2\/posts\/11637\/revisions"}],"predecessor-version":[{"id":11640,"href":"https:\/\/blogs.diariovasco.com\/apartirdelos50\/wp-json\/wp\/v2\/posts\/11637\/revisions\/11640"}],"wp:attachment":[{"href":"https:\/\/blogs.diariovasco.com\/apartirdelos50\/wp-json\/wp\/v2\/media?parent=11637"}],"wp:term":[{"taxonomy":"category","embeddable":true,"href":"https:\/\/blogs.diariovasco.com\/apartirdelos50\/wp-json\/wp\/v2\/categories?post=11637"},{"taxonomy":"post_tag","embeddable":true,"href":"https:\/\/blogs.diariovasco.com\/apartirdelos50\/wp-json\/wp\/v2\/tags?post=11637"}],"curies":[{"name":"wp","href":"https:\/\/api.w.org\/{rel}","templated":true}]}}