{"id":11672,"date":"2025-12-24T08:54:42","date_gmt":"2025-12-24T07:54:42","guid":{"rendered":"https:\/\/blogs.diariovasco.com\/apartirdelos50\/?p=11672"},"modified":"2025-12-24T08:54:42","modified_gmt":"2025-12-24T07:54:42","slug":"noche-de-paz-pero-menos-2","status":"publish","type":"post","link":"https:\/\/blogs.diariovasco.com\/apartirdelos50\/2025\/12\/24\/noche-de-paz-pero-menos-2\/","title":{"rendered":"Noche de Paz&#8230;pero menos"},"content":{"rendered":"<p><a href=\"https:\/\/static-blogs.diariovasco.com\/wp-content\/uploads\/sites\/19\/2025\/12\/493273176_10161463765367877_952612094626423798_n.jpg\"><img loading=\"lazy\" class=\"aligncenter size-full wp-image-11673\" src=\"https:\/\/static-blogs.diariovasco.com\/wp-content\/uploads\/sites\/19\/2025\/12\/493273176_10161463765367877_952612094626423798_n.jpg\" alt=\"\" width=\"821\" height=\"570\" srcset=\"https:\/\/static-blogs.diariovasco.com\/wp-content\/uploads\/sites\/19\/2025\/12\/493273176_10161463765367877_952612094626423798_n.jpg 821w, https:\/\/static-blogs.diariovasco.com\/wp-content\/uploads\/sites\/19\/2025\/12\/493273176_10161463765367877_952612094626423798_n-300x208.jpg 300w, https:\/\/static-blogs.diariovasco.com\/wp-content\/uploads\/sites\/19\/2025\/12\/493273176_10161463765367877_952612094626423798_n-768x533.jpg 768w\" sizes=\"(max-width: 821px) 100vw, 821px\" \/><\/a><\/p>\n<p>Se llama \u201cpaz\u201d al acuerdo para poner fin a una guerra o a la situaci\u00f3n en que no hay lucha entre dos partes enfrentadas. Curiosas definiciones que dan por sentado que el estado pac\u00edfico es consecuencia de una circunstancia beligerante\u2026<\/p>\n<p>Sin embargo, parece que no lo hemos entendido bien, o quiz\u00e1s sea que nos lo han explicado de manera torticera, arrimando el ascua a su sardina quien siempre est\u00e1 interesado en que haya confrontaci\u00f3n entre los individuos para conseguir su propio y maquiav\u00e9lico beneficio. No pongo nombres porque todos vemos las noticias\u2026<\/p>\n<p>La famosa \u201cpaz\u201d que nos deseamos los unos a los otros, esa \u201ccarta a los Reyes Magos\u201d pidiendo que cesen las guerras para que todos vivamos inmersos en la calma que da la seguridad de que nadie nos va a sacar de la cama en plena noche a culatazos, esa \u201cpaz\u201d, digo, entrecomillada, es como una pompa de jab\u00f3n que no puede sostenerse en el aire m\u00e1s de unos segundos porque no hay ley f\u00edsica que la ampare.<\/p>\n<p>El talante del ser humano est\u00e1 compuesto de fuerza, impetuosidad, violencia, rudeza y rigor. Y no lo digo yo sino que es tan fundamental como las leyes de Newton que rigen el Universo y todo lo que se mueve. Si esto es as\u00ed \u2013y nadie ha podido demostrar lo contrario- hablar de \u201cpaz\u201d es como \u00a0creer en Santa Claus y sus renos voladores.<\/p>\n<p>Hoy es Nochebuena y ma\u00f1ana Navidad para un tercio de la poblaci\u00f3n mundial y el alcalde de Badalona.<\/p>\n<p>No s\u00e9 yo, la verdad, si no nos merecer\u00edamos que saltara por los aires el maldito \u201cestado del bienestar\u201d, el consumismo, la globalizaci\u00f3n y hasta el \u201cprimer mundo\u201d, en el que nos hemos instalado como atornillados a su sitial est\u00e1n los cardenales de Roma que son, junto con su jefe, los que m\u00e1s cacarean sobre la paz, el amor y el \u201cdejad que los ni\u00f1os se acerquen a m\u00ed\u201d.<\/p>\n<p>Si pudi\u00e9ramos ser, como declama Machado en su poema, \u201c\u2026m\u00e1s que un hombre al uso que sabe su doctrina, soy, en el buen sentido de la palabra, bueno\u201d, entonces brotar\u00eda la paz desde el coraz\u00f3n del ser humano igual que la sangre sale y entra del mismo. Si hubiera bondad en vez de maldad, generosidad en vez de codicia y amor sencillo en vez de egos como rascacielos, quiz\u00e1s, la de hoy, ser\u00eda una aut\u00e9ntica \u201cNoche de Paz\u201d.<\/p>\n<p>Pero mucho me temo que seguir\u00e1n aliment\u00e1ndose los posos de los reproches, las hogueras del rencor y la envidia por lo que el otro tiene y a nosotros nos ha sido negado. Mucho me temo tambi\u00e9n que no haya apenas m\u00e1s reflexi\u00f3n esta noche que hablar de si los manjares que se ponen en la mesa han desorbitado su precio o poner a parir a todo aquel que nos molesta con sus decisiones sin considerar la propia opini\u00f3n.<\/p>\n<p>No puede haber paz en nuestros corazones si no somos capaces de ofrecer las manos abiertas como ofrenda de lo que puede ser en esencia un ser humano: un individuo que tiene alma y esp\u00edritu adem\u00e1s de un cuerpo para maltratarlo.<\/p>\n<p>El resto, los regalos y las viandas, no valen nada \u2013no valdr\u00e1n nada- si no nos brota una peque\u00f1a llamita de amor desde el interior para pedir perd\u00f3n con humildad y a la vez perdonar con generosidad. Casi nada. Quiz\u00e1s por eso pasaremos rapidito por el tr\u00e1mite de la Nochebuena y sus sacramentos deseando que llegue enero para volver a la vida de siempre: con poco amor y menos paz y las rebajas que tanto nos gustan. Aunque los locos sigan manejando el mundo.<\/p>\n<p>Felices los felices, malgr\u00e9 tout.<\/p>\n<p><a href=\"https:\/\/static-blogs.diariovasco.com\/wp-content\/uploads\/sites\/19\/2025\/11\/A-partir-de-los-50.jpg\"><img loading=\"lazy\" class=\"alignleft size-medium wp-image-11572\" src=\"https:\/\/static-blogs.diariovasco.com\/wp-content\/uploads\/sites\/19\/2025\/11\/A-partir-de-los-50-300x225.jpg\" alt=\"\" width=\"300\" height=\"225\" srcset=\"https:\/\/static-blogs.diariovasco.com\/wp-content\/uploads\/sites\/19\/2025\/11\/A-partir-de-los-50-300x225.jpg 300w, https:\/\/static-blogs.diariovasco.com\/wp-content\/uploads\/sites\/19\/2025\/11\/A-partir-de-los-50.jpg 719w\" sizes=\"(max-width: 300px) 100vw, 300px\" \/><\/a>LaAlquimista<\/p>\n<p>Te invito a visitar mi p\u00e1gina en Facebook.<\/p>\n<p><a href=\"https:\/\/www.facebook.com\/apartirdelos50\/\" rel=\"external nofollow\">https:\/\/www.facebook.com\/apartirdelos50\/<\/a><\/p>\n<p><em>Por si alguien desea contactar:<\/em><\/p>\n<p><a href=\"mailto:apartirdeloscincuenta@gmail.com\">apartirdeloscincuenta@gmail.com<\/a><\/p>\n<p>&nbsp;<\/p>\n<p>&nbsp;<\/p>\n<!-- AddThis Advanced Settings generic via filter on the_content --><!-- AddThis Share Buttons generic via filter on the_content -->","protected":false},"excerpt":{"rendered":"<p>Se llama \u201cpaz\u201d al acuerdo para poner fin a una guerra o a la situaci\u00f3n en que no hay lucha entre dos partes enfrentadas. Curiosas definiciones que dan por sentado que el estado pac\u00edfico es consecuencia de una circunstancia beligerante\u2026 Sin embargo, parece que no lo hemos entendido bien, o quiz\u00e1s sea que nos lo [&hellip;]<!-- AddThis Advanced Settings generic via filter on get_the_excerpt --><!-- AddThis Share Buttons generic via filter on get_the_excerpt --><\/p>\n","protected":false},"author":34,"featured_media":0,"comment_status":"open","ping_status":"closed","sticky":false,"template":"","format":"standard","meta":[],"categories":[1],"tags":[],"_links":{"self":[{"href":"https:\/\/blogs.diariovasco.com\/apartirdelos50\/wp-json\/wp\/v2\/posts\/11672"}],"collection":[{"href":"https:\/\/blogs.diariovasco.com\/apartirdelos50\/wp-json\/wp\/v2\/posts"}],"about":[{"href":"https:\/\/blogs.diariovasco.com\/apartirdelos50\/wp-json\/wp\/v2\/types\/post"}],"author":[{"embeddable":true,"href":"https:\/\/blogs.diariovasco.com\/apartirdelos50\/wp-json\/wp\/v2\/users\/34"}],"replies":[{"embeddable":true,"href":"https:\/\/blogs.diariovasco.com\/apartirdelos50\/wp-json\/wp\/v2\/comments?post=11672"}],"version-history":[{"count":1,"href":"https:\/\/blogs.diariovasco.com\/apartirdelos50\/wp-json\/wp\/v2\/posts\/11672\/revisions"}],"predecessor-version":[{"id":11674,"href":"https:\/\/blogs.diariovasco.com\/apartirdelos50\/wp-json\/wp\/v2\/posts\/11672\/revisions\/11674"}],"wp:attachment":[{"href":"https:\/\/blogs.diariovasco.com\/apartirdelos50\/wp-json\/wp\/v2\/media?parent=11672"}],"wp:term":[{"taxonomy":"category","embeddable":true,"href":"https:\/\/blogs.diariovasco.com\/apartirdelos50\/wp-json\/wp\/v2\/categories?post=11672"},{"taxonomy":"post_tag","embeddable":true,"href":"https:\/\/blogs.diariovasco.com\/apartirdelos50\/wp-json\/wp\/v2\/tags?post=11672"}],"curies":[{"name":"wp","href":"https:\/\/api.w.org\/{rel}","templated":true}]}}