{"id":11675,"date":"2025-12-26T07:15:36","date_gmt":"2025-12-26T06:15:36","guid":{"rendered":"https:\/\/blogs.diariovasco.com\/apartirdelos50\/?p=11675"},"modified":"2025-12-26T07:15:36","modified_gmt":"2025-12-26T06:15:36","slug":"la-vida-sin-mas-y-sin-menos","status":"publish","type":"post","link":"https:\/\/blogs.diariovasco.com\/apartirdelos50\/2025\/12\/26\/la-vida-sin-mas-y-sin-menos\/","title":{"rendered":"La vida, sin m\u00e1s&#8230; y sin menos"},"content":{"rendered":"<p><a href=\"https:\/\/static-blogs.diariovasco.com\/wp-content\/uploads\/sites\/19\/2025\/12\/thumbnail_IMG_2371.jpg\"><img loading=\"lazy\" class=\"aligncenter size-large wp-image-11676\" src=\"https:\/\/static-blogs.diariovasco.com\/wp-content\/uploads\/sites\/19\/2025\/12\/thumbnail_IMG_2371-768x1024.jpg\" alt=\"\" width=\"768\" height=\"1024\" srcset=\"https:\/\/static-blogs.diariovasco.com\/wp-content\/uploads\/sites\/19\/2025\/12\/thumbnail_IMG_2371-768x1024.jpg 768w, https:\/\/static-blogs.diariovasco.com\/wp-content\/uploads\/sites\/19\/2025\/12\/thumbnail_IMG_2371-225x300.jpg 225w, https:\/\/static-blogs.diariovasco.com\/wp-content\/uploads\/sites\/19\/2025\/12\/thumbnail_IMG_2371-1152x1536.jpg 1152w, https:\/\/static-blogs.diariovasco.com\/wp-content\/uploads\/sites\/19\/2025\/12\/thumbnail_IMG_2371.jpg 1536w\" sizes=\"(max-width: 768px) 100vw, 768px\" \/> Foto: Alejandro Ashley<\/a><\/p>\n<p>Los viajes solitarios en coche me relajan mucho, principalmente porque no tengo que dar palique al copiloto y conduzco con mis pensamientos en segundo plano y al ritmo que me marca el gusto interior. Se me ocurren reflexiones mientras miro el paisaje y el pie descansa al lado del acelerador; es lo bueno de las autopistas, que \u00a0estresan muy poco y puedes poner el piloto autom\u00e1tico si no tienes prisa por llegar. Aprovecho y escucho la radio, esa que no tiene anuncios y s\u00ed entrevistas con humanistas y luego pone m\u00fasica para digerir con gusto las parrafadas de personas sabias.<\/p>\n<p>Hace poco tuve el placer de que me acompa\u00f1ara durante varios cientos de kil\u00f3metros el naturalista Joaqu\u00edn Araujo. Su voz, como de locutor nocturno, me fue dando razones, una detr\u00e1s de otra, para apartar a manotazos los \u00faltimos \u201cproblemas\u201d suscitados por asuntos sin importancia que me han rondado \u00faltimamente. Para cuando llegu\u00e9 a destino ya hab\u00eda decidido \u201caparcar\u201d ciertas contingencias por considerarlas f\u00fatiles. <a href=\"https:\/\/es.wikipedia.org\/wiki\/Joaqu%C3%ADn_Ara%C3%BAjo_Ponciano\" rel=\"external nofollow\">Joaqu\u00edn Ara\u00fajo Ponciano &#8211; Wikipedia, la enciclopedia libre<\/a><\/p>\n<p>Me gusta la vida, me gusta vivirla, pero me desagrada profundamente la forma y manera en que est\u00e1 organizada la sociedad. Me chirr\u00edan diariamente con gran sobresalto la corrupci\u00f3n, la maldad, la violencia de todo tipo, la ignorancia supina y la mala praxis pol\u00edtica. Me estremece que el rico explote al pobre en mi pa\u00eds y me estremece todav\u00eda m\u00e1s que mi pa\u00eds explote a otros pa\u00edses menos agraciados en el reparto de recursos. Me duele la opresi\u00f3n sobre el que no tiene fuerza ni dinero para alzar la voz, me fastidia la estulticia del que la alza porque se sabe protegido por el sistema, me desencaja el alma el abuso sexual sobre la infancia, esas ni\u00f1as vendidas, esos ni\u00f1os mancillados en nombre de cualquier religi\u00f3n. Y las guerras, y la industria que las mantiene y las armas que vendemos con una mano mientras se firman tratados de paz con la otra.<\/p>\n<p>\u00a1Tantas cosas no me gustan de este mundo en el que me toca vivir! Pero soy consciente de que bien poco puedo hacer yo sola; las sociedades no las cambian actos aislados sino la voz y la acci\u00f3n unida de muchos individuos que porf\u00edan tras un bien com\u00fan. Ya ocurri\u00f3 en el siglo XVIII \u2013la \u00faltima revoluci\u00f3n- y no se ha vuelto a repetir con \u00e9xito. La libertad existe seg\u00fan y c\u00f3mo y con cuentagotas en ciertos lugares del mapa. La igualdad es una entelequia de la que se habla incluso oficialmente mientras que en la recocina se cuecen otras habas. Y la fraternidad, que no es sino solidaridad, apoyo mutuo, empat\u00eda y generosidad\u2026mucho me temo que se ha quedado como \u201cpariente pobre\u201d del triunvirato reivindicativo.<\/p>\n<p>As\u00ed que no queda sino vivir, sin m\u00e1s. Algunos lo har\u00e1n desde el poder del momento presente, desde la conciencia del ahora (&#8220;El poder del ahora&#8221; Eckhart T\u00f6lle); otros desde la avaricia, la acumulaci\u00f3n de dinero y propiedades y recuento minucioso de rentas e ingresos. \u201cLa avaricia nace del vac\u00edo existencial y la falta de sentido vital\u201d, (George F. Lowenstein).<\/p>\n<p>Otros viven sin pensar en c\u00f3mo lo hacen porque la sociedad les marca el camino a seguir y no quieren llamar la atenci\u00f3n ni tener problemas con el pastor del reba\u00f1o. Estos son la mayor\u00eda que tan s\u00f3lo eleva la voz en la barra del bar ante los amigotes o en el sof\u00e1 de su casa frente al televisor. Ahora, en Navidad, tambi\u00e9n lo hacen en las reuniones familiares.<\/p>\n<p><a href=\"https:\/\/static-blogs.diariovasco.com\/wp-content\/uploads\/sites\/19\/2025\/11\/A-partir-de-los-50-2.jpg\"><img loading=\"lazy\" class=\"alignright size-medium wp-image-11561\" src=\"https:\/\/static-blogs.diariovasco.com\/wp-content\/uploads\/sites\/19\/2025\/11\/A-partir-de-los-50-2-300x300.jpg\" alt=\"\" width=\"300\" height=\"300\" srcset=\"https:\/\/static-blogs.diariovasco.com\/wp-content\/uploads\/sites\/19\/2025\/11\/A-partir-de-los-50-2-300x300.jpg 300w, https:\/\/static-blogs.diariovasco.com\/wp-content\/uploads\/sites\/19\/2025\/11\/A-partir-de-los-50-2-150x150.jpg 150w, https:\/\/static-blogs.diariovasco.com\/wp-content\/uploads\/sites\/19\/2025\/11\/A-partir-de-los-50-2.jpg 524w\" sizes=\"(max-width: 300px) 100vw, 300px\" \/><\/a>Unos \u2013nosotros- todav\u00eda podemos elegir c\u00f3mo queremos vivir la vida. Otros \u2013los que huyen- no buscan m\u00e1s que sobrevivir a cualquier precio. Entre unos y otros se instalan las LEYES diciendo lo que es moral y lo que no, lo que es delito y lo que prescribe o, como siempre, que ladr\u00f3n no es el que roba sino al que le pillan y los fiscales no le perdonan.<\/p>\n<p>\u201cMiro con dos grandes gotas de agua. La misma en la que nadan mis ideas y emociones. Respiro bosques. Me atalantan los espacios abiertos tanto como las zambullidas en cualquier soledad.\u201d (Joaqu\u00edn Araujo)<\/p>\n<p>Mi peque\u00f1a vida, mi peque\u00f1o mundo, los l\u00edmites de la raz\u00f3n, el desahogo del pensamiento, la paz interior que necesita estar protegida de los vaivenes externos. Vivir en una casa peque\u00f1a por fuera y grande por dentro. Vivir y dejar vivir. Vivir, sin m\u00e1s.<\/p>\n<p>Felices los felices.<\/p>\n<p>LaAlquimista<\/p>\n<p>Tambi\u00e9n puedes seguir la p\u00e1gina de Facebook:<\/p>\n<p><a href=\"https:\/\/www.facebook.com\/apartirdelos50\/\" rel=\"external nofollow\">https:\/\/www.facebook.com\/apartirdelos50\/<\/a><\/p>\n<p>Por si alguien desea contactar:<\/p>\n<p>apartirdeloscincuenta@gmail.com<\/p>\n<p>&nbsp;<\/p>\n<p>&nbsp;<\/p>\n<!-- AddThis Advanced Settings generic via filter on the_content --><!-- AddThis Share Buttons generic via filter on the_content -->","protected":false},"excerpt":{"rendered":"<p>Foto: Alejandro Ashley Los viajes solitarios en coche me relajan mucho, principalmente porque no tengo que dar palique al copiloto y conduzco con mis pensamientos en segundo plano y al ritmo que me marca el gusto interior. Se me ocurren reflexiones mientras miro el paisaje y el pie descansa al lado del acelerador; es lo [&hellip;]<!-- AddThis Advanced Settings generic via filter on get_the_excerpt --><!-- AddThis Share Buttons generic via filter on get_the_excerpt --><\/p>\n","protected":false},"author":34,"featured_media":0,"comment_status":"open","ping_status":"closed","sticky":false,"template":"","format":"standard","meta":[],"categories":[9,2],"tags":[],"_links":{"self":[{"href":"https:\/\/blogs.diariovasco.com\/apartirdelos50\/wp-json\/wp\/v2\/posts\/11675"}],"collection":[{"href":"https:\/\/blogs.diariovasco.com\/apartirdelos50\/wp-json\/wp\/v2\/posts"}],"about":[{"href":"https:\/\/blogs.diariovasco.com\/apartirdelos50\/wp-json\/wp\/v2\/types\/post"}],"author":[{"embeddable":true,"href":"https:\/\/blogs.diariovasco.com\/apartirdelos50\/wp-json\/wp\/v2\/users\/34"}],"replies":[{"embeddable":true,"href":"https:\/\/blogs.diariovasco.com\/apartirdelos50\/wp-json\/wp\/v2\/comments?post=11675"}],"version-history":[{"count":1,"href":"https:\/\/blogs.diariovasco.com\/apartirdelos50\/wp-json\/wp\/v2\/posts\/11675\/revisions"}],"predecessor-version":[{"id":11677,"href":"https:\/\/blogs.diariovasco.com\/apartirdelos50\/wp-json\/wp\/v2\/posts\/11675\/revisions\/11677"}],"wp:attachment":[{"href":"https:\/\/blogs.diariovasco.com\/apartirdelos50\/wp-json\/wp\/v2\/media?parent=11675"}],"wp:term":[{"taxonomy":"category","embeddable":true,"href":"https:\/\/blogs.diariovasco.com\/apartirdelos50\/wp-json\/wp\/v2\/categories?post=11675"},{"taxonomy":"post_tag","embeddable":true,"href":"https:\/\/blogs.diariovasco.com\/apartirdelos50\/wp-json\/wp\/v2\/tags?post=11675"}],"curies":[{"name":"wp","href":"https:\/\/api.w.org\/{rel}","templated":true}]}}