{"id":11679,"date":"2025-12-30T06:20:26","date_gmt":"2025-12-30T05:20:26","guid":{"rendered":"https:\/\/blogs.diariovasco.com\/apartirdelos50\/?p=11679"},"modified":"2025-12-29T08:02:23","modified_gmt":"2025-12-29T07:02:23","slug":"proyecto-de-vida-otro-mas","status":"publish","type":"post","link":"https:\/\/blogs.diariovasco.com\/apartirdelos50\/2025\/12\/30\/proyecto-de-vida-otro-mas\/","title":{"rendered":"Proyecto de vida. Otro m\u00e1s"},"content":{"rendered":"<p><a href=\"https:\/\/static-blogs.diariovasco.com\/wp-content\/uploads\/sites\/19\/2025\/12\/65df81b3060aa.jpeg\"><img loading=\"lazy\" class=\"aligncenter size-full wp-image-11680\" src=\"https:\/\/static-blogs.diariovasco.com\/wp-content\/uploads\/sites\/19\/2025\/12\/65df81b3060aa.jpeg\" alt=\"\" width=\"800\" height=\"618\" srcset=\"https:\/\/static-blogs.diariovasco.com\/wp-content\/uploads\/sites\/19\/2025\/12\/65df81b3060aa.jpeg 800w, https:\/\/static-blogs.diariovasco.com\/wp-content\/uploads\/sites\/19\/2025\/12\/65df81b3060aa-300x232.jpeg 300w, https:\/\/static-blogs.diariovasco.com\/wp-content\/uploads\/sites\/19\/2025\/12\/65df81b3060aa-768x593.jpeg 768w\" sizes=\"(max-width: 800px) 100vw, 800px\" \/><\/a><\/p>\n<p>Ahora que se acaba el a\u00f1o 2025, uno de los m\u00e1s vergonzosos para el ser humano que no ha parado de matar y masacrar a los m\u00e1s d\u00e9biles, y teniendo en cuenta la edad provecta que me acecha y acorrala, me he propuesto marcarme un \u201cnuevo proyecto de vida\u201d.<\/p>\n<p>S\u00ed, a mis a\u00f1os, ya digo. He decidido no instalarme en la comodidad inane de dejarme arrastrar por las circunstancias personales sino perge\u00f1ar un camino diferente por el que ahora quiero transitar. \u00bfPor cu\u00e1nto tiempo? Ah, \u201cmon ami\u201d, chi lo sa\u2026<\/p>\n<p>Para llevar a cabo cualquier proyecto hay que sentar unas bases m\u00ednimas: capacidad, posibilidad y proyecci\u00f3n a corto\/medio plazo, as\u00ed que me voy a quedar con el \u201ccorto plazo\u201d por aquello de no dilapidar el capital de tiempo que te\u00f3ricamente figura en mi haber.<\/p>\n<p>Hay un cambio fundamental en este planteamiento personal, no queriendo m\u00e1s ir \u201chacia afuera\u201d sino enfocar mi trabajo en construir \u201chacia adentro\u201d. Es decir: cambio largos viajes en avi\u00f3n a la otra punta del mundo por intensas reflexiones sin necesidad de salir de mi ciudad. Igual es porque siento que ya \u201che visto mucho mundo\u201d y despu\u00e9s de media docena de pasaportes llego a la conclusi\u00f3n de que todos en todas partes, iguales.<\/p>\n<p>Me han decepcionado los europeos tanto como los asi\u00e1ticos; los latinos igual que los africanos y lo que me ha conmovido de pa\u00edses ajenos ha sido la naturaleza, la cultura y la obra inmensa del hombre. Pero a nivel cercano, en el t\u00fa a t\u00fa mir\u00e1ndonos a la cara\u2026 me he sentido \u201catacada\u201d en mi dignidad en cualquier lugar del mundo y reflejada en las mismas miserias.<\/p>\n<p>Desde el desprecio japon\u00e9s hacia la mujer \u2013sobre todo a la extranjera- hasta el desprecio en mi propia tierra, aqu\u00ed mismo, hacia todo aquello que no cumple las normas sociales establecidas por quienes mueven los hilos. En Per\u00fa me quer\u00edan vender su \u201cespiritualidad\u201d de folleto tur\u00edstico. En M\u00e9xico anduve con miedo de que me metieran un tiro para robarme. En Vietnam me sent\u00ed tratada como una ficha m\u00e1s por estar fuera del \u201cPartido\u201d y en Kenia daban m\u00e1s miedo los gu\u00edas buscando propinas que los leones de la sabana. Sin contar lo que viv\u00ed en Marruecos en un viaje horrendo hace muchos a\u00f1os. Y la pobreza cubana de chicos j\u00f3venes que quer\u00edan \u201chacerme un favor\u201d a cambio de algunos d\u00f3lares americanos.<\/p>\n<p>Qu\u00e9 dir\u00e9 de la India adonde fui en dos ocasiones o de Nepal o de Ir\u00e1n y todos los pa\u00edses donde me tuve que cubrir con un velo. El recuerdo de la violencia \u2013una bomba en el hotel- en Jerusalem\u2026 Que no quiero seguir recordando, digo. No sigo porque he visitado much\u00edsimos pa\u00edses y de ninguno he vuelto con el alma henchida de felicidad, paz o amor.<\/p>\n<p>As\u00ed que ahora tengo otro proyecto de vida para el que no creo que me haga falta el pasaporte. Puede que s\u00ed la maleta porque para llevarlo a cabo no es preciso quedarme encerrada en casa, pero cuando el alma pide serenarse\u2026hay que hacerle caso. Y no es cuesti\u00f3n de \u201cla edad\u201d, sino de la experiencia, que no cabe tanta en un cuerpo tan peque\u00f1o.<\/p>\n<p>Este a\u00f1o que se acaba ya he comenzado a sentar las bases de este \u201cplan\u201d. Lo primero que he hecho ha sido alejarme de \u201csocios t\u00f3xicos\u201d que entorpecer\u00edan el buen desarrollo del tema. Limpieza, que se dice, as\u00ed que he \u201cmandado al paro\u201d a unas cuantas personas que se dec\u00edan amigas y no lo eran.<\/p>\n<p>El segundo trabajo, y muy intenso, ha sido reflexivo. S\u00ed, de pensar y ver qu\u00e9 hac\u00eda mal para corregirlo, para lo que me ha hecho falta cuarto y mitad de humildad, algo de lo que no he estado demasiado sobrada a lo largo de la vida.<\/p>\n<p><a href=\"https:\/\/static-blogs.diariovasco.com\/wp-content\/uploads\/sites\/19\/2025\/12\/416Alv6nvxL._SY445_SX342_ControlCacheEqualizer_.jpg\"><img loading=\"lazy\" class=\"alignleft size-medium wp-image-11681\" src=\"https:\/\/static-blogs.diariovasco.com\/wp-content\/uploads\/sites\/19\/2025\/12\/416Alv6nvxL._SY445_SX342_ControlCacheEqualizer_-206x300.jpg\" alt=\"\" width=\"206\" height=\"300\" srcset=\"https:\/\/static-blogs.diariovasco.com\/wp-content\/uploads\/sites\/19\/2025\/12\/416Alv6nvxL._SY445_SX342_ControlCacheEqualizer_-206x300.jpg 206w, https:\/\/static-blogs.diariovasco.com\/wp-content\/uploads\/sites\/19\/2025\/12\/416Alv6nvxL._SY445_SX342_ControlCacheEqualizer_.jpg 305w\" sizes=\"(max-width: 206px) 100vw, 206px\" \/><\/a>Sentadas las bases, trazado el camino y aprendida la teor\u00eda, ahora queda poner la \u201cmano de obra\u201d en marcha. Poco a poco y con buena letra y mucha atenci\u00f3n para no salirme de la l\u00ednea. Porque es una l\u00ednea que tiene que ser lo m\u00e1s recta posible, que ya me he perdido durante lustros por vericuetos y atajos del camino.<\/p>\n<p>Esta es mi \u201cdeclaraci\u00f3n de intenciones\u201d para el pr\u00f3ximo a\u00f1o 2026. Espero que la buena suerte me acompa\u00f1e y nada me distraiga o me dinamite del \u201ccamino interior\u201d que quiero recorrer.<\/p>\n<p>Y felices los felices que tengan nuevos proyectos de vida.<\/p>\n<p>LaAlquimista<\/p>\n<p>Te invito a visitar mi p\u00e1gina en Facebook.<\/p>\n<p><a href=\"https:\/\/www.facebook.com\/apartirdelos50\/\" rel=\"external nofollow\">https:\/\/www.facebook.com\/apartirdelos50\/<\/a><\/p>\n<p><em>Por si alguien desea contactar:<\/em><\/p>\n<p><a href=\"mailto:apartirdeloscincuenta@gmail.com\">apartirdeloscincuenta@gmail.com<\/a><\/p>\n<p>&nbsp;<\/p>\n<p>&nbsp;<\/p>\n<!-- AddThis Advanced Settings generic via filter on the_content --><!-- AddThis Share Buttons generic via filter on the_content -->","protected":false},"excerpt":{"rendered":"<p>Ahora que se acaba el a\u00f1o 2025, uno de los m\u00e1s vergonzosos para el ser humano que no ha parado de matar y masacrar a los m\u00e1s d\u00e9biles, y teniendo en cuenta la edad provecta que me acecha y acorrala, me he propuesto marcarme un \u201cnuevo proyecto de vida\u201d. S\u00ed, a mis a\u00f1os, ya digo. [&hellip;]<!-- AddThis Advanced Settings generic via filter on get_the_excerpt --><!-- AddThis Share Buttons generic via filter on get_the_excerpt --><\/p>\n","protected":false},"author":34,"featured_media":0,"comment_status":"open","ping_status":"closed","sticky":false,"template":"","format":"standard","meta":[],"categories":[1],"tags":[],"_links":{"self":[{"href":"https:\/\/blogs.diariovasco.com\/apartirdelos50\/wp-json\/wp\/v2\/posts\/11679"}],"collection":[{"href":"https:\/\/blogs.diariovasco.com\/apartirdelos50\/wp-json\/wp\/v2\/posts"}],"about":[{"href":"https:\/\/blogs.diariovasco.com\/apartirdelos50\/wp-json\/wp\/v2\/types\/post"}],"author":[{"embeddable":true,"href":"https:\/\/blogs.diariovasco.com\/apartirdelos50\/wp-json\/wp\/v2\/users\/34"}],"replies":[{"embeddable":true,"href":"https:\/\/blogs.diariovasco.com\/apartirdelos50\/wp-json\/wp\/v2\/comments?post=11679"}],"version-history":[{"count":1,"href":"https:\/\/blogs.diariovasco.com\/apartirdelos50\/wp-json\/wp\/v2\/posts\/11679\/revisions"}],"predecessor-version":[{"id":11682,"href":"https:\/\/blogs.diariovasco.com\/apartirdelos50\/wp-json\/wp\/v2\/posts\/11679\/revisions\/11682"}],"wp:attachment":[{"href":"https:\/\/blogs.diariovasco.com\/apartirdelos50\/wp-json\/wp\/v2\/media?parent=11679"}],"wp:term":[{"taxonomy":"category","embeddable":true,"href":"https:\/\/blogs.diariovasco.com\/apartirdelos50\/wp-json\/wp\/v2\/categories?post=11679"},{"taxonomy":"post_tag","embeddable":true,"href":"https:\/\/blogs.diariovasco.com\/apartirdelos50\/wp-json\/wp\/v2\/tags?post=11679"}],"curies":[{"name":"wp","href":"https:\/\/api.w.org\/{rel}","templated":true}]}}