{"id":11779,"date":"2026-02-12T06:36:32","date_gmt":"2026-02-12T05:36:32","guid":{"rendered":"https:\/\/blogs.diariovasco.com\/apartirdelos50\/?p=11779"},"modified":"2026-02-10T18:47:26","modified_gmt":"2026-02-10T17:47:26","slug":"mujeres-demasiado-cotidianas-ii","status":"publish","type":"post","link":"https:\/\/blogs.diariovasco.com\/apartirdelos50\/2026\/02\/12\/mujeres-demasiado-cotidianas-ii\/","title":{"rendered":"Mujeres demasiado cotidianas (II)"},"content":{"rendered":"<div id=\"attachment_11600\" style=\"width: 622px\" class=\"wp-caption aligncenter\"><a href=\"https:\/\/static-blogs.diariovasco.com\/wp-content\/uploads\/sites\/19\/2025\/11\/istockphoto-1425842860-612x612-1.jpg\"><img aria-describedby=\"caption-attachment-11600\" loading=\"lazy\" class=\"size-full wp-image-11600\" src=\"https:\/\/static-blogs.diariovasco.com\/wp-content\/uploads\/sites\/19\/2025\/11\/istockphoto-1425842860-612x612-1.jpg\" alt=\"\" width=\"612\" height=\"518\" srcset=\"https:\/\/static-blogs.diariovasco.com\/wp-content\/uploads\/sites\/19\/2025\/11\/istockphoto-1425842860-612x612-1.jpg 612w, https:\/\/static-blogs.diariovasco.com\/wp-content\/uploads\/sites\/19\/2025\/11\/istockphoto-1425842860-612x612-1-300x254.jpg 300w\" sizes=\"(max-width: 612px) 100vw, 612px\" \/><\/a><p id=\"caption-attachment-11600\" class=\"wp-caption-text\"><span style=\"font-size: 16px;\">(Un relato.)<\/span><\/p><\/div>\n<p>\u201cMucho antes de que suene el despertador ella ya est\u00e1 temiendo al nuevo d\u00eda. Ha tenido toda la noche para temerlo. El eco de las palabras de \u00e9l se ha quedado pegado a las paredes del dormitorio, como la grasa a los azulejos de la cocina. <em>\u201cNo vales para nada, no eres nada, no sabes nada. \u00bfA d\u00f3nde vas a ir t\u00fa sin m\u00ed?\u201d<\/em><\/p>\n<p>Deja la cama procurando no hacer ruido, quiz\u00e1s pueda darse una ducha antes de que \u00e9l se levante, aunque sabe que no le gusta encontrar el cuarto de ba\u00f1o caliente del vapor, le molesta no ser el primero en todo. Pero le duele mucho el hombro y tiene el pelo sucio y todo el cuerpo le est\u00e1 reclamando una purificaci\u00f3n despu\u00e9s de la noche de ayer.<\/p>\n<p>La ciudad hace rato que se ha despertado, el ascensor sube y baja, sube y baja, no se detendr\u00e1 hasta lo menos dentro de una hora. Una hora. Todav\u00eda falta una hora para que \u00e9l se vaya a trabajar. Y entonces ser\u00e1 la paz. Paz quebrada por las voces, el martilleo de sus sienes, otro d\u00eda m\u00e1s, sola y asustada.<\/p>\n<p>Ayer tuvo que decirle a Carmen que no viniera m\u00e1s a limpiar. Que \u00e9l no est\u00e1 dispuesto a mantener \u201cz\u00e1nganas\u201d, eso le dijo, el ignorante que ni siquiera sabe que los z\u00e1nganos son siempre machos y no hembras.<\/p>\n<p>Ya se lo dec\u00eda su madre, mira que le advirti\u00f3. <em>\u2013\u201cTen cuidado con \u00e9ste, parece una mosquita muerta, ya ver\u00e1s cuando os cas\u00e9is, apunta maneras\u201d.<\/em><\/p>\n<p>Hoy no ir\u00e1 a tomar el caf\u00e9 de las once con las amigas. Se le nota demasiado en la cara la bronca de ayer.\u201d<\/p>\n<p>En fin. <a href=\"https:\/\/static-blogs.diariovasco.com\/wp-content\/uploads\/sites\/19\/2026\/01\/A-partir-de-los-50.jpg\"><img loading=\"lazy\" class=\"alignleft size-medium wp-image-11749\" src=\"https:\/\/static-blogs.diariovasco.com\/wp-content\/uploads\/sites\/19\/2026\/01\/A-partir-de-los-50-300x225.jpg\" alt=\"\" width=\"300\" height=\"225\" srcset=\"https:\/\/static-blogs.diariovasco.com\/wp-content\/uploads\/sites\/19\/2026\/01\/A-partir-de-los-50-300x225.jpg 300w, https:\/\/static-blogs.diariovasco.com\/wp-content\/uploads\/sites\/19\/2026\/01\/A-partir-de-los-50.jpg 719w\" sizes=\"(max-width: 300px) 100vw, 300px\" \/><\/a><\/p>\n<p>Felices los felices.<\/p>\n<p>LaAlquimista<\/p>\n<p>Te invito a visitar mi p\u00e1gina en Facebook.<\/p>\n<p><a href=\"https:\/\/www.facebook.com\/apartirdelos50\/\" rel=\"external nofollow\">https:\/\/www.facebook.com\/apartirdelos50\/<\/a><\/p>\n<p><em>Por si alguien desea contactar:<\/em><\/p>\n<p><a href=\"mailto:apartirdeloscincuenta@gmail.com\">apartirdeloscincuenta@gmail.com<\/a><\/p>\n<p>&nbsp;<\/p>\n<p>&nbsp;<\/p>\n<p>&nbsp;<\/p>\n<p>&nbsp;<\/p>\n<p>&nbsp;<\/p>\n<p>&nbsp;<\/p>\n<!-- AddThis Advanced Settings generic via filter on the_content --><!-- AddThis Share Buttons generic via filter on the_content -->","protected":false},"excerpt":{"rendered":"<p>\u201cMucho antes de que suene el despertador ella ya est\u00e1 temiendo al nuevo d\u00eda. Ha tenido toda la noche para temerlo. El eco de las palabras de \u00e9l se ha quedado pegado a las paredes del dormitorio, como la grasa a los azulejos de la cocina. \u201cNo vales para nada, no eres nada, no sabes [&hellip;]<!-- AddThis Advanced Settings generic via filter on get_the_excerpt --><!-- AddThis Share Buttons generic via filter on get_the_excerpt --><\/p>\n","protected":false},"author":34,"featured_media":0,"comment_status":"open","ping_status":"closed","sticky":false,"template":"","format":"standard","meta":[],"categories":[9,2,10],"tags":[],"_links":{"self":[{"href":"https:\/\/blogs.diariovasco.com\/apartirdelos50\/wp-json\/wp\/v2\/posts\/11779"}],"collection":[{"href":"https:\/\/blogs.diariovasco.com\/apartirdelos50\/wp-json\/wp\/v2\/posts"}],"about":[{"href":"https:\/\/blogs.diariovasco.com\/apartirdelos50\/wp-json\/wp\/v2\/types\/post"}],"author":[{"embeddable":true,"href":"https:\/\/blogs.diariovasco.com\/apartirdelos50\/wp-json\/wp\/v2\/users\/34"}],"replies":[{"embeddable":true,"href":"https:\/\/blogs.diariovasco.com\/apartirdelos50\/wp-json\/wp\/v2\/comments?post=11779"}],"version-history":[{"count":3,"href":"https:\/\/blogs.diariovasco.com\/apartirdelos50\/wp-json\/wp\/v2\/posts\/11779\/revisions"}],"predecessor-version":[{"id":11782,"href":"https:\/\/blogs.diariovasco.com\/apartirdelos50\/wp-json\/wp\/v2\/posts\/11779\/revisions\/11782"}],"wp:attachment":[{"href":"https:\/\/blogs.diariovasco.com\/apartirdelos50\/wp-json\/wp\/v2\/media?parent=11779"}],"wp:term":[{"taxonomy":"category","embeddable":true,"href":"https:\/\/blogs.diariovasco.com\/apartirdelos50\/wp-json\/wp\/v2\/categories?post=11779"},{"taxonomy":"post_tag","embeddable":true,"href":"https:\/\/blogs.diariovasco.com\/apartirdelos50\/wp-json\/wp\/v2\/tags?post=11779"}],"curies":[{"name":"wp","href":"https:\/\/api.w.org\/{rel}","templated":true}]}}