{"id":11945,"date":"2026-05-01T05:38:38","date_gmt":"2026-05-01T04:38:38","guid":{"rendered":"https:\/\/blogs.diariovasco.com\/apartirdelos50\/?p=11945"},"modified":"2026-05-01T05:49:38","modified_gmt":"2026-05-01T04:49:38","slug":"un-paseo-por-asia-3-taiwan-al-completo","status":"publish","type":"post","link":"https:\/\/blogs.diariovasco.com\/apartirdelos50\/2026\/05\/01\/un-paseo-por-asia-3-taiwan-al-completo\/","title":{"rendered":"Un paseo por Asia (3) Taiw\u00e1n al completo"},"content":{"rendered":"<p><a href=\"https:\/\/static-blogs.diariovasco.com\/wp-content\/uploads\/sites\/19\/2026\/04\/Taiwan-Memorial-Chiang-Kai-Shek.jpg\"><img loading=\"lazy\" class=\"aligncenter size-large wp-image-11946\" src=\"https:\/\/static-blogs.diariovasco.com\/wp-content\/uploads\/sites\/19\/2026\/04\/Taiwan-Memorial-Chiang-Kai-Shek-768x1024.jpg\" alt=\"\" width=\"768\" height=\"1024\" srcset=\"https:\/\/static-blogs.diariovasco.com\/wp-content\/uploads\/sites\/19\/2026\/04\/Taiwan-Memorial-Chiang-Kai-Shek-768x1024.jpg 768w, https:\/\/static-blogs.diariovasco.com\/wp-content\/uploads\/sites\/19\/2026\/04\/Taiwan-Memorial-Chiang-Kai-Shek-225x300.jpg 225w, https:\/\/static-blogs.diariovasco.com\/wp-content\/uploads\/sites\/19\/2026\/04\/Taiwan-Memorial-Chiang-Kai-Shek-1152x1536.jpg 1152w, https:\/\/static-blogs.diariovasco.com\/wp-content\/uploads\/sites\/19\/2026\/04\/Taiwan-Memorial-Chiang-Kai-Shek.jpg 1440w\" sizes=\"(max-width: 768px) 100vw, 768px\" \/><\/a><\/p>\n<p>Madrug\u00f3n bestial para volar de Hong Kong a Taipei, capital de Taiw\u00e1n, y total para conseguir ir en un avi\u00f3n medio vac\u00edo. Pod\u00edamos haber dormido tres horas m\u00e1s y pillar el del mediod\u00eda.<\/p>\n<p><a href=\"https:\/\/static-blogs.diariovasco.com\/wp-content\/uploads\/sites\/19\/2026\/04\/Taiwan-Taipei-El-padre-de-la-patria.jpg\"><img loading=\"lazy\" class=\"alignleft size-medium wp-image-11947\" src=\"https:\/\/static-blogs.diariovasco.com\/wp-content\/uploads\/sites\/19\/2026\/04\/Taiwan-Taipei-El-padre-de-la-patria-225x300.jpg\" alt=\"\" width=\"225\" height=\"300\" srcset=\"https:\/\/static-blogs.diariovasco.com\/wp-content\/uploads\/sites\/19\/2026\/04\/Taiwan-Taipei-El-padre-de-la-patria-225x300.jpg 225w, https:\/\/static-blogs.diariovasco.com\/wp-content\/uploads\/sites\/19\/2026\/04\/Taiwan-Taipei-El-padre-de-la-patria-768x1024.jpg 768w, https:\/\/static-blogs.diariovasco.com\/wp-content\/uploads\/sites\/19\/2026\/04\/Taiwan-Taipei-El-padre-de-la-patria-1152x1536.jpg 1152w, https:\/\/static-blogs.diariovasco.com\/wp-content\/uploads\/sites\/19\/2026\/04\/Taiwan-Taipei-El-padre-de-la-patria.jpg 1440w\" sizes=\"(max-width: 225px) 100vw, 225px\" \/><\/a><\/p>\n<p>&nbsp;<\/p>\n<p>Taiw\u00e1n sigue rindiendo honores y homenajes al Padre de la Patria, aquel se\u00f1or que se llamaba Chiang Kai-shek y que se estudiaba en los libros de historia y del que prefiero no decir nada por si las moscas. Algo as\u00ed como visitar el Valle de los Ca\u00eddos cuando los restos del dictador estaban all\u00ed. Empero, lo primero que te \u201cobligan\u201d a hacer nada m\u00e1s llegar es visitar su memorial y rendirle pleites\u00eda.<\/p>\n<p>&nbsp;<\/p>\n<p>** Conejito Jr, se ha mareado en el avi\u00f3n\u00a0 porque\u00a0 no\u00a0 le\u00a0 hab\u00eda\u00a0 dado\u00a0 tiempo\u00a0 a desayunar.<a href=\"https:\/\/static-blogs.diariovasco.com\/wp-content\/uploads\/sites\/19\/2026\/04\/Conejito-Jr-camino-a-Taiwan.jpg\"><img loading=\"lazy\" class=\"alignright size-medium wp-image-11948\" src=\"https:\/\/static-blogs.diariovasco.com\/wp-content\/uploads\/sites\/19\/2026\/04\/Conejito-Jr-camino-a-Taiwan-225x300.jpg\" alt=\"\" width=\"225\" height=\"300\" srcset=\"https:\/\/static-blogs.diariovasco.com\/wp-content\/uploads\/sites\/19\/2026\/04\/Conejito-Jr-camino-a-Taiwan-225x300.jpg 225w, https:\/\/static-blogs.diariovasco.com\/wp-content\/uploads\/sites\/19\/2026\/04\/Conejito-Jr-camino-a-Taiwan-768x1024.jpg 768w, https:\/\/static-blogs.diariovasco.com\/wp-content\/uploads\/sites\/19\/2026\/04\/Conejito-Jr-camino-a-Taiwan-1152x1536.jpg 1152w, https:\/\/static-blogs.diariovasco.com\/wp-content\/uploads\/sites\/19\/2026\/04\/Conejito-Jr-camino-a-Taiwan.jpg 1440w\" sizes=\"(max-width: 225px) 100vw, 225px\" \/><\/a><\/p>\n<p>&nbsp;<\/p>\n<p><a href=\"https:\/\/static-blogs.diariovasco.com\/wp-content\/uploads\/sites\/19\/2026\/04\/Taiwan-Cecilia-Memorial-Chiang-kai.jpg\"><img loading=\"lazy\" class=\"alignleft size-medium wp-image-11949\" src=\"https:\/\/static-blogs.diariovasco.com\/wp-content\/uploads\/sites\/19\/2026\/04\/Taiwan-Cecilia-Memorial-Chiang-kai-225x300.jpg\" alt=\"\" width=\"225\" height=\"300\" srcset=\"https:\/\/static-blogs.diariovasco.com\/wp-content\/uploads\/sites\/19\/2026\/04\/Taiwan-Cecilia-Memorial-Chiang-kai-225x300.jpg 225w, https:\/\/static-blogs.diariovasco.com\/wp-content\/uploads\/sites\/19\/2026\/04\/Taiwan-Cecilia-Memorial-Chiang-kai-768x1024.jpg 768w, https:\/\/static-blogs.diariovasco.com\/wp-content\/uploads\/sites\/19\/2026\/04\/Taiwan-Cecilia-Memorial-Chiang-kai-1152x1536.jpg 1152w, https:\/\/static-blogs.diariovasco.com\/wp-content\/uploads\/sites\/19\/2026\/04\/Taiwan-Cecilia-Memorial-Chiang-kai.jpg 1440w\" sizes=\"(max-width: 225px) 100vw, 225px\" \/><\/a><\/p>\n<p>&nbsp;<\/p>\n<p>&nbsp;<\/p>\n<p>&nbsp;<\/p>\n<p>&nbsp;<\/p>\n<p>&nbsp;<\/p>\n<p>&nbsp;<\/p>\n<p>&nbsp;<\/p>\n<p>**Foto obligada junto al Memorial sacada a traici\u00f3n. Obs\u00e9rvense las nubes oscuras y mi sonrisa de circunstancias.<\/p>\n<p><a href=\"https:\/\/static-blogs.diariovasco.com\/wp-content\/uploads\/sites\/19\/2026\/04\/Taiwan-Museo-Nacional-Mujer-China.jpg\"><img loading=\"lazy\" class=\"alignright size-medium wp-image-11950\" src=\"https:\/\/static-blogs.diariovasco.com\/wp-content\/uploads\/sites\/19\/2026\/04\/Taiwan-Museo-Nacional-Mujer-China-225x300.jpg\" alt=\"\" width=\"225\" height=\"300\" srcset=\"https:\/\/static-blogs.diariovasco.com\/wp-content\/uploads\/sites\/19\/2026\/04\/Taiwan-Museo-Nacional-Mujer-China-225x300.jpg 225w, https:\/\/static-blogs.diariovasco.com\/wp-content\/uploads\/sites\/19\/2026\/04\/Taiwan-Museo-Nacional-Mujer-China-768x1024.jpg 768w, https:\/\/static-blogs.diariovasco.com\/wp-content\/uploads\/sites\/19\/2026\/04\/Taiwan-Museo-Nacional-Mujer-China-1152x1536.jpg 1152w, https:\/\/static-blogs.diariovasco.com\/wp-content\/uploads\/sites\/19\/2026\/04\/Taiwan-Museo-Nacional-Mujer-China.jpg 1440w\" sizes=\"(max-width: 225px) 100vw, 225px\" \/><\/a><a href=\"https:\/\/static-blogs.diariovasco.com\/wp-content\/uploads\/sites\/19\/2026\/04\/Taiwan-Taipei-contraste.jpg\"><img loading=\"lazy\" class=\"alignleft size-medium wp-image-11953\" src=\"https:\/\/static-blogs.diariovasco.com\/wp-content\/uploads\/sites\/19\/2026\/04\/Taiwan-Taipei-contraste-225x300.jpg\" alt=\"\" width=\"225\" height=\"300\" srcset=\"https:\/\/static-blogs.diariovasco.com\/wp-content\/uploads\/sites\/19\/2026\/04\/Taiwan-Taipei-contraste-225x300.jpg 225w, https:\/\/static-blogs.diariovasco.com\/wp-content\/uploads\/sites\/19\/2026\/04\/Taiwan-Taipei-contraste-768x1024.jpg 768w, https:\/\/static-blogs.diariovasco.com\/wp-content\/uploads\/sites\/19\/2026\/04\/Taiwan-Taipei-contraste-1152x1536.jpg 1152w, https:\/\/static-blogs.diariovasco.com\/wp-content\/uploads\/sites\/19\/2026\/04\/Taiwan-Taipei-contraste.jpg 1440w\" sizes=\"(max-width: 225px) 100vw, 225px\" \/><\/a><\/p>\n<p>&nbsp;<\/p>\n<p>&nbsp;<\/p>\n<p>&nbsp;<\/p>\n<p>&nbsp;<\/p>\n<p>&nbsp;<\/p>\n<p>&nbsp;<\/p>\n<p>&nbsp;<\/p>\n<p>&nbsp;<\/p>\n<p>*** Contraste<\/p>\n<p>Luego hay que visitar el Museo del Palacio que es el culmen que ellos tienen para mayor gloria de su cultura, museo que alberga objetos, porcelanas, memoria de artefactos y obras de arte chinas. Nada demasiado reconocible por el viajero europeo a pesar de custodiar 700.000 pienuncian que este Museo est\u00e1 entre los cinco m\u00e1s famosos del mundo, opini\u00f3n con la que no estoy de acuerdo, pero cualquiera les lleva la contraria en su propio terreno. ***Obra m\u00e1s famosa que se muestra: \u201cImagen de la belleza de la mujer china\u201d. En realidad lo que guarda son los tesoros dom\u00e9sticos que acumularon los emperadores chinos durante siglos. (Casi me da un pasmo de la falta de coherencia para meternos en un museo que , yo por lo menos, nunca habr\u00eda visitado habi\u00e9ndome levantado a las cuatro de la ma\u00f1ana para coger un avi\u00f3n.)<\/p>\n<p><a href=\"https:\/\/static-blogs.diariovasco.com\/wp-content\/uploads\/sites\/19\/2026\/04\/Taiwan-Taipei-101-en-la-tarde.jpg\"><img loading=\"lazy\" class=\"alignleft size-medium wp-image-11951\" src=\"https:\/\/static-blogs.diariovasco.com\/wp-content\/uploads\/sites\/19\/2026\/04\/Taiwan-Taipei-101-en-la-tarde-225x300.jpg\" alt=\"\" width=\"225\" height=\"300\" srcset=\"https:\/\/static-blogs.diariovasco.com\/wp-content\/uploads\/sites\/19\/2026\/04\/Taiwan-Taipei-101-en-la-tarde-225x300.jpg 225w, https:\/\/static-blogs.diariovasco.com\/wp-content\/uploads\/sites\/19\/2026\/04\/Taiwan-Taipei-101-en-la-tarde-768x1024.jpg 768w, https:\/\/static-blogs.diariovasco.com\/wp-content\/uploads\/sites\/19\/2026\/04\/Taiwan-Taipei-101-en-la-tarde-1152x1536.jpg 1152w, https:\/\/static-blogs.diariovasco.com\/wp-content\/uploads\/sites\/19\/2026\/04\/Taiwan-Taipei-101-en-la-tarde.jpg 1440w\" sizes=\"(max-width: 225px) 100vw, 225px\" \/><\/a><\/p>\n<p>Y en tercer lugar de imprescindible visita el rascacielos m\u00e1s famoso de Taiw\u00e1n, llamado Taipei 101, por el n\u00famero de pisos, obviamente, al que la gu\u00eda local se empe\u00f1a en acceder en una tarde desapacible de lluvia y gran bruma, lo ideal para subir hasta el piso 89 y NO VER CASI NADA al otro lado de los ventanales.<\/p>\n<p><a href=\"https:\/\/static-blogs.diariovasco.com\/wp-content\/uploads\/sites\/19\/2026\/04\/Taiwan-Taipei-101-en-la-tarde-1.jpg\"><img loading=\"lazy\" class=\"alignright size-medium wp-image-11952\" src=\"https:\/\/static-blogs.diariovasco.com\/wp-content\/uploads\/sites\/19\/2026\/04\/Taiwan-Taipei-101-en-la-tarde-1-225x300.jpg\" alt=\"\" width=\"225\" height=\"300\" srcset=\"https:\/\/static-blogs.diariovasco.com\/wp-content\/uploads\/sites\/19\/2026\/04\/Taiwan-Taipei-101-en-la-tarde-1-225x300.jpg 225w, https:\/\/static-blogs.diariovasco.com\/wp-content\/uploads\/sites\/19\/2026\/04\/Taiwan-Taipei-101-en-la-tarde-1-768x1024.jpg 768w, https:\/\/static-blogs.diariovasco.com\/wp-content\/uploads\/sites\/19\/2026\/04\/Taiwan-Taipei-101-en-la-tarde-1-1152x1536.jpg 1152w, https:\/\/static-blogs.diariovasco.com\/wp-content\/uploads\/sites\/19\/2026\/04\/Taiwan-Taipei-101-en-la-tarde-1.jpg 1440w\" sizes=\"(max-width: 225px) 100vw, 225px\" \/><\/a><\/p>\n<p>En mi opini\u00f3n, lo mejor ha sido la comida gastron\u00f3mica en el restaurante del museo \u2013pura categor\u00eda- y horas m\u00e1s tarde, tirarme en la enorme cama de la enorme habitaci\u00f3n del hotel, aunque no fueran m\u00e1s que las ocho de la tarde&#8230;<\/p>\n<p>Si hubiera estado sola, me habr\u00eda dedicado a pasear por las calles populares de la ciudad, pero si vas con un grupo que te protege tambi\u00e9n tienes que aceptar la situaci\u00f3n a las duras y las maduras y no andar tocando las narices con el t\u00edpico \u201cyo me voy por ah\u00ed, ya nos veremos en el hotel. <a href=\"https:\/\/static-blogs.diariovasco.com\/wp-content\/uploads\/sites\/19\/2026\/04\/Taiwan-Taipei-101.jpg\"><img loading=\"lazy\" class=\"alignright size-medium wp-image-11954\" src=\"https:\/\/static-blogs.diariovasco.com\/wp-content\/uploads\/sites\/19\/2026\/04\/Taiwan-Taipei-101-225x300.jpg\" alt=\"\" width=\"225\" height=\"300\" srcset=\"https:\/\/static-blogs.diariovasco.com\/wp-content\/uploads\/sites\/19\/2026\/04\/Taiwan-Taipei-101-225x300.jpg 225w, https:\/\/static-blogs.diariovasco.com\/wp-content\/uploads\/sites\/19\/2026\/04\/Taiwan-Taipei-101-768x1024.jpg 768w, https:\/\/static-blogs.diariovasco.com\/wp-content\/uploads\/sites\/19\/2026\/04\/Taiwan-Taipei-101-1152x1536.jpg 1152w, https:\/\/static-blogs.diariovasco.com\/wp-content\/uploads\/sites\/19\/2026\/04\/Taiwan-Taipei-101.jpg 1440w\" sizes=\"(max-width: 225px) 100vw, 225px\" \/><\/a><\/p>\n<p>Afortunadamente, ma\u00f1ana toca NATURALEZA.<\/p>\n<p>Y que sep\u00e1is que Taiw\u00e1n est\u00e1 en una situaci\u00f3n pol\u00edtica pendiente de un hilo, con el pa\u00eds rodeado por buques de la armada China, que lo dicen en todos los telediarios\u2026 Otro conflicto que lleva a\u00f1os gest\u00e1ndose como consecuencia del odio mutuo que se tuvieron los que primero fueron grandes aliados en la China moderna. Chiang Kai-shek (nacionalista) y Mao Zedong (comunista) fueron los l\u00edderes rivales que definieron el destino de China en el siglo XX, luchando por el poder durante d\u00e9cadas. Tras una fr\u00e1gil alianza contra Jap\u00f3n, Mao venci\u00f3 en la Guerra Civil y proclam\u00f3 la Rep\u00fablica Popular China en 1949, mientras Chiang se exili\u00f3 a Taiw\u00e1n y cuyos seguidores est\u00e1n instalados en la oposici\u00f3n pol\u00edtica desde hace d\u00e9cadas.<\/p>\n<p>***Esto es un peque\u00f1o apunte importante, ya que si viajas es para conocer lo que se cuece en el pa\u00eds visitado, no \u00fanicamente para sacar fotos, comprar souvenirs y criticar lo que no se adecua al gusto europeo. El idioma oficial y m\u00e1s utilizado en Taiw\u00e1n es el <strong data-sfc-root=\"c\" data-sfc-cb=\"\" data-copy-service-computed-style=\"font-family: &quot;Google Sans&quot;, Arial, sans-serif; font-size: 16px; font-weight: 600; margin: 0px; text-decoration: none; border-bottom: 0px rgb(0, 29, 53);\">chino mandar\u00edn<\/strong> (espec\u00edficamente el mandar\u00edn taiwan\u00e9s), empleado en el gobierno, educaci\u00f3n y medios. A diferencia de China continental, en Taiw\u00e1n se utiliza la escritura en <strong data-sfc-root=\"c\" data-sfc-cb=\"\" data-copy-service-computed-style=\"font-family: &quot;Google Sans&quot;, Arial, sans-serif; font-size: 16px; font-weight: 600; margin: 0px; text-decoration: none; border-bottom: 0px rgb(10, 10, 10);\">chino tradicional<\/strong>. Adem\u00e1s del mandar\u00edn, una gran parte de la poblaci\u00f3n habla el hokkien taiwan\u00e9s (o taiwan\u00e9s) y los que piensan que se van a entender en ingl\u00e9s con ellos est\u00e1n m\u00e1s que equivocados porque es un idioma que no pueden hablar bien debido a sus peculiaridades de pronunciaci\u00f3n con la &#8220;r&#8221; y la &#8220;l&#8221;., as\u00ed que lo destrozan m\u00e1s que los espa\u00f1oles todav\u00eda, que ya es decir, pero con sonrisas amables al final de cada frase incomprensible.<\/p>\n<p>Felices los felices, malgr\u00e9 tout. <a href=\"https:\/\/www.newtral.es\/origen-conflicto-china-taiwan\/20250128\/\" rel=\"external nofollow\">El origen del conflicto entre China y Taiw\u00e1n: la guerra civil que dividi\u00f3 el pa\u00eds<\/a><\/p>\n<p>LaAlquimista<\/p>\n<p>Te invito a visitar mi p\u00e1gina en Facebook.<\/p>\n<p><a href=\"https:\/\/www.facebook.com\/apartirdelos50\/\" rel=\"external nofollow\">https:\/\/www.facebook.com\/apartirdelos50\/<\/a><\/p>\n<p><em>Por si alguien desea contactar:<\/em><\/p>\n<p><a href=\"mailto:apartirdeloscincuenta@gmail.com\">apartirdeloscincuenta@gmail.com<\/a><\/p>\n<p>Viaje del d\u00eda 15 de Abril 2026<\/p>\n<p>&nbsp;<\/p>\n<!-- AddThis Advanced Settings generic via filter on the_content --><!-- AddThis Share Buttons generic via filter on the_content -->","protected":false},"excerpt":{"rendered":"<p>Madrug\u00f3n bestial para volar de Hong Kong a Taipei, capital de Taiw\u00e1n, y total para conseguir ir en un avi\u00f3n medio vac\u00edo. Pod\u00edamos haber dormido tres horas m\u00e1s y pillar el del mediod\u00eda. &nbsp; Taiw\u00e1n sigue rindiendo honores y homenajes al Padre de la Patria, aquel se\u00f1or que se llamaba Chiang Kai-shek y que se [&hellip;]<!-- AddThis Advanced Settings generic via filter on get_the_excerpt --><!-- AddThis Share Buttons generic via filter on get_the_excerpt --><\/p>\n","protected":false},"author":34,"featured_media":0,"comment_status":"open","ping_status":"closed","sticky":false,"template":"","format":"standard","meta":[],"categories":[1],"tags":[],"_links":{"self":[{"href":"https:\/\/blogs.diariovasco.com\/apartirdelos50\/wp-json\/wp\/v2\/posts\/11945"}],"collection":[{"href":"https:\/\/blogs.diariovasco.com\/apartirdelos50\/wp-json\/wp\/v2\/posts"}],"about":[{"href":"https:\/\/blogs.diariovasco.com\/apartirdelos50\/wp-json\/wp\/v2\/types\/post"}],"author":[{"embeddable":true,"href":"https:\/\/blogs.diariovasco.com\/apartirdelos50\/wp-json\/wp\/v2\/users\/34"}],"replies":[{"embeddable":true,"href":"https:\/\/blogs.diariovasco.com\/apartirdelos50\/wp-json\/wp\/v2\/comments?post=11945"}],"version-history":[{"count":3,"href":"https:\/\/blogs.diariovasco.com\/apartirdelos50\/wp-json\/wp\/v2\/posts\/11945\/revisions"}],"predecessor-version":[{"id":11959,"href":"https:\/\/blogs.diariovasco.com\/apartirdelos50\/wp-json\/wp\/v2\/posts\/11945\/revisions\/11959"}],"wp:attachment":[{"href":"https:\/\/blogs.diariovasco.com\/apartirdelos50\/wp-json\/wp\/v2\/media?parent=11945"}],"wp:term":[{"taxonomy":"category","embeddable":true,"href":"https:\/\/blogs.diariovasco.com\/apartirdelos50\/wp-json\/wp\/v2\/categories?post=11945"},{"taxonomy":"post_tag","embeddable":true,"href":"https:\/\/blogs.diariovasco.com\/apartirdelos50\/wp-json\/wp\/v2\/tags?post=11945"}],"curies":[{"name":"wp","href":"https:\/\/api.w.org\/{rel}","templated":true}]}}