{"id":12571,"date":"2026-09-04T05:14:25","date_gmt":"2026-09-04T04:14:25","guid":{"rendered":"https:\/\/blogs.diariovasco.com\/apartirdelos50\/?p=12571"},"modified":"2026-08-31T17:16:04","modified_gmt":"2026-08-31T16:16:04","slug":"la-ia-y-la-soledad-no-deseada","status":"publish","type":"post","link":"https:\/\/blogs.diariovasco.com\/apartirdelos50\/2026\/09\/04\/la-ia-y-la-soledad-no-deseada\/","title":{"rendered":"La IA y la soledad no deseada"},"content":{"rendered":"<p><a href=\"https:\/\/blogs.diariovasco.com\/apartirdelos50\/wp-content\/uploads\/sites\/19\/2026\/09\/soledad-no-deseada.jpg\"><img loading=\"lazy\" decoding=\"async\" class=\"aligncenter size-large wp-image-12573\" src=\"https:\/\/blogs.diariovasco.com\/apartirdelos50\/wp-content\/uploads\/sites\/19\/2026\/09\/soledad-no-deseada-1024x614.jpg\" alt=\"\" width=\"1024\" height=\"614\" srcset=\"https:\/\/blogs.diariovasco.com\/apartirdelos50\/wp-content\/uploads\/sites\/19\/2026\/09\/soledad-no-deseada-1024x614.jpg 1024w, https:\/\/blogs.diariovasco.com\/apartirdelos50\/wp-content\/uploads\/sites\/19\/2026\/09\/soledad-no-deseada-300x180.jpg 300w, https:\/\/blogs.diariovasco.com\/apartirdelos50\/wp-content\/uploads\/sites\/19\/2026\/09\/soledad-no-deseada-768x461.jpg 768w, https:\/\/blogs.diariovasco.com\/apartirdelos50\/wp-content\/uploads\/sites\/19\/2026\/09\/soledad-no-deseada.jpg 1500w\" sizes=\"auto, (max-width: 1024px) 100vw, 1024px\" \/><\/a><\/p>\n<p>Como ya est\u00e1 aceptado consultar a la IA incluso para preguntar c\u00f3mo se hace una tortilla francesa, se me ha ocurrido gastar el medio litro de agua necesario para refrescar el Gran Ordenador Central en plantear a tal asistente virtual mi pregunta del mill\u00f3n: -\u00bfC\u00f3mo hacer para gestionar la soledad no deseada de las personas mayores?<\/p>\n<p>Y me ha saltado a la pantalla una respuesta largu\u00edsima, prolija y aburrida sacada del Libro Gordo de Petete actual, ese que es utilizado por gente \u201cexperta\u201d y que parece que sirve lo mismo para un roto que para un descosido.<\/p>\n<p>No dir\u00e9 que son tonter\u00edas, porque algo de raz\u00f3n lleva, pero lo que s\u00ed me queda claro es que me quieren vender algo. Como siempre. Que haga voluntariado que es algo genial para sentir que uno contribuye al bien com\u00fan mientras la subvenci\u00f3n o el sueldo se lo lleva la oeneg\u00e9 correspondiente. Que me apunte a cursos con precio especial para mayores, pero pagando. Que me tome un cafecito en el hogar del jubileta y socialice con otros como yo. Que lea libros en grupo, que baile a pesar de artritis, artrosis, pr\u00f3tesis y rodillas escachufladas. Que pegue la hebra y les cuente mi vida al pescatero y a la cajera del colmado de la esquina.<\/p>\n<p>En realidad, lo que me est\u00e1 diciendo es que no me quede en casa, en bata boatin\u00e9, despeinada, aburrida y con la televisi\u00f3n encendida todo el d\u00eda.<\/p>\n<p>De la soledad s\u00e9 mucho, demasiado. Y todo en primera persona, nada de manuales de autoayuda ni charlas de superaci\u00f3n, resiliencia o arreglo de desaguisados emocionales. Mi soledad es m\u00eda y con mi pan me la como, y me r\u00edo de las tonter\u00edas de la IA, que suena a rebuzno en espa\u00f1ol y a saludo de cachondeo en ingl\u00e9s (\u201cei ai\u201d). \u201cDe mis soledades vengo y a mis soledades voy\u201d, como cantaba Mocedades con gran acierto y gorgoritos sensibleros. <a href=\"https:\/\/blogs.diariovasco.com\/apartirdelos50\/wp-content\/uploads\/sites\/19\/2026\/07\/A-partir-de-los-50-2.jpg\"><img loading=\"lazy\" decoding=\"async\" class=\"alignleft size-medium wp-image-12454\" src=\"https:\/\/blogs.diariovasco.com\/apartirdelos50\/wp-content\/uploads\/sites\/19\/2026\/07\/A-partir-de-los-50-2-300x300.jpg\" alt=\"\" width=\"300\" height=\"300\" srcset=\"https:\/\/blogs.diariovasco.com\/apartirdelos50\/wp-content\/uploads\/sites\/19\/2026\/07\/A-partir-de-los-50-2-300x300.jpg 300w, https:\/\/blogs.diariovasco.com\/apartirdelos50\/wp-content\/uploads\/sites\/19\/2026\/07\/A-partir-de-los-50-2-150x150.jpg 150w, https:\/\/blogs.diariovasco.com\/apartirdelos50\/wp-content\/uploads\/sites\/19\/2026\/07\/A-partir-de-los-50-2.jpg 524w\" sizes=\"auto, (max-width: 300px) 100vw, 300px\" \/><\/a><\/p>\n<p>Nadie se libra. Ni los que viven rodeados de familia ni los que comparten cama y taza del v\u00e1ter. Ni los que son \u201camigos de sus amigos\u201d ni los que van en reba\u00f1o a todas partes. Acaso sea la soledad inherente a la esencia del ser humano y hemos querido negarlo porque a la iglesia, al estado y a los de marketing les ha interesado.<\/p>\n<p>Pero para este viaje no necesitamos las alforjas \u201cartificiales\u201d, que ya tenemos bastante con las naturales\u2026<\/p>\n<p>Felices los felices.<\/p>\n<p>LaAlquimista<\/p>\n<p>(No adjunto el rollo de la IA porque no es m\u00e1s que un ramillete mustio de buenas intenciones)<\/p>\n<p>Te invito a visitar mi p\u00e1gina en Facebook.<\/p>\n<p><a href=\"https:\/\/www.facebook.com\/apartirdelos50\/\" rel=\"external nofollow\">https:\/\/www.facebook.com\/apartirdelos50\/<\/a><\/p>\n<p><em>Por si alguien desea contactar:<\/em><\/p>\n<p><a href=\"mailto:apartirdeloscincuenta@gmail.com\">apartirdeloscincuenta@gmail.com<\/a><\/p>\n<p>&nbsp;<\/p>\n<p>&nbsp;<\/p>\n<!-- AddThis Advanced Settings generic via filter on the_content --><!-- AddThis Share Buttons generic via filter on the_content -->","protected":false},"excerpt":{"rendered":"<p>Como ya est\u00e1 aceptado consultar a la IA incluso para preguntar c\u00f3mo se hace una tortilla francesa, se me ha ocurrido gastar el medio litro de agua necesario para refrescar el Gran Ordenador Central en plantear a tal asistente virtual mi pregunta del mill\u00f3n: -\u00bfC\u00f3mo hacer para gestionar la soledad no deseada de las personas [&hellip;]<!-- AddThis Advanced Settings generic via filter on get_the_excerpt --><!-- AddThis Share Buttons generic via filter on get_the_excerpt --><\/p>\n","protected":false},"author":34,"featured_media":0,"comment_status":"open","ping_status":"closed","sticky":false,"template":"","format":"standard","meta":{"footnotes":""},"categories":[9,2,10],"tags":[],"class_list":["post-12571","post","type-post","status-publish","format-standard","hentry","category-crecimiento-personal","category-2","category-reflexiones-adultas"],"_links":{"self":[{"href":"https:\/\/blogs.diariovasco.com\/apartirdelos50\/wp-json\/wp\/v2\/posts\/12571","targetHints":{"allow":["GET"]}}],"collection":[{"href":"https:\/\/blogs.diariovasco.com\/apartirdelos50\/wp-json\/wp\/v2\/posts"}],"about":[{"href":"https:\/\/blogs.diariovasco.com\/apartirdelos50\/wp-json\/wp\/v2\/types\/post"}],"author":[{"embeddable":true,"href":"https:\/\/blogs.diariovasco.com\/apartirdelos50\/wp-json\/wp\/v2\/users\/34"}],"replies":[{"embeddable":true,"href":"https:\/\/blogs.diariovasco.com\/apartirdelos50\/wp-json\/wp\/v2\/comments?post=12571"}],"version-history":[{"count":3,"href":"https:\/\/blogs.diariovasco.com\/apartirdelos50\/wp-json\/wp\/v2\/posts\/12571\/revisions"}],"predecessor-version":[{"id":12575,"href":"https:\/\/blogs.diariovasco.com\/apartirdelos50\/wp-json\/wp\/v2\/posts\/12571\/revisions\/12575"}],"wp:attachment":[{"href":"https:\/\/blogs.diariovasco.com\/apartirdelos50\/wp-json\/wp\/v2\/media?parent=12571"}],"wp:term":[{"taxonomy":"category","embeddable":true,"href":"https:\/\/blogs.diariovasco.com\/apartirdelos50\/wp-json\/wp\/v2\/categories?post=12571"},{"taxonomy":"post_tag","embeddable":true,"href":"https:\/\/blogs.diariovasco.com\/apartirdelos50\/wp-json\/wp\/v2\/tags?post=12571"}],"curies":[{"name":"wp","href":"https:\/\/api.w.org\/{rel}","templated":true}]}}