{"id":12576,"date":"2026-09-01T05:12:15","date_gmt":"2026-09-01T04:12:15","guid":{"rendered":"https:\/\/blogs.diariovasco.com\/apartirdelos50\/?p=12576"},"modified":"2026-08-31T17:15:11","modified_gmt":"2026-08-31T16:15:11","slug":"la-habilidad-para-hacer-nada","status":"publish","type":"post","link":"https:\/\/blogs.diariovasco.com\/apartirdelos50\/2026\/09\/01\/la-habilidad-para-hacer-nada\/","title":{"rendered":"La habilidad para &#8220;hacer nada&#8221;"},"content":{"rendered":"<p><a href=\"https:\/\/blogs.diariovasco.com\/apartirdelos50\/wp-content\/uploads\/sites\/19\/2026\/09\/508123692_10161658145927877_1416928765930852722_n-1.jpg\"><img loading=\"lazy\" decoding=\"async\" class=\"aligncenter size-full wp-image-12578\" src=\"https:\/\/blogs.diariovasco.com\/apartirdelos50\/wp-content\/uploads\/sites\/19\/2026\/09\/508123692_10161658145927877_1416928765930852722_n-1.jpg\" alt=\"\" width=\"800\" height=\"402\" srcset=\"https:\/\/blogs.diariovasco.com\/apartirdelos50\/wp-content\/uploads\/sites\/19\/2026\/09\/508123692_10161658145927877_1416928765930852722_n-1.jpg 800w, https:\/\/blogs.diariovasco.com\/apartirdelos50\/wp-content\/uploads\/sites\/19\/2026\/09\/508123692_10161658145927877_1416928765930852722_n-1-300x151.jpg 300w, https:\/\/blogs.diariovasco.com\/apartirdelos50\/wp-content\/uploads\/sites\/19\/2026\/09\/508123692_10161658145927877_1416928765930852722_n-1-768x386.jpg 768w\" sizes=\"auto, (max-width: 800px) 100vw, 800px\" \/><\/a><\/p>\n<p>Se acab\u00f3 el mes de Agosto y para muchos, las vacaciones. Ya no quedan horas para cumplir los planes elaborados con tanta ansia antes de volver a la rutina que a unos hiere y a no pocos sana; que no mata la rutina por mucho que asusten, pero que nos hemos convencido de que s\u00ed, de que es lo peor de lo peor hablando de formas de vida vulgares tirando a infames.<\/p>\n<p>El s\u00e1bado, 29 de Agosto, me coment\u00f3 una amiga que hab\u00edan adelantado tres d\u00edas la fecha de vuelta del t\u00f3rrido recorrido por la costa mediterr\u00e1nea; que su santo marido necesita descansar antes de reincorporarse al yugo laboral del d\u00eda 1. Le pregunt\u00e9 por qu\u00e9 no hab\u00edan empezado por ah\u00ed, por quedarse tan ricamente en casita viendo c\u00f3mo se desga\u00f1itaban los dem\u00e1s entre arena y sombrillas. No le gust\u00f3 y no s\u00e9 qu\u00e9 me dijo que son\u00f3 a algo as\u00ed como \u201cno te enteras\u201d y luego ya colgamos con los besos de siempre y la promesa de vernos \u201ccuando aterrice\u201d.<\/p>\n<p>Los italianos quisieron poner de moda una cosa llamada \u201cdolce far niente\u201d que todo el mundo sabe de qu\u00e9 va, pero que nadie se jacta de llevar a cabo porque parece que eres bobo si no aprovechas hasta el \u00faltimo suspiro (de agotamiento) los d\u00edas de ocio pagados por la empresa que te tiene en n\u00f3mina y no digo ya nada si eres aut\u00f3nomo y pagas de tu bolsillo el ocio veraniego.<\/p>\n<p>A m\u00ed tambi\u00e9n me ingresan todos los meses desde las arcas comunes la cosecha de lo que sembr\u00e9 en la era del erario p\u00fablico durante cuarenta y un a\u00f1os, que se dice pronto, as\u00ed que teniendo en cuenta que todos mis d\u00edas son v\u00edspera de fiesta, no me siento en absoluto en la obligaci\u00f3n de \u201chacer vacaciones\u201d, como no sea \u2013que eso s\u00ed que lo necesito de vez en cuando- ausentarme de m\u00ed misma y de mis man\u00edas vitales. <a href=\"https:\/\/blogs.diariovasco.com\/apartirdelos50\/wp-content\/uploads\/sites\/19\/2026\/09\/A-partir-de-los-50.jpg\"><img loading=\"lazy\" decoding=\"async\" class=\"alignleft size-medium wp-image-12580\" src=\"https:\/\/blogs.diariovasco.com\/apartirdelos50\/wp-content\/uploads\/sites\/19\/2026\/09\/A-partir-de-los-50-300x225.jpg\" alt=\"\" width=\"300\" height=\"225\" srcset=\"https:\/\/blogs.diariovasco.com\/apartirdelos50\/wp-content\/uploads\/sites\/19\/2026\/09\/A-partir-de-los-50-300x225.jpg 300w, https:\/\/blogs.diariovasco.com\/apartirdelos50\/wp-content\/uploads\/sites\/19\/2026\/09\/A-partir-de-los-50.jpg 719w\" sizes=\"auto, (max-width: 300px) 100vw, 300px\" \/><\/a><\/p>\n<p>Gracias a que siempre estoy a la sombra para que no se me conviertan en gelatina las neuronas tengo a veces fogonazos de genialidad que no comprendo c\u00f3mo no se le ha ocurrido a nadie patentarlos o meterlos en un libro de autoayuda.<\/p>\n<p>Se trata, ni m\u00e1s ni menos, de dejarme llevar por los m\u00e1s primigenios instintos del animal que todos llevamos escondido en la faltriquera social. Nada que no lleven practicando los leones o los perros salvajes del Kalahari o los ping\u00fcinos del cono sur desde mucho antes de que les grabaran los del National Geographic.<\/p>\n<p>Me despierto y tengo ganas de comer: pues como, sin m\u00e1s tarea que ir a \u201ccazar\u201d la comida al frigor\u00edfico o al colmado de la esquina. Despu\u00e9s de comer, a reposar la digesti\u00f3n. Si me da sue\u00f1o, pues duermo un rato m\u00e1s. Luego, ya satisfecha, oteo el horizonte para ver de d\u00f3nde viene el aire. Si est\u00e1 caliente me quedo cerca de una fuente de frescor y hago tiempo hasta la siguiente hora de la comida mirando las musara\u00f1as. O leo un libro \u2013gran ventaja sobre los animales no racionales-. El ritual se repite un par de veces al d\u00eda acabando para todos por igual: durmiendo el mayor n\u00famero de horas del tir\u00f3n al fondo de la caverna m\u00e1s acogedora.<\/p>\n<p>El sol marca las pautas para todo ser vivo desde hace miles de a\u00f1os. En origen, as\u00ed fue. Luego, ya se encarg\u00f3 el ser humano de establecer horarios de verano e invierno, inventar meridianos y paralelos, dibujar mapas y delinear fronteras, separar a los ricos de los pobres y a los guapos de los feos y poner persianas en las ventanas.<\/p>\n<p>Mientras tanto, se ha marcado Agosto y yo he hecho nada.<\/p>\n<p>Que tambi\u00e9n tiene lo suyo, no se vaya a creer.<\/p>\n<p>Felices los felices.<\/p>\n<p>LaAlquimista<\/p>\n<p>Te invito a visitar mi p\u00e1gina en Facebook.<\/p>\n<p><a href=\"https:\/\/www.facebook.com\/apartirdelos50\/\" rel=\"external nofollow\">https:\/\/www.facebook.com\/apartirdelos50\/<\/a><\/p>\n<p><em>Por si alguien desea contactar:<\/em><\/p>\n<p><a href=\"mailto:apartirdeloscincuenta@gmail.com\">apartirdeloscincuenta@gmail.com<\/a><\/p>\n<p>&nbsp;<\/p>\n<p>&nbsp;<\/p>\n<!-- AddThis Advanced Settings generic via filter on the_content --><!-- AddThis Share Buttons generic via filter on the_content -->","protected":false},"excerpt":{"rendered":"<p>Se acab\u00f3 el mes de Agosto y para muchos, las vacaciones. Ya no quedan horas para cumplir los planes elaborados con tanta ansia antes de volver a la rutina que a unos hiere y a no pocos sana; que no mata la rutina por mucho que asusten, pero que nos hemos convencido de que s\u00ed, [&hellip;]<!-- AddThis Advanced Settings generic via filter on get_the_excerpt --><!-- AddThis Share Buttons generic via filter on get_the_excerpt --><\/p>\n","protected":false},"author":34,"featured_media":0,"comment_status":"open","ping_status":"closed","sticky":false,"template":"","format":"standard","meta":{"footnotes":""},"categories":[9,2],"tags":[],"class_list":["post-12576","post","type-post","status-publish","format-standard","hentry","category-crecimiento-personal","category-2"],"_links":{"self":[{"href":"https:\/\/blogs.diariovasco.com\/apartirdelos50\/wp-json\/wp\/v2\/posts\/12576","targetHints":{"allow":["GET"]}}],"collection":[{"href":"https:\/\/blogs.diariovasco.com\/apartirdelos50\/wp-json\/wp\/v2\/posts"}],"about":[{"href":"https:\/\/blogs.diariovasco.com\/apartirdelos50\/wp-json\/wp\/v2\/types\/post"}],"author":[{"embeddable":true,"href":"https:\/\/blogs.diariovasco.com\/apartirdelos50\/wp-json\/wp\/v2\/users\/34"}],"replies":[{"embeddable":true,"href":"https:\/\/blogs.diariovasco.com\/apartirdelos50\/wp-json\/wp\/v2\/comments?post=12576"}],"version-history":[{"count":3,"href":"https:\/\/blogs.diariovasco.com\/apartirdelos50\/wp-json\/wp\/v2\/posts\/12576\/revisions"}],"predecessor-version":[{"id":12581,"href":"https:\/\/blogs.diariovasco.com\/apartirdelos50\/wp-json\/wp\/v2\/posts\/12576\/revisions\/12581"}],"wp:attachment":[{"href":"https:\/\/blogs.diariovasco.com\/apartirdelos50\/wp-json\/wp\/v2\/media?parent=12576"}],"wp:term":[{"taxonomy":"category","embeddable":true,"href":"https:\/\/blogs.diariovasco.com\/apartirdelos50\/wp-json\/wp\/v2\/categories?post=12576"},{"taxonomy":"post_tag","embeddable":true,"href":"https:\/\/blogs.diariovasco.com\/apartirdelos50\/wp-json\/wp\/v2\/tags?post=12576"}],"curies":[{"name":"wp","href":"https:\/\/api.w.org\/{rel}","templated":true}]}}