{"id":1987,"date":"2013-07-04T18:09:19","date_gmt":"2013-07-04T17:09:19","guid":{"rendered":"http:\/\/blogs.diariovasco.com\/apartirdelos50\/?p=1987"},"modified":"2013-07-04T18:09:19","modified_gmt":"2013-07-04T17:09:19","slug":"el-que-fue-a-sevilla-perdio-su-silla","status":"publish","type":"post","link":"https:\/\/blogs.diariovasco.com\/apartirdelos50\/2013\/07\/04\/el-que-fue-a-sevilla-perdio-su-silla\/","title":{"rendered":"Reflexiones a la orilla del mar. &#8220;El que fue a Sevilla perdi\u00f3 su silla&#8230;&#8221;"},"content":{"rendered":"<h3>\u00a0<\/h3>\n<h3><span style=\"font-size: large;\">\u00a0<a href=\"\/apartirdelos50\/wp-content\/uploads\/sites\/19\/2013\/07\/INCIVISMO-5.jpg\"><img loading=\"lazy\" class=\"aligncenter size-full wp-image-1989\" title=\"INCIVISMO-5\" src=\"\/apartirdelos50\/wp-content\/uploads\/sites\/19\/2013\/07\/INCIVISMO-5.jpg\" alt=\"\" width=\"717\" height=\"538\" srcset=\"https:\/\/static-blogs.diariovasco.com\/wp-content\/uploads\/sites\/19\/2013\/07\/INCIVISMO-5.jpg 717w, https:\/\/static-blogs.diariovasco.com\/wp-content\/uploads\/sites\/19\/2013\/07\/INCIVISMO-5-300x225.jpg 300w\" sizes=\"(max-width: 717px) 100vw, 717px\" \/><\/a><\/span><\/h3>\n<h3><span style=\"font-size: large;\">El refranero espa\u00f1ol tiene sus profundas ra\u00edces enredadas entre la sabidur\u00eda popular y la ignorancia individual. A veces da en el clavo con l\u00f3gica cartesiana, otras con verdades de Perogrullo, las m\u00e1s no son m\u00e1s que <em>boutades <\/em>simp\u00e1ticas.<\/span><\/h3>\n<h3><span style=\"font-size: large;\">Esto de que, si me levanto y dejo mi sitio viene otro y me lo pilla me tengo que aguantar se usa mucho en este pa\u00eds de maleducados e inc\u00edvicos ciudadanos. Pero rizar el rizo, como observo que hacen en las playas de este Mediterr\u00e1neo de mis entretelas, es algo que se sale de mi comprensi\u00f3n. (M\u00e1s bien, no entra)<\/span><\/h3>\n<h3><span style=\"font-size: large;\">Lo cuento.<\/span><\/h3>\n<h3><span style=\"font-size: large;\">Pues resulta que hay una playa de kil\u00f3metros, de arena fina y bastante limpia (bandera azul 2012) en la que, matem\u00e1ticamente hablando, podr\u00edan caber \u2013con poco margen de error- un mill\u00f3n largo de personas. Es decir, que hay sitio para tirios y troyanos.<\/span><\/h3>\n<h3><span style=\"font-size: large;\">\u00a0<a href=\"\/apartirdelos50\/wp-content\/uploads\/sites\/19\/2013\/07\/INCIVISMO-1.jpg\"><img loading=\"lazy\" class=\"aligncenter size-full wp-image-1990\" title=\"INCIVISMO-1\" src=\"\/apartirdelos50\/wp-content\/uploads\/sites\/19\/2013\/07\/INCIVISMO-1.jpg\" alt=\"\" width=\"614\" height=\"461\" srcset=\"https:\/\/static-blogs.diariovasco.com\/wp-content\/uploads\/sites\/19\/2013\/07\/INCIVISMO-1.jpg 614w, https:\/\/static-blogs.diariovasco.com\/wp-content\/uploads\/sites\/19\/2013\/07\/INCIVISMO-1-300x225.jpg 300w\" sizes=\"(max-width: 614px) 100vw, 614px\" \/><\/a><\/span><\/h3>\n<h3><span style=\"font-size: large;\">Sin embargo, unas docenas de personas, SE RESERVAN su sitio preferido cada ma\u00f1ana; cerquita de la orilla, cerquita del chiringuito, de la ducha, del wc. Y para ello, bajan hasta la playa a muy temprana hora. Hasta aqu\u00ed todo correcto, porque \u201c<em>al que madruga Dios le ayuda\u201d.<\/em><\/span><\/h3>\n<h3><span style=\"font-size: large;\">\u00a0<a href=\"\/apartirdelos50\/wp-content\/uploads\/sites\/19\/2013\/07\/INCIVISMO-21.jpg\"><img loading=\"lazy\" class=\"aligncenter size-full wp-image-1991\" title=\"INCIVISMO-2\" src=\"\/apartirdelos50\/wp-content\/uploads\/sites\/19\/2013\/07\/INCIVISMO-21.jpg\" alt=\"\" width=\"614\" height=\"461\" srcset=\"https:\/\/static-blogs.diariovasco.com\/wp-content\/uploads\/sites\/19\/2013\/07\/INCIVISMO-21.jpg 614w, https:\/\/static-blogs.diariovasco.com\/wp-content\/uploads\/sites\/19\/2013\/07\/INCIVISMO-21-300x225.jpg 300w\" sizes=\"(max-width: 614px) 100vw, 614px\" \/><\/a><\/span><\/h3>\n<h3><span style=\"font-size: large;\">Pero la sorpresa llega cuando observas que estas personas \u2013hombres en su totalidad, que llegan arrastrando una especie de porta-equipajes con ruedas en el que se amontonan tumbonas, sillas y sombrillas varias,- depositan este \u201cmobiliario urbano\u201d al borde del mar y\u2026!se van tranquilamente!.\u00a0 Es decir, \u201cacotan\u201d su espacio, dejan \u201csu marca\u201d, reservando sin ning\u00fan derecho y con menos verg\u00fcenza todav\u00eda unos metros cuadrados de playa p\u00fablica \u201cpara cuando llegue la familia\u201d.<\/span><\/h3>\n<h3><span style=\"font-size: large;\">He hablado con ellos en un par de ocasiones, as\u00ed en plan simp\u00e1tico y tal, -\u201cvaya, bon dia, ya le ha tocado otra vez acarrear los b\u00e1rtulos \u00bfeh?\u201d -pues s\u00ed, es que mi se\u00f1ora se empe\u00f1a en que venga aqu\u00ed a coger sitio\u2026- hombre, ya, claro, pero es que resulta que luego el que viene detr\u00e1s\u2026!se lo encuentra todo pillado y no hay nadie! \u2013 ah, pues mire ust\u00e9, ya se sabe , el que venga atr\u00e1s..!que arr\u00e9e!<\/span><\/h3>\n<h3><span style=\"font-size: large;\">\u00a0<a href=\"\/apartirdelos50\/wp-content\/uploads\/sites\/19\/2013\/07\/INCIVISMO-3.jpg\"><img loading=\"lazy\" class=\"aligncenter size-full wp-image-1992\" title=\"INCIVISMO-3\" src=\"\/apartirdelos50\/wp-content\/uploads\/sites\/19\/2013\/07\/INCIVISMO-3.jpg\" alt=\"\" width=\"614\" height=\"461\" srcset=\"https:\/\/static-blogs.diariovasco.com\/wp-content\/uploads\/sites\/19\/2013\/07\/INCIVISMO-3.jpg 614w, https:\/\/static-blogs.diariovasco.com\/wp-content\/uploads\/sites\/19\/2013\/07\/INCIVISMO-3-300x225.jpg 300w\" sizes=\"(max-width: 614px) 100vw, 614px\" \/><\/a><\/span><\/h3>\n<h3><span style=\"font-size: large;\">As\u00ed que ayer me puse a sacar fotos sin encomendarme a dios ni al diablo, de estas sillas \u2013casi todas viejas y cutres- que los c\u00edvicos ciudadanos de este pa\u00eds van dejando por la playa. Luego llega la mirada at\u00f3nita de los \u201cguiris\u201d, porque es obvio que quien esta pr\u00e1ctica abusiva realiza no son extranjeros sino gente que vive por aqu\u00ed cerca, con apartamento alquilado o en propiedad, pero m\u00e1s espa\u00f1oles que la tortilla de patatas.<\/span><\/h3>\n<h3><span style=\"font-size: large;\">Mi paseo matinal \u2013muy matinal- comienza a las 8 de la ma\u00f1ana y termina hacia las 9 y media. En ese tiempo recorro tres kil\u00f3metros de playa hacia el este y otros tres de vuelta hacia el oeste. Voy por la orilla del mar, moj\u00e1ndome si hay olas y procurando no pisar las porquer\u00edas de pl\u00e1stico del d\u00eda anterior que todav\u00eda no han retirado los del servicio de limpieza playero que tiene el mismo horario que yo. Nos saludamos ya\u2026<\/span><\/h3>\n<h3><span style=\"font-size: large;\">\u00a0<a href=\"\/apartirdelos50\/wp-content\/uploads\/sites\/19\/2013\/07\/INCIVISMO-6.jpg\"><img loading=\"lazy\" class=\"aligncenter size-full wp-image-1993\" title=\"INCIVISMO-6\" src=\"\/apartirdelos50\/wp-content\/uploads\/sites\/19\/2013\/07\/INCIVISMO-6.jpg\" alt=\"\" width=\"614\" height=\"461\" srcset=\"https:\/\/static-blogs.diariovasco.com\/wp-content\/uploads\/sites\/19\/2013\/07\/INCIVISMO-6.jpg 614w, https:\/\/static-blogs.diariovasco.com\/wp-content\/uploads\/sites\/19\/2013\/07\/INCIVISMO-6-300x225.jpg 300w\" sizes=\"(max-width: 614px) 100vw, 614px\" \/><\/a><\/span><\/h3>\n<h3><span style=\"font-size: large;\">Foto va y foto viene, a la vuelta, vi\u00e9ndome desde lejos, un hombre sali\u00f3 del paseo y se acerc\u00f3 en perpendicular para tropezarse conmigo.<\/span><\/h3>\n<h3><span style=\"font-size: large;\">Sin saludar ni proleg\u00f3meno alguno me espet\u00f3: -\u201c<em>Ust\u00e9<\/em> por qu\u00e9 ha sacado fotos de mis sillas?\u201d- \u00bfSUS sillas? \u2013S\u00ed, MIS sillas! \u2013ah, pues mire, me alegro de que me haga esta pregunta porque van a venir con el cami\u00f3n de la basura a retirar todo esto que hay por aqu\u00ed\u2026<\/span><\/h3>\n<h3><span style=\"font-size: large;\">-Pero, \u00bf<em>ust\u00e9<\/em> trabaja para el ayuntamiento o qu\u00e9?&#8230; Entonces, fue el momento de gui\u00f1arle el ojo y decirle\u2026\u201dnada, nada, ya sabe \u201cust\u00e9\u201d, que el que fue a Sevilla perdi\u00f3 su silla!<\/span><\/h3>\n<h3><span style=\"font-size: large;\">Y aqu\u00ed paz y despu\u00e9s gloria.<\/span><\/h3>\n<h3><span style=\"font-size: large;\">Al d\u00eda siguiente\u2026m\u00e1s de lo mismo, pero\u2026 \u00a1el buen hombre estaba sentado en una de sus viejas tumbonas leyendo el peri\u00f3dico a las ocho y media de la ma\u00f1ana!<\/span><\/h3>\n<h3><span style=\"font-size: large;\">En fin.<\/span><\/h3>\n<h3><span style=\"font-size: large;\">LaAlquimista<\/span><\/h3>\n<h3><span style=\"font-size: large;\">Por si alguien desea contactar:<\/span><\/h3>\n<h3><span style=\"font-size: large;\"><a href=\"mailto:apartirdeloscincuenta@gmail.com\">apartirdeloscincuenta@gmail.com<\/a><\/span><\/h3>\n<h3><span style=\"font-size: large;\">Fotos: Cecilia Casado\u00a0<\/span><\/h3>\n<h3>\u00a0<\/h3>\n<!-- AddThis Advanced Settings generic via filter on the_content --><!-- AddThis Share Buttons generic via filter on the_content -->","protected":false},"excerpt":{"rendered":"<p>\u00a0 \u00a0 El refranero espa\u00f1ol tiene sus profundas ra\u00edces enredadas entre la sabidur\u00eda popular y la ignorancia individual. A veces da en el clavo con l\u00f3gica cartesiana, otras con verdades de Perogrullo, las m\u00e1s no son m\u00e1s que boutades simp\u00e1ticas. Esto de que, si me levanto y dejo mi sitio viene otro y me lo [&hellip;]<!-- AddThis Advanced Settings generic via filter on get_the_excerpt --><!-- AddThis Share Buttons generic via filter on get_the_excerpt --><\/p>\n","protected":false},"author":34,"featured_media":0,"comment_status":"open","ping_status":"closed","sticky":false,"template":"","format":"standard","meta":[],"categories":[3],"tags":[],"_links":{"self":[{"href":"https:\/\/blogs.diariovasco.com\/apartirdelos50\/wp-json\/wp\/v2\/posts\/1987"}],"collection":[{"href":"https:\/\/blogs.diariovasco.com\/apartirdelos50\/wp-json\/wp\/v2\/posts"}],"about":[{"href":"https:\/\/blogs.diariovasco.com\/apartirdelos50\/wp-json\/wp\/v2\/types\/post"}],"author":[{"embeddable":true,"href":"https:\/\/blogs.diariovasco.com\/apartirdelos50\/wp-json\/wp\/v2\/users\/34"}],"replies":[{"embeddable":true,"href":"https:\/\/blogs.diariovasco.com\/apartirdelos50\/wp-json\/wp\/v2\/comments?post=1987"}],"version-history":[{"count":0,"href":"https:\/\/blogs.diariovasco.com\/apartirdelos50\/wp-json\/wp\/v2\/posts\/1987\/revisions"}],"wp:attachment":[{"href":"https:\/\/blogs.diariovasco.com\/apartirdelos50\/wp-json\/wp\/v2\/media?parent=1987"}],"wp:term":[{"taxonomy":"category","embeddable":true,"href":"https:\/\/blogs.diariovasco.com\/apartirdelos50\/wp-json\/wp\/v2\/categories?post=1987"},{"taxonomy":"post_tag","embeddable":true,"href":"https:\/\/blogs.diariovasco.com\/apartirdelos50\/wp-json\/wp\/v2\/tags?post=1987"}],"curies":[{"name":"wp","href":"https:\/\/api.w.org\/{rel}","templated":true}]}}