{"id":2458,"date":"2014-04-08T07:48:12","date_gmt":"2014-04-08T06:48:12","guid":{"rendered":"http:\/\/blogs.diariovasco.com\/apartirdelos50\/?p=2458"},"modified":"2014-04-08T07:48:12","modified_gmt":"2014-04-08T06:48:12","slug":"calumnia-que-algo-queda-reclamo-la-presuncion-de-inocencia","status":"publish","type":"post","link":"https:\/\/blogs.diariovasco.com\/apartirdelos50\/2014\/04\/08\/calumnia-que-algo-queda-reclamo-la-presuncion-de-inocencia\/","title":{"rendered":"&#8220;Calumnia, que algo queda&#8221;. Reclamo la presunci\u00f3n de inocencia."},"content":{"rendered":"<p><img loading=\"lazy\" class=\"aligncenter\" src=\"\/\/4.bp.blogspot.com\/_BW9_umSwolU\/TUNPxN5Z1FI\/AAAAAAAAECs\/Z0dni-fwsxM\/s1600\/culpable.jpg\" alt=\"\" width=\"413\" height=\"413\" \/><\/p>\n<p><span style=\"font-size: large;\"><strong>Mi padre me ense\u00f1\u00f3 a no hablar nunca mal de los dem\u00e1s\u2026y no siempre le hice caso porque hubo un tiempo \u2013lejano ya- en el que todav\u00eda yo no era consciente del poder devastador de la palabra. Cuando lo supe, cuando comprob\u00e9 en mis propias carnes hasta qu\u00e9 punto el verbo cobra fuerza de pu\u00f1al, me sent\u00ed aterrorizada.<\/strong><\/span><\/p>\n<p><span style=\"font-size: large;\"><strong>Denuncias falsas, maledicencia institucionalizada, calumnias o libelos, todas son formas de destruir la fama del pr\u00f3jimo \u2013esa \u201cbuena fama\u201d que todos necesitamos de alguna manera- y de ocasionarle un da\u00f1o irreversible. Es muy dif\u00edcil olvidar los esc\u00e1ndalos en los que se ven envueltas muchas personas porque la maledicencia se parece al pl\u00e1stico: ambos resisten el paso del tiempo.<\/strong><\/span><\/p>\n<p><span style=\"font-size: large;\"><strong>Bien es cierto que existen situaciones en las que no se habla por hablar sino que hay documentadas pruebas de que \u201calguien\u201d est\u00e1 haciendo las cosas en contra de las normas e incluso en contra de la Ley y se sigue el procedimiento previsto: una denuncia, una investigaci\u00f3n y un Fiscal que toma cartas en el asunto porque ve indicio de delito.<\/strong><\/span><\/p>\n<p><span style=\"font-size: large;\"><strong>Pero en demasiadas ocasiones, ANTES de que exista una imputaci\u00f3n real, el \u201cp\u00fablico\u201d ya ha juzgado y condenado gracias al revuelo medi\u00e1tico y al poder de las redes sociales.<\/strong><\/span><\/p>\n<p><span style=\"font-size: large;\"><strong>Y yo me pregunto: \u00bfd\u00f3nde queda la presunci\u00f3n de inocencia?<\/strong><\/span><\/p>\n<p><span style=\"font-size: large;\"><strong>En este pa\u00eds siempre ha sido deporte nacional la envidia y el hablar mal de los dem\u00e1s, para qu\u00e9 nos vamos a enga\u00f1ar a estas alturas, y la maledicencia y la cr\u00edtica trapera campa a sus anchas por el universo medi\u00e1tico (ver programas\/basura en la televisi\u00f3n o leer basura impresa semanalmente).<\/strong><\/span><\/p>\n<p><span style=\"font-size: large;\"><strong>Por eso tom\u00e9 la decisi\u00f3n de no acusar p\u00fablicamente sino con discreci\u00f3n por si me equivoco, de no juzgar ni aun siquiera creyendo que conozco todos los datos, de no condenar ni siquiera cuando parece que tengo motivos para hacerlo porque, si al final resulta que las cosas no son como parec\u00edan, estar\u00eda destruyendo la buena fama, la respetabilidad de las personas y pisoteando la presunci\u00f3n de inocencia que es un Derecho Humano amparado en la Ley.<\/strong><\/span><\/p>\n<p><span style=\"font-size: large;\"><strong>\u00bfQue a qui\u00e9n defiendo, que a qui\u00e9n amparo?<\/strong><\/span><\/p>\n<p><span style=\"font-size: large;\"><strong>A todos aquellos que son escarnecidos ANTES de pasar por el Juzgado y lapidados por la opini\u00f3n p\u00fablica que gustosamente les destroza la reputaci\u00f3n, la autoestima, y les inflige un da\u00f1o irreparable. Y tambi\u00e9n a todos aquellos que, dentro de su peque\u00f1o grupo, en familia, en el trabajo, entre los amigos, son se\u00f1alados con el dedo acusador de quien est\u00e1 en su contra y se permite vilipendiarlos sin m\u00e1s pruebas que su propia palabra contra la del acusado.<\/strong><\/span><\/p>\n<p><span style=\"font-size: large;\"><strong>Estoy en contra de los linchamientos; los p\u00fablicos y los privados.<\/strong><\/span><\/p>\n<p><span style=\"font-size: large;\"><strong>En fin.<\/strong><\/span><\/p>\n<p><span style=\"font-size: large;\"><strong>LaAlquimista<\/strong><\/span><\/p>\n<p><span style=\"font-size: large;\"><strong>Por si alguien desea contactar:<\/strong><\/span><\/p>\n<p><span style=\"font-size: large;\"><strong><a href=\"mailto:Apartirdeloscincuenta@gmail.com\">Apartirdeloscincuenta@gmail.com<\/a><\/strong><\/span><\/p>\n<p>&nbsp;<\/p>\n<p>&nbsp;<\/p>\n<p>&nbsp;<\/p>\n<p>&nbsp;<\/p>\n<p>&nbsp;<\/p>\n<p>&nbsp;<\/p>\n<p>&nbsp;<\/p>\n<p>&nbsp;<\/p>\n<p>&nbsp;<\/p>\n<p>&nbsp;<\/p>\n<p>&nbsp;<\/p>\n<p>&nbsp;<\/p>\n<!-- AddThis Advanced Settings generic via filter on the_content --><!-- AddThis Share Buttons generic via filter on the_content -->","protected":false},"excerpt":{"rendered":"<p>Mi padre me ense\u00f1\u00f3 a no hablar nunca mal de los dem\u00e1s\u2026y no siempre le hice caso porque hubo un tiempo \u2013lejano ya- en el que todav\u00eda yo no era consciente del poder devastador de la palabra. Cuando lo supe, cuando comprob\u00e9 en mis propias carnes hasta qu\u00e9 punto el verbo cobra fuerza de pu\u00f1al, [&hellip;]<!-- AddThis Advanced Settings generic via filter on get_the_excerpt --><!-- AddThis Share Buttons generic via filter on get_the_excerpt --><\/p>\n","protected":false},"author":34,"featured_media":0,"comment_status":"open","ping_status":"closed","sticky":false,"template":"","format":"standard","meta":[],"categories":[3],"tags":[],"_links":{"self":[{"href":"https:\/\/blogs.diariovasco.com\/apartirdelos50\/wp-json\/wp\/v2\/posts\/2458"}],"collection":[{"href":"https:\/\/blogs.diariovasco.com\/apartirdelos50\/wp-json\/wp\/v2\/posts"}],"about":[{"href":"https:\/\/blogs.diariovasco.com\/apartirdelos50\/wp-json\/wp\/v2\/types\/post"}],"author":[{"embeddable":true,"href":"https:\/\/blogs.diariovasco.com\/apartirdelos50\/wp-json\/wp\/v2\/users\/34"}],"replies":[{"embeddable":true,"href":"https:\/\/blogs.diariovasco.com\/apartirdelos50\/wp-json\/wp\/v2\/comments?post=2458"}],"version-history":[{"count":0,"href":"https:\/\/blogs.diariovasco.com\/apartirdelos50\/wp-json\/wp\/v2\/posts\/2458\/revisions"}],"wp:attachment":[{"href":"https:\/\/blogs.diariovasco.com\/apartirdelos50\/wp-json\/wp\/v2\/media?parent=2458"}],"wp:term":[{"taxonomy":"category","embeddable":true,"href":"https:\/\/blogs.diariovasco.com\/apartirdelos50\/wp-json\/wp\/v2\/categories?post=2458"},{"taxonomy":"post_tag","embeddable":true,"href":"https:\/\/blogs.diariovasco.com\/apartirdelos50\/wp-json\/wp\/v2\/tags?post=2458"}],"curies":[{"name":"wp","href":"https:\/\/api.w.org\/{rel}","templated":true}]}}