{"id":2464,"date":"2014-04-18T23:09:58","date_gmt":"2014-04-18T22:09:58","guid":{"rendered":"http:\/\/blogs.diariovasco.com\/apartirdelos50\/?p=2464"},"modified":"2014-04-18T23:09:58","modified_gmt":"2014-04-18T22:09:58","slug":"peru-el-viaje-que-no-se-puede-contar","status":"publish","type":"post","link":"https:\/\/blogs.diariovasco.com\/apartirdelos50\/2014\/04\/18\/peru-el-viaje-que-no-se-puede-contar\/","title":{"rendered":"Per\u00fa, el viaje que no se puede contar"},"content":{"rendered":"<p><img loading=\"lazy\" class=\"alignnone\" src=\"\/\/cdn.larepublica.pe\/sites\/default\/files\/imagecache\/img_noticia_640x384\/imagen\/2012\/05\/20\/imagen-machu_picchu1024x768.jpg\" alt=\"\" width=\"640\" height=\"384\" \/><\/p>\n<p><span style=\"font-size: large;\"><strong>Cada vez que salgo de casa con la mochila a cuestas me da placer escribir un peque\u00f1o &#8220;Carnet de Voyage&#8221; del lugar al que me llevan mis pasos. Incluyo fotos, cuento anecdotas y a\u00f1ado siempre alguna peque\u00f1a reflexion de las mias. (Hago un inciso para aclarar que este teclado desde el que me conecto, a miles de kilometros de casa, tiene la opcion del acento estropeada. Asi que, ahi va, yo que soy tan purista de la ortografia, comiendome por obligacion tildes y acentos). Mas no creo que importe demasiado las formas en estos momentos porque lo que quiero transmitir va un pasito mas alla&#8230;<\/strong><\/span><\/p>\n<p><span style=\"font-size: large;\"><strong>Hay dos viajes en mi corazon: uno el que marca billetes de avion y reservas de hoteles y otro el que siento y me callo, el que no aparece en ninguna fotografia porque no puede aparecer, porque yo no quiero que aparezca, lo considero casi intimo, egoistamente intimo quiero guardarlo, quizas compartirlo en algun momento cara a cara con mi gente, con la gente que me pueda comprender, con quien en algun momento haya podido sentir la energia de esta tierra ancestral, toda ella patrimonio de la Humanidad, toda ella impregnada de una fuerza que traspasa la arena del desierto en Nazca regalandonos el tiempo infinito de las Lineas de Nazca, vivas todavia. Una tierra que derrama sus dones en la selva, la costa, la sierra a sus habitantes expoliados, obligados a trabajar para quien tuvo mas fuerza, mas armas, mas razones de sangre. Subir dunas al anochecer, bajo la luna llena que eclipsaba cualquier emocion que no fuera la mera conexion con la energia inmensa que bajaba del cielo, la misma Luna de Euskalherria con siete horas de diferencia.<\/strong><\/span><\/p>\n<p><span style=\"font-size: large;\"><strong>Una tierra de mares bravos y aguas calmadas, de piedras con mensajes ya descifrados como las famosas de Ica o mensajes por descifrar como el Candelabro de Paracas. El agua y el fuego, la tierra y la monta\u00f1a, los valles y rios, Urubamba hijo del Amazonas, las verdes monta\u00f1as iguales a las de mi tierra, aqui en Ollantaytambo y Aguascalientes, tambien llamado Machu Picchu.<\/strong><\/span><\/p>\n<p><span style=\"font-size: large;\"><strong>Hoy es viernes santo y llevo una semana aprehendiendo en mi corazon mil sensaciones mucho mas validas para mi que todas las memorias de moviles, camaras y tabletas. Mis ojos y mi corazon.<\/strong><\/span><\/p>\n<p><span style=\"font-size: large;\"><strong>La habitacion da al rio y toda la noche dormire acunada por su musica. Ma\u00f1ana, mucho antes de que amanezca, -cuando ya sea la hora del aperitivo en Euskadi- subire a la monta\u00f1a sagrada para fundir mi pobre energia con la inmensa y magica fuerza del Sol al amanecer.<\/strong><\/span><\/p>\n<p><span style=\"font-size: large;\"><strong>Mi peque\u00f1a y humilde ceremonia magica ira dedicada a todos: sin exclusion alguna. Porque el amor es el mismo aqui que alla, en Peru o en mi tierra lejana ahora.<\/strong><\/span><\/p>\n<p><span style=\"font-size: large;\"><strong>No hay fotos personales, pero si un abrazo de mucho amor.<\/strong><\/span><\/p>\n<p><span style=\"font-size: large;\"><strong>LaAlquimista<\/strong><\/span><\/p>\n<p>&nbsp;<\/p>\n<!-- AddThis Advanced Settings generic via filter on the_content --><!-- AddThis Share Buttons generic via filter on the_content -->","protected":false},"excerpt":{"rendered":"<p>Cada vez que salgo de casa con la mochila a cuestas me da placer escribir un peque\u00f1o &#8220;Carnet de Voyage&#8221; del lugar al que me llevan mis pasos. Incluyo fotos, cuento anecdotas y a\u00f1ado siempre alguna peque\u00f1a reflexion de las mias. (Hago un inciso para aclarar que este teclado desde el que me conecto, a [&hellip;]<!-- AddThis Advanced Settings generic via filter on get_the_excerpt --><!-- AddThis Share Buttons generic via filter on get_the_excerpt --><\/p>\n","protected":false},"author":34,"featured_media":0,"comment_status":"open","ping_status":"closed","sticky":false,"template":"","format":"standard","meta":[],"categories":[3],"tags":[],"_links":{"self":[{"href":"https:\/\/blogs.diariovasco.com\/apartirdelos50\/wp-json\/wp\/v2\/posts\/2464"}],"collection":[{"href":"https:\/\/blogs.diariovasco.com\/apartirdelos50\/wp-json\/wp\/v2\/posts"}],"about":[{"href":"https:\/\/blogs.diariovasco.com\/apartirdelos50\/wp-json\/wp\/v2\/types\/post"}],"author":[{"embeddable":true,"href":"https:\/\/blogs.diariovasco.com\/apartirdelos50\/wp-json\/wp\/v2\/users\/34"}],"replies":[{"embeddable":true,"href":"https:\/\/blogs.diariovasco.com\/apartirdelos50\/wp-json\/wp\/v2\/comments?post=2464"}],"version-history":[{"count":0,"href":"https:\/\/blogs.diariovasco.com\/apartirdelos50\/wp-json\/wp\/v2\/posts\/2464\/revisions"}],"wp:attachment":[{"href":"https:\/\/blogs.diariovasco.com\/apartirdelos50\/wp-json\/wp\/v2\/media?parent=2464"}],"wp:term":[{"taxonomy":"category","embeddable":true,"href":"https:\/\/blogs.diariovasco.com\/apartirdelos50\/wp-json\/wp\/v2\/categories?post=2464"},{"taxonomy":"post_tag","embeddable":true,"href":"https:\/\/blogs.diariovasco.com\/apartirdelos50\/wp-json\/wp\/v2\/tags?post=2464"}],"curies":[{"name":"wp","href":"https:\/\/api.w.org\/{rel}","templated":true}]}}