{"id":2465,"date":"2014-04-24T00:57:39","date_gmt":"2014-04-23T23:57:39","guid":{"rendered":"http:\/\/blogs.diariovasco.com\/apartirdelos50\/?p=2465"},"modified":"2014-04-24T00:57:39","modified_gmt":"2014-04-23T23:57:39","slug":"peru-rituales-limpias-y-chamanes","status":"publish","type":"post","link":"https:\/\/blogs.diariovasco.com\/apartirdelos50\/2014\/04\/24\/peru-rituales-limpias-y-chamanes\/","title":{"rendered":"Per\u00fa: rituales, limpias y chamanes"},"content":{"rendered":"<p><span style=\"font-size: large;\"><strong><img loading=\"lazy\" class=\"aligncenter\" src=\"\/\/mind-surf.net\/wp\/wp-content\/uploads\/2013\/09\/ayahuasca.jpg\" alt=\"\" width=\"600\" height=\"452\" \/><\/strong><\/span><\/p>\n<p><span style=\"font-size: large;\"><strong>Es lo que tiene ser racionalista, que cuando\u00a0 una quiere desprenderse del hemisferio cerebral inadecuado, se vuelve a \u00e9l ineluctablemente, como si una fuerza superior a toda voluntad actuara al margen de uno mismo.<\/strong><\/span><\/p>\n<p><span style=\"font-size: large;\"><strong>Estoy en el Per\u00fa desde hace dos semanas y hoy, jueves 24 de Abril de 2014, piso tierra por primera vez, \u00bfQu\u00e9 he estado haciendo hasta ahora&#8230;? Pues precisamente lo que se hace cuando los pies est\u00e1n lejos del suelo y la mente en una dimensi\u00f3n desconocida (o casi).<\/strong><\/span><\/p>\n<p><span style=\"font-size: large;\"><strong>\u00bfY c\u00f3mo contarlo si el Wifi va y viene a voluntad de unos dioses desconocidos a los que no puedo implorar?<\/strong><\/span><\/p>\n<p><span style=\"font-size: large;\"><strong>Hay en mi c\u00e1mara de fotos casi mil instant\u00e1neas que no valen ni la m\u00e1s peque\u00f1a parte de todo lo que guardo en mi retina y en el disco duro de mi mente. Mi coraz\u00f3n tambi\u00e9n forma parte de esta experiencia, pero no son vivencias compartibles en primera instancia por aquello de la intimidad y la prudencia, sobre todo la prudencia&#8230;<\/strong><\/span><\/p>\n<p><span style=\"font-size: large;\"><strong>\u00a0\u00bfQu\u00e9 voy a hacer?<\/strong><\/span><\/p>\n<p><span style=\"font-size: large;\"><strong>El t{ipico &#8220;Carnet de Voyage&#8221; que acostumbro regalar cuando viajo se resiste a tomar forma. Como si no valiera la pena explicar sitios hermosos y adornar la palabra con im\u00e1genes, como si tuviera un freno que me dice: &#8220;no, no pierdas el tiempo contando lo superfluo&#8221;&#8230;<\/strong><\/span><\/p>\n<p><span style=\"font-size: large;\"><strong>Per\u00fa es tierra de rituales ancestrales, medicina esot\u00e9rica, chamanes y curanderos. No pocos extranjeros se han quedado &#8220;colgados&#8221; de unas energ\u00edas que se abren paso por canales inauditos, desconocidos, tenebrosos incluso. He viajado a su lado y he escuchado en silencio. Mi mente &#8220;cuadriculada&#8221; ha debido abrirse como las puertas de una casa para recibir a los invitados: de par en par, no \u00fanicamente por una rendija precavida y temerosa. He caminado el silencio hacia limpias de sanaci\u00f3n, ofrendas florales, hojas de coca (necesarias para combatir el soroche o mal de altura y que NADA tienen que ver con la cocaina procesada que es la fuente de ingresos m\u00e1s importante del pa\u00eds que visito, aunque digan que es el turismo)<\/strong><\/span><\/p>\n<p><span style=\"font-size: large;\"><strong>Dos semanas haciendo dieta vegetariana estricta, durmiendo poco y caminando mucho, con el cansancio de estar &#8220;moviendo m\u00fasculos&#8221; atrofiados hasta ahora, pero en una paz interior y silenciosa que nunca antes hab\u00eda sentido. He detenido mis pasos a las puertas de la ceremonia de la Ayahuasca; he sentido que no lo necesitaba, que la mescalina y mi crecimiento interior no iban a ser buenas amigas, que para retroceder a mi pasado y enfrentarme a mis fantasmas ya he pagado bastante terapia a los psic\u00f3logos espa\u00f1oles, que visiones psicod\u00e9licas de serpientes o jaguares prefiero dejarlas a un lado, al lado en el que mi prudencia habita, al lado en el que mi libertad me hace salirme del reba\u00f1o. <\/strong><\/span><\/p>\n<p><span style=\"font-size: large;\"><strong>H\u00e9me pues aqu\u00ed en Lima, en el Barrio de Miraflores, disfrutando de unos d\u00edas de VACACIONES&#8230;por fin. Y por fin, tambi\u00e9n, sola. Porque es la \u00fanica manera en la que puedo escuchar la voz que me habla desde adentro y que suena a m\u00fasica suavecita&#8230;y algo andina tambi\u00e9n.<\/strong><\/span><\/p>\n<p><span style=\"font-size: large;\"><strong>He hecho un viaje que quer\u00eda ser m\u00edstico-m\u00e1gico-inici\u00e1tico. Puedo asegurar que he ganado much\u00edsimo m\u00e1s de lo que he perdido porque la ense\u00f1anza me ha llevado a afrontar situaciones de convivencia inusitadas, a conocer a unos seres humanos magn\u00edficos en su generosidad y a otros intolerantes en su rigidez mental; de todos he aprendido y a todos agradecida estoy. Cuando vuelva, un d\u00eda de estos, seguramente no contar\u00e9 apenas nada porque&#8230;\u00a1qui\u00e9n me iba a entender?<\/strong><\/span><\/p>\n<p><span style=\"font-size: large;\"><strong>En fin. Vamos a por un buen ceviche de marisco&#8230;<\/strong><\/span><\/p>\n<p><span style=\"font-size: large;\"><strong>LaAlquimista<\/strong><\/span><\/p>\n<!-- AddThis Advanced Settings generic via filter on the_content --><!-- AddThis Share Buttons generic via filter on the_content -->","protected":false},"excerpt":{"rendered":"<p>Es lo que tiene ser racionalista, que cuando\u00a0 una quiere desprenderse del hemisferio cerebral inadecuado, se vuelve a \u00e9l ineluctablemente, como si una fuerza superior a toda voluntad actuara al margen de uno mismo. Estoy en el Per\u00fa desde hace dos semanas y hoy, jueves 24 de Abril de 2014, piso tierra por primera vez, [&hellip;]<!-- AddThis Advanced Settings generic via filter on get_the_excerpt --><!-- AddThis Share Buttons generic via filter on get_the_excerpt --><\/p>\n","protected":false},"author":34,"featured_media":0,"comment_status":"open","ping_status":"closed","sticky":false,"template":"","format":"standard","meta":[],"categories":[3],"tags":[],"_links":{"self":[{"href":"https:\/\/blogs.diariovasco.com\/apartirdelos50\/wp-json\/wp\/v2\/posts\/2465"}],"collection":[{"href":"https:\/\/blogs.diariovasco.com\/apartirdelos50\/wp-json\/wp\/v2\/posts"}],"about":[{"href":"https:\/\/blogs.diariovasco.com\/apartirdelos50\/wp-json\/wp\/v2\/types\/post"}],"author":[{"embeddable":true,"href":"https:\/\/blogs.diariovasco.com\/apartirdelos50\/wp-json\/wp\/v2\/users\/34"}],"replies":[{"embeddable":true,"href":"https:\/\/blogs.diariovasco.com\/apartirdelos50\/wp-json\/wp\/v2\/comments?post=2465"}],"version-history":[{"count":0,"href":"https:\/\/blogs.diariovasco.com\/apartirdelos50\/wp-json\/wp\/v2\/posts\/2465\/revisions"}],"wp:attachment":[{"href":"https:\/\/blogs.diariovasco.com\/apartirdelos50\/wp-json\/wp\/v2\/media?parent=2465"}],"wp:term":[{"taxonomy":"category","embeddable":true,"href":"https:\/\/blogs.diariovasco.com\/apartirdelos50\/wp-json\/wp\/v2\/categories?post=2465"},{"taxonomy":"post_tag","embeddable":true,"href":"https:\/\/blogs.diariovasco.com\/apartirdelos50\/wp-json\/wp\/v2\/tags?post=2465"}],"curies":[{"name":"wp","href":"https:\/\/api.w.org\/{rel}","templated":true}]}}