{"id":2526,"date":"2014-05-07T07:18:19","date_gmt":"2014-05-07T06:18:19","guid":{"rendered":"http:\/\/blogs.diariovasco.com\/apartirdelos50\/?p=2526"},"modified":"2014-05-07T07:18:19","modified_gmt":"2014-05-07T06:18:19","slug":"carnet-de-voyage-v-peru-machu-picchu","status":"publish","type":"post","link":"https:\/\/blogs.diariovasco.com\/apartirdelos50\/2014\/05\/07\/carnet-de-voyage-v-peru-machu-picchu\/","title":{"rendered":"&#8220;Carnet de Voyage&#8221; (V) Per\u00fa. Machu Picchu"},"content":{"rendered":"<p>&nbsp;<\/p>\n<p><a href=\"\/apartirdelos50\/wp-content\/uploads\/sites\/19\/2014\/05\/0Conejito-Machu-picchu.jpg\"><img loading=\"lazy\" class=\"aligncenter size-full wp-image-2527\" title=\"0Conejito Machu picchu\" src=\"\/apartirdelos50\/wp-content\/uploads\/sites\/19\/2014\/05\/0Conejito-Machu-picchu.jpg\" alt=\"\" width=\"486\" height=\"648\" srcset=\"https:\/\/static-blogs.diariovasco.com\/wp-content\/uploads\/sites\/19\/2014\/05\/0Conejito-Machu-picchu.jpg 486w, https:\/\/static-blogs.diariovasco.com\/wp-content\/uploads\/sites\/19\/2014\/05\/0Conejito-Machu-picchu-225x300.jpg 225w\" sizes=\"(max-width: 486px) 100vw, 486px\" \/><\/a><span style=\"font-size: 13px;\">\u00a0<\/span><span style=\"font-size: 13px;\">\u00a0<\/span><\/p>\n<p><span style=\"font-size: large;\"><strong>Machu Picchu es el nombre de un antiguo poblado incaico construido en el siglo XV y que ha resistido el paso del tiempo gracias a que permaneci\u00f3 oculto al visitante\/turista durante m\u00e1s de cuatrocientos a\u00f1os hasta que llegaron los avispados norteamericanos y convirtieron aquello en uno de sus predios preferidos, saque\u00e1ndolo, explot\u00e1ndolo y \u2013hasta fechas m\u00e1s que recientes- utilizando este enclave Patrimonio de la Humanidad para hacer anuncios publicitarios, video-clips musicales, documentales y todo lo que les vino en gana.<\/strong><\/span><\/p>\n<p><a href=\"\/apartirdelos50\/wp-content\/uploads\/sites\/19\/2014\/05\/0Machu-Pichu.jpg\"><img loading=\"lazy\" class=\"aligncenter size-full wp-image-2528\" title=\"0Machu Pichu\" src=\"\/apartirdelos50\/wp-content\/uploads\/sites\/19\/2014\/05\/0Machu-Pichu.jpg\" alt=\"\" width=\"576\" height=\"324\" srcset=\"https:\/\/static-blogs.diariovasco.com\/wp-content\/uploads\/sites\/19\/2014\/05\/0Machu-Pichu.jpg 576w, https:\/\/static-blogs.diariovasco.com\/wp-content\/uploads\/sites\/19\/2014\/05\/0Machu-Pichu-300x169.jpg 300w\" sizes=\"(max-width: 576px) 100vw, 576px\" \/><\/a><\/p>\n<p><span style=\"font-size: large;\"><strong>Hay dos formas de ver Machu Picchu: con ojos de viajero extasiado y con ojos de turista adocenado. En ambos casos, hay que pagar el alto precio en Nuevos Soles (moneda oficial del Per\u00fa junto con el d\u00f3lar americano) para recorrer el largo y dif\u00edcil camino en autob\u00fas, tren o los \u00faltimos kil\u00f3metros andando y acceder a lo que se llama Santuario Hist\u00f3rico de Machu Picchu por decreto del Gobierno Peruano para darle bombo y platillo a efectos tur\u00edsticos.<\/strong><\/span><\/p>\n<p><strong style=\"font-size: large;\">La verdad es que el conjunto de Machu Picchu es una aut\u00e9ntica maravilla de la naturaleza por el emplazamiento est\u00e9tico entre monta\u00f1as de sus templos y edificios (derruidos todos, qu\u00e9 duda cabe).<\/strong><\/p>\n<p><a href=\"\/apartirdelos50\/wp-content\/uploads\/sites\/19\/2014\/05\/0Cecilia-Machu-Picchu-primer-plano.jpg\"><img loading=\"lazy\" class=\"aligncenter size-full wp-image-2529\" title=\"0Cecilia Machu Picchu primer plano\" src=\"\/apartirdelos50\/wp-content\/uploads\/sites\/19\/2014\/05\/0Cecilia-Machu-Picchu-primer-plano.jpg\" alt=\"\" width=\"389\" height=\"292\" srcset=\"https:\/\/static-blogs.diariovasco.com\/wp-content\/uploads\/sites\/19\/2014\/05\/0Cecilia-Machu-Picchu-primer-plano.jpg 389w, https:\/\/static-blogs.diariovasco.com\/wp-content\/uploads\/sites\/19\/2014\/05\/0Cecilia-Machu-Picchu-primer-plano-300x225.jpg 300w\" sizes=\"(max-width: 389px) 100vw, 389px\" \/><\/a><\/p>\n<p><span style=\"font-size: large;\"><strong>A\u00f1adamos a esto el aura m\u00e1gica y de misterio que han colaborado en crear los del National Geographic y los documentales de la 2.<\/strong><\/span><\/p>\n<p><strong style=\"font-size: large;\">Para acceder al recinto sagrado \u2013de recorrido de m\u00e1s de dos horas por sus vastas planicies, colinas, edificios en ruinas, escaleras y laberintos- hay que pagar la nada desde\u00f1able cantidad de casi cincuenta euros. Eso sin contar el tren desde Ollantaytambo a Aguascalientes (de astron\u00f3mico precio) y el autob\u00fas de Aguascalientes a Machu Picchu. Total: que la excursi\u00f3n de un d\u00eda viene a salir por m\u00e1s de cien euros, lo que en t\u00e9rminos peruanos, viene a ser algo as\u00ed como la tercera parte del salario mensual de un maestro de instituto. Es decir, una barbaridad, un dineral que se embolsa directamente el Gobierno central y del que tan s\u00f3lo declara reinvertir en la zona un 10%.<\/strong><\/p>\n<p><a href=\"\/apartirdelos50\/wp-content\/uploads\/sites\/19\/2014\/05\/0Machu-Picchu-panoramica.jpg\"><img loading=\"lazy\" class=\"aligncenter size-full wp-image-2530\" title=\"0Machu Picchu panoramica\" src=\"\/apartirdelos50\/wp-content\/uploads\/sites\/19\/2014\/05\/0Machu-Picchu-panoramica.jpg\" alt=\"\" width=\"389\" height=\"292\" srcset=\"https:\/\/static-blogs.diariovasco.com\/wp-content\/uploads\/sites\/19\/2014\/05\/0Machu-Picchu-panoramica.jpg 389w, https:\/\/static-blogs.diariovasco.com\/wp-content\/uploads\/sites\/19\/2014\/05\/0Machu-Picchu-panoramica-300x225.jpg 300w\" sizes=\"(max-width: 389px) 100vw, 389px\" \/><\/a><\/p>\n<p><span style=\"font-size: large;\"><strong>Eso significa que, evidentemente, en todo el sitio arqueol\u00f3gico que se visita no hay un solo servicio higi\u00e9nico para los miles de turistas que diariamente pululan como locos \u2013solos o en compa\u00f1\u00eda de otros- desde la salida del sol hasta su puesta. Si hay una \u201cemergencia\u201d hay que salir del recinto, lo que significa recorrer en sentido inverso los largos caminos ascendentes que llevan a la ciudad perdida de los incas.<\/strong><\/span><\/p>\n<p><strong style=\"font-size: large;\">Ni qu\u00e9 decir tiene que los espacios verdes est\u00e1n acotados, que no hay absolutamente un solo lugar donde sentarse o reposar la fatigosa caminata (a pleno sol o bajo la lluvia), como no sea desparramarse entre piedras y con el consiguiente aviso de los celadores\/cuidadores del lugar que te van a levantar a golpe de silbato.<\/strong><\/p>\n<p><a href=\"\/apartirdelos50\/wp-content\/uploads\/sites\/19\/2014\/05\/0Cecilia-Machu-Picchu-y-nubes.jpg\"><img loading=\"lazy\" class=\"aligncenter size-full wp-image-2531\" title=\"0Cecilia Machu Picchu y nubes\" src=\"\/apartirdelos50\/wp-content\/uploads\/sites\/19\/2014\/05\/0Cecilia-Machu-Picchu-y-nubes.jpg\" alt=\"\" width=\"389\" height=\"292\" srcset=\"https:\/\/static-blogs.diariovasco.com\/wp-content\/uploads\/sites\/19\/2014\/05\/0Cecilia-Machu-Picchu-y-nubes.jpg 389w, https:\/\/static-blogs.diariovasco.com\/wp-content\/uploads\/sites\/19\/2014\/05\/0Cecilia-Machu-Picchu-y-nubes-300x225.jpg 300w\" sizes=\"(max-width: 389px) 100vw, 389px\" \/><\/a><\/p>\n<p><span style=\"font-size: large;\"><strong>En Machu Picchu suele haber muchos accidentes mortales (que callan convenientemente agencias de viajes y peri\u00f3dicos en general). Sobrevienen estos por el deseo monta\u00f1ero y buc\u00f3lico de no pocos senderistas que deciden recorrer el \u201ccamino del Inca\u201d, subir hasta la monta\u00f1a a pie o escalar el pico Huayna Picchu que aparece a la izquierda de todas las panor\u00e1micas. Como no est\u00e1 preparado el lugar convenientemente, hay accidentes, despe\u00f1amientos y \u2013justo hace tres d\u00edas- dos v\u00edctimas mortales a sumar a la largu\u00edsima lista que en alg\u00fan lugar hace estad\u00edstica oculta.<\/strong><\/span><\/p>\n<p><a href=\"\/apartirdelos50\/wp-content\/uploads\/sites\/19\/2014\/05\/0Alpacas-y-nubes.jpg\"><img loading=\"lazy\" class=\"aligncenter size-full wp-image-2532\" title=\"0Alpacas y nubes\" src=\"\/apartirdelos50\/wp-content\/uploads\/sites\/19\/2014\/05\/0Alpacas-y-nubes.jpg\" alt=\"\" width=\"389\" height=\"292\" srcset=\"https:\/\/static-blogs.diariovasco.com\/wp-content\/uploads\/sites\/19\/2014\/05\/0Alpacas-y-nubes.jpg 389w, https:\/\/static-blogs.diariovasco.com\/wp-content\/uploads\/sites\/19\/2014\/05\/0Alpacas-y-nubes-300x225.jpg 300w\" sizes=\"(max-width: 389px) 100vw, 389px\" \/><\/a><\/p>\n<p><span style=\"font-size: large;\"><strong>Eso s\u00ed, vigilan cuidadosamente que los bastones de monta\u00f1a que lleva parte del personal \u2013como yo misma- tengan la punta bien cubierta de goma no vayan a estropear las piedras milenarias de los caminos.<\/strong><\/span><\/p>\n<p><strong style=\"font-size: large;\">Aquello es tan hermoso que resulta ca\u00f3tico; la energ\u00eda de la Pachamama se mezcla con el sudor de miles de turistas, el r\u00edo recorriendo el valle aporta el toque buc\u00f3lico al entorno, las vicu\u00f1as o alpacas diseminadas aqu\u00ed y all\u00e1 ayudan a perpetuar la tarjeta postal que nos llevaremos a nuestra casa.<\/strong><\/p>\n<p>&nbsp;<\/p>\n<p><a href=\"\/apartirdelos50\/wp-content\/uploads\/sites\/19\/2014\/05\/0Brianterikez-2.jpg\"><img loading=\"lazy\" class=\"aligncenter size-full wp-image-2534\" title=\"0Brianterikez-2\" src=\"\/apartirdelos50\/wp-content\/uploads\/sites\/19\/2014\/05\/0Brianterikez-2.jpg\" alt=\"\" width=\"467\" height=\"350\" srcset=\"https:\/\/static-blogs.diariovasco.com\/wp-content\/uploads\/sites\/19\/2014\/05\/0Brianterikez-2.jpg 467w, https:\/\/static-blogs.diariovasco.com\/wp-content\/uploads\/sites\/19\/2014\/05\/0Brianterikez-2-300x225.jpg 300w\" sizes=\"(max-width: 467px) 100vw, 467px\" \/><\/a><\/p>\n<p>(Mi reivindicaci\u00f3n personal para que el Ayuntamiento de Donostia quite la Variante de Carlos I, que divide al barrio en dos y que nos vuelve locos a sus habitantes=<\/p>\n<p><span style=\"font-size: large;\"><strong>Est\u00e1 prohibido comer y arrojar basura que debe ser cargada personalmente ya que en todo el recorrido tampoco hay ni una sola papelera al efecto (lo que me parece muy bien, as\u00ed se ahorran gastos y salarios). Bien es cierto que se siente la magia del lugar y a nadie se le ocurre dejar caer al suelo ni el peque\u00f1o envoltorio de un caramelo de coca. Tambi\u00e9n est\u00e1 prohibido fumar de una forma rigurosa.<\/strong><\/span><\/p>\n<p><strong style=\"font-size: large;\">Maravilloso Machu Picchu que abre cada d\u00eda sus puertas a la turbamulta tur\u00edstica y generadora de impuestos y divisas.<\/strong><\/p>\n<p><span style=\"font-size: large;\"><strong>Maravilloso Machu Picchu al que le buscamos el jugo detr\u00e1s del tel\u00f3n, en un camino que iba hacia la monta\u00f1a y donde, a espaldas de vigilantes pero expuestos a c\u00e1maras japonesas, celebramos un sencillo ritual energ\u00e9tico, en blanco c\u00edrculo, para agradecer a la Naturaleza que nos hubiera ofrecido su regalo\u2026sin pedirnos nada a cambio.<\/strong><\/span><\/p>\n<p><strong style=\"font-size: large;\">En fin.<\/strong><\/p>\n<p><strong style=\"font-size: large;\">LaAlquimista<\/strong><\/p>\n<p><strong style=\"font-size: large;\">Por si alguien desea contactar:<\/strong><\/p>\n<p><span style=\"font-size: large;\"><strong>apartirdeloscincuenta@gmail.com<\/strong><\/span><\/p>\n<p><span style=\"font-size: large;\"><strong>Fotos: Cecilia Casado (y desconocidos amables)<\/strong><\/span><\/p>\n<!-- AddThis Advanced Settings generic via filter on the_content --><!-- AddThis Share Buttons generic via filter on the_content -->","protected":false},"excerpt":{"rendered":"<p>&nbsp; \u00a0\u00a0 Machu Picchu es el nombre de un antiguo poblado incaico construido en el siglo XV y que ha resistido el paso del tiempo gracias a que permaneci\u00f3 oculto al visitante\/turista durante m\u00e1s de cuatrocientos a\u00f1os hasta que llegaron los avispados norteamericanos y convirtieron aquello en uno de sus predios preferidos, saque\u00e1ndolo, explot\u00e1ndolo y [&hellip;]<!-- AddThis Advanced Settings generic via filter on get_the_excerpt --><!-- AddThis Share Buttons generic via filter on get_the_excerpt --><\/p>\n","protected":false},"author":34,"featured_media":0,"comment_status":"open","ping_status":"closed","sticky":false,"template":"","format":"standard","meta":[],"categories":[3],"tags":[],"_links":{"self":[{"href":"https:\/\/blogs.diariovasco.com\/apartirdelos50\/wp-json\/wp\/v2\/posts\/2526"}],"collection":[{"href":"https:\/\/blogs.diariovasco.com\/apartirdelos50\/wp-json\/wp\/v2\/posts"}],"about":[{"href":"https:\/\/blogs.diariovasco.com\/apartirdelos50\/wp-json\/wp\/v2\/types\/post"}],"author":[{"embeddable":true,"href":"https:\/\/blogs.diariovasco.com\/apartirdelos50\/wp-json\/wp\/v2\/users\/34"}],"replies":[{"embeddable":true,"href":"https:\/\/blogs.diariovasco.com\/apartirdelos50\/wp-json\/wp\/v2\/comments?post=2526"}],"version-history":[{"count":0,"href":"https:\/\/blogs.diariovasco.com\/apartirdelos50\/wp-json\/wp\/v2\/posts\/2526\/revisions"}],"wp:attachment":[{"href":"https:\/\/blogs.diariovasco.com\/apartirdelos50\/wp-json\/wp\/v2\/media?parent=2526"}],"wp:term":[{"taxonomy":"category","embeddable":true,"href":"https:\/\/blogs.diariovasco.com\/apartirdelos50\/wp-json\/wp\/v2\/categories?post=2526"},{"taxonomy":"post_tag","embeddable":true,"href":"https:\/\/blogs.diariovasco.com\/apartirdelos50\/wp-json\/wp\/v2\/tags?post=2526"}],"curies":[{"name":"wp","href":"https:\/\/api.w.org\/{rel}","templated":true}]}}