{"id":2582,"date":"2014-05-30T07:54:04","date_gmt":"2014-05-30T06:54:04","guid":{"rendered":"http:\/\/blogs.diariovasco.com\/apartirdelos50\/?p=2582"},"modified":"2014-05-30T07:54:04","modified_gmt":"2014-05-30T06:54:04","slug":"incidencias-y-menudencias","status":"publish","type":"post","link":"https:\/\/blogs.diariovasco.com\/apartirdelos50\/2014\/05\/30\/incidencias-y-menudencias\/","title":{"rendered":"Incidencias y menudencias"},"content":{"rendered":"<p><a href=\"\/apartirdelos50\/wp-content\/uploads\/sites\/19\/2014\/05\/13833854071.png\"><img loading=\"lazy\" class=\"aligncenter size-full wp-image-2583\" title=\"1383385407[1]\" src=\"\/apartirdelos50\/wp-content\/uploads\/sites\/19\/2014\/05\/13833854071.png\" alt=\"\" width=\"420\" height=\"490\" srcset=\"https:\/\/static-blogs.diariovasco.com\/wp-content\/uploads\/sites\/19\/2014\/05\/13833854071.png 420w, https:\/\/static-blogs.diariovasco.com\/wp-content\/uploads\/sites\/19\/2014\/05\/13833854071-257x300.png 257w\" sizes=\"(max-width: 420px) 100vw, 420px\" \/><\/a><\/p>\n<p><strong style=\"font-size: large;\">Ayer madrugu\u00e9 porque ten\u00eda que hacerme una revisi\u00f3n rutinaria de esas que nos hacen a los que tenemos m\u00e1s de cincuenta a\u00f1os para prevenir futuros gastos al sistema sanitario.<\/strong><\/p>\n<p><span style=\"font-size: large;\"><strong>Y como en los hospitales se sabe cuando se entra a las consultas \u2013siempre vamos puntuales como brit\u00e1nicos-, pero nunca cuando se sale, decid\u00ed sacar a pasear a mi perrillo para sus \u201casuntos matutinos\u201d mucho antes de las ocho de la ma\u00f1ana.<\/strong><\/span><\/p>\n<p><span style=\"font-size: large;\"><strong>Al doblar la esquina de casa, tuve que pegar un brinco de esos que se pegan en los dibujos animados para que no me alcanzara el chorro de agua de esa maquinita pilotada por un trabajador que se toma su trabajo muy en serio (\u00a1a esas horas!) y que va formando charcos en las aceras con mil porquer\u00edas flotando. (Por cierto, si est\u00e1 previsto lluvia\u2026\u00bfpor qu\u00e9 desperdician el agua?) \u00a1Vaya! Justo cuando me hab\u00eda puesto las deportivas de lona\u2026 Pero no pasa nada, sub\u00ed a casa, me cambi\u00e9 de calzado y todo solucionado. Al hombre no le dije nada porque por las ma\u00f1anas suelo estar en \u201cmodo Zen\u201d\u2026<\/strong><\/span><\/p>\n<p><span style=\"font-size: large;\"><strong>Al volver a bajar a la calle decid\u00ed que mejor utilizar mi coche en vez del transporte p\u00fablico porque ya iba justa de tiempo y adem\u00e1s para eso tengo coche y pago el seguro. Me acerqu\u00e9 con el mando a distancia en ristre y ni hizo clic ni se encendieron las luces\u2026\u00a1Uy qu\u00e9 mosqueo! Abr\u00ed metiendo la llave en la cerradura (un acto relegado al olvido) y enseguida me di cuenta de que algo pasaba; algo malo, muy malo. La bater\u00eda hab\u00eda hecho \u201cplof\u201d. Pero\u2026\u00a1si s\u00f3lo tiene dos a\u00f1os! Mmmm\u2026 lo que ten\u00eda tan s\u00f3lo dos d\u00edas era el pr\u00e9stamo del coche a un amigo que lo necesitaba y que me lo dej\u00f3 aparcado en la calle, las llaves en el buz\u00f3n y\u2026\u00a1Las luces encendidas! Tranquila, Alki, no pasa nada, no pasa nada\u2026ommmmmmm<\/strong><\/span><\/p>\n<p><span style=\"font-size: large;\"><strong>Me dirig\u00ed a trotecillo ligero a la parada de taxis que hay al doblar la esquina para descubrir con asombro que la acababan de suprimir para poner un parking para motos. Bien. M\u00e1s \u201ctranquila, Alki\u201d, vamos a llamar a un taxi por el m\u00f3vil y punto.\u00a0 El m\u00f3vil\u2026el m\u00f3vil\u2026\u00a1me lo hab\u00eda dejado en casa!<\/strong><\/span><\/p>\n<p><span style=\"font-size: large;\"><strong>Las 8 de la ma\u00f1ana y mi cita era para las 8 y cuarto.<\/strong><\/span><\/p>\n<p><span style=\"font-size: large;\"><strong>Y ahora viene lo bueno.<\/strong><\/span><\/p>\n<p><span style=\"font-size: large;\"><strong>Apareci\u00f3 un se\u00f1or paseando a su perro y jugueteando con su smartphone (el se\u00f1or). Me dirig\u00ed a \u00e9l con sonrisa desesperada y le ped\u00ed \u2013con esa angustia que se nos desborda a las mujeres cuando estamos a punto de ponernos a llorar- si podr\u00eda llamar a un taxi desde su m\u00f3vil. El buen ciudadano me sonri\u00f3 a su vez y me dijo que: \u00a1Por supuesto! Y se ofreci\u00f3 a hacerlo \u00e9l mismo.<\/strong><\/span><\/p>\n<p><span style=\"font-size: large;\"><strong>En tres minutos de reloj apareci\u00f3 un taxi por la esquina, a cuyo conductor le cont\u00e9 mi peque\u00f1a odisea ma\u00f1anera. Era un chico joven con un coche precioso -con todo el techo acristalado- que me dijo que llamara a los del Seguro para que vinieran con unas pinzas o una gr\u00faa, pero que si por casualidad no me cubr\u00eda la p\u00f3liza esa incidencia, me dejaba su tarjeta personal para que le llamase, que los taxistas llevan pinzas para arrancar en el coche y que \u00e9l estar\u00eda encantado de ayudarme.<\/strong><\/span><\/p>\n<p><span style=\"font-size: large;\"><strong>Llegu\u00e9 a la consulta con diez minutos de retraso y temblando de miedo por la bronca que imaginaba me esperaba. Pero\u2026\u00a1no! La doctora todav\u00eda no hab\u00eda abierto la consulta as\u00ed que esper\u00e9 a\u00fan otros cinco minutos con la conciencia tranquila y bendiciendo mi buena suerte.<\/strong><\/span><\/p>\n<p><span style=\"font-size: large;\"><strong>Diagn\u00f3stico: todo est\u00e1 en orden, soy una sana campeona de sesenta a\u00f1os. \u00a1Hoy es mi d\u00eda de suerte!<\/strong><\/span><\/p>\n<p><span style=\"font-size: large;\"><strong>De vuelta a la ciudad \u2013esta vez en bus, que dos taxis en el mismo d\u00eda me descalabrar\u00edan el presupuesto- , ante un buen t\u00e9 con pan tostado y aceite, llam\u00e9 a mi compa\u00f1\u00eda de seguros\u2026\u00a1y me atendieron el tel\u00e9fono a la primera, sin obligarme a ir pulsando teclas para elegir idioma, ni darles mi DNI, mi nombre, el n\u00famero de p\u00f3liza ni escuchar publicidad!<\/strong><\/span><\/p>\n<p><span style=\"font-size: large;\"><strong>En veinticinco minutos lleg\u00f3 una gr\u00faa con un amable operario que puso el coche en marcha con las pinzas, y mientras el motor se calentaba, me cont\u00f3 \u2013con todo lujo de detalles- que se iba de vacaciones a Benidorm la semana pr\u00f3xima y que estaba feliz como una lombriz. Me ofreci\u00f3 un cigarrillo,-no fumo-, me ofreci\u00f3 un caramelo de menta \u2013no uso- y me dijo que iba a tomar el caf\u00e9 de las 10 al bar de la esquina y que si quer\u00eda acompa\u00f1arle. Se lo agradec\u00ed pero no estaba yo para m\u00e1s emociones juntas\u2026<\/strong><\/span><\/p>\n<p><span style=\"font-size: large;\"><strong>Me sub\u00ed al coche arrancado por electroshock y me fui a dar una vuelta de 20kms. por las carreteras aleda\u00f1as a la ciudad. Sub\u00ed y baj\u00e9 un monte, me perd\u00ed en un camino desconocido, pas\u00e9 de largo el centro comercial y cuando volv\u00ed a casa, encontr\u00e9 aparcamiento en la puerta misma.<\/strong><\/span><\/p>\n<p><span style=\"font-size: large;\"><strong>Al llegar hasta el ordenador hab\u00eda un email de mi banca on line comunic\u00e1ndome que Hacienda me hac\u00eda el gran favor de reintegrarme lo que me hab\u00eda descontado de m\u00e1s de mi mis\u00e9rrimo sueldo.<\/strong><\/span><\/p>\n<p><span style=\"font-size: large;\"><strong>As\u00ed que dediqu\u00e9 el resto del d\u00eda a agradecer al Universo los dones otorgados, a sonreir sin tregua a mis semejantes y a ser muy consciente de que cada d\u00eda nos pueden ocurrir peque\u00f1as menudencias e incidencias que nos dan la oportunidad de aprender a ejercitar la paciencia, desarrollar el buen humor, saber ser agradecidos y, lo que es m\u00e1s importante, al menos para m\u00ed, darnos cuenta de que el mundo sigue rodando a pesar de lo que nos pase a nosotros.<\/strong><\/span><\/p>\n<p><span style=\"font-size: large;\"><strong>En fin.<\/strong><\/span><\/p>\n<p><span style=\"font-size: large;\"><strong>La vie est belle!<\/strong><\/span><\/p>\n<p><span style=\"font-size: large;\"><strong>LaAlquimista<\/strong><\/span><\/p>\n<p><span style=\"font-size: large;\"><strong>Por si alguien desea contactar:<\/strong><\/span><\/p>\n<p><span style=\"font-size: large;\"><strong>apartirdeloscincuenta@gmail.com<\/strong><\/span><\/p>\n<!-- AddThis Advanced Settings generic via filter on the_content --><!-- AddThis Share Buttons generic via filter on the_content -->","protected":false},"excerpt":{"rendered":"<p>Ayer madrugu\u00e9 porque ten\u00eda que hacerme una revisi\u00f3n rutinaria de esas que nos hacen a los que tenemos m\u00e1s de cincuenta a\u00f1os para prevenir futuros gastos al sistema sanitario. Y como en los hospitales se sabe cuando se entra a las consultas \u2013siempre vamos puntuales como brit\u00e1nicos-, pero nunca cuando se sale, decid\u00ed sacar a [&hellip;]<!-- AddThis Advanced Settings generic via filter on get_the_excerpt --><!-- AddThis Share Buttons generic via filter on get_the_excerpt --><\/p>\n","protected":false},"author":34,"featured_media":0,"comment_status":"open","ping_status":"closed","sticky":false,"template":"","format":"standard","meta":[],"categories":[3],"tags":[],"_links":{"self":[{"href":"https:\/\/blogs.diariovasco.com\/apartirdelos50\/wp-json\/wp\/v2\/posts\/2582"}],"collection":[{"href":"https:\/\/blogs.diariovasco.com\/apartirdelos50\/wp-json\/wp\/v2\/posts"}],"about":[{"href":"https:\/\/blogs.diariovasco.com\/apartirdelos50\/wp-json\/wp\/v2\/types\/post"}],"author":[{"embeddable":true,"href":"https:\/\/blogs.diariovasco.com\/apartirdelos50\/wp-json\/wp\/v2\/users\/34"}],"replies":[{"embeddable":true,"href":"https:\/\/blogs.diariovasco.com\/apartirdelos50\/wp-json\/wp\/v2\/comments?post=2582"}],"version-history":[{"count":0,"href":"https:\/\/blogs.diariovasco.com\/apartirdelos50\/wp-json\/wp\/v2\/posts\/2582\/revisions"}],"wp:attachment":[{"href":"https:\/\/blogs.diariovasco.com\/apartirdelos50\/wp-json\/wp\/v2\/media?parent=2582"}],"wp:term":[{"taxonomy":"category","embeddable":true,"href":"https:\/\/blogs.diariovasco.com\/apartirdelos50\/wp-json\/wp\/v2\/categories?post=2582"},{"taxonomy":"post_tag","embeddable":true,"href":"https:\/\/blogs.diariovasco.com\/apartirdelos50\/wp-json\/wp\/v2\/tags?post=2582"}],"curies":[{"name":"wp","href":"https:\/\/api.w.org\/{rel}","templated":true}]}}