{"id":2586,"date":"2014-06-01T07:49:40","date_gmt":"2014-06-01T06:49:40","guid":{"rendered":"http:\/\/blogs.diariovasco.com\/apartirdelos50\/?p=2586"},"modified":"2014-06-01T07:49:40","modified_gmt":"2014-06-01T06:49:40","slug":"cambiar-aires-sin-salir-de-casa-el-parque-de-cristina-enea","status":"publish","type":"post","link":"https:\/\/blogs.diariovasco.com\/apartirdelos50\/2014\/06\/01\/cambiar-aires-sin-salir-de-casa-el-parque-de-cristina-enea\/","title":{"rendered":"Cambiar de aires sin salir de casa. El parque de Cristina Enea."},"content":{"rendered":"<p><a href=\"\/apartirdelos50\/wp-content\/uploads\/sites\/19\/2014\/06\/Cristina-Enea1.jpg\"><img loading=\"lazy\" class=\"aligncenter size-full wp-image-2588\" title=\"Cristina Enea\" src=\"\/apartirdelos50\/wp-content\/uploads\/sites\/19\/2014\/06\/Cristina-Enea1.jpg\" alt=\"\" width=\"408\" height=\"545\" srcset=\"https:\/\/static-blogs.diariovasco.com\/wp-content\/uploads\/sites\/19\/2014\/06\/Cristina-Enea1.jpg 408w, https:\/\/static-blogs.diariovasco.com\/wp-content\/uploads\/sites\/19\/2014\/06\/Cristina-Enea1-225x300.jpg 225w\" sizes=\"(max-width: 408px) 100vw, 408px\" \/><\/a><\/p>\n<p><strong style=\"font-size: 13px;\"><span style=\"font-size: large;\">Los que vivimos en el antip\u00e1tico asfalto de la ciudad solemos tener una tendencia irrefrenable a buscar ese \u201ccambio de aires\u201d que la imaginaci\u00f3n suplica para sentir que no es la rutina la que manda en la mente y en el gui\u00f3n previsible de la vida. Y de ah\u00ed la \u201cnecesidad\u201d de marcharse a otro sitio, con muchos kil\u00f3metros interpuestos a ser posible y metiendo en una maleta las cosas que nos hemos convencido nos son imprescindibles.<\/span><\/strong><\/p>\n<p><strong style=\"font-size: 13px;\"><span style=\"font-size: large;\">Pero como no siempre se puede viajar con pasaporte, es bueno tener a mano alternativas sencillas, c\u00f3modas y baratas que alegren el esp\u00edritu y alejen el cuerpo de los ruidos y humos urbanitas.<\/span><\/strong><\/p>\n<p><strong style=\"font-size: 13px;\"><span style=\"font-size: large;\">No s\u00e9 c\u00f3mo se las arreglar\u00e1n quienes vivan en una gran urbe, quiz\u00e1s para \u201ctomar el aire\u201d tengan que meterse entre pecho y espalda varias horas rodando en coche o en tren, pero aqu\u00ed mismo, en esta peque\u00f1a ciudad desde la que tecleo, San Sebasti\u00e1n, tenemos el privilegio de poder \u201ccambiar de aires\u201d tan s\u00f3lo con el peque\u00f1o esfuerzo de \u201cdesgastar la zapatilla\u201d media hora escasa.<\/span><\/strong><\/p>\n<p><a href=\"\/apartirdelos50\/wp-content\/uploads\/sites\/19\/2014\/06\/Cristina-Enea-Arboles.jpg\"><img loading=\"lazy\" class=\"aligncenter size-medium wp-image-2589\" title=\"Cristina Enea Arboles\" src=\"\/apartirdelos50\/wp-content\/uploads\/sites\/19\/2014\/06\/Cristina-Enea-Arboles.jpg\" alt=\"\" width=\"224\" height=\"300\" srcset=\"https:\/\/static-blogs.diariovasco.com\/wp-content\/uploads\/sites\/19\/2014\/06\/Cristina-Enea-Arboles.jpg 583w, https:\/\/static-blogs.diariovasco.com\/wp-content\/uploads\/sites\/19\/2014\/06\/Cristina-Enea-Arboles-225x300.jpg 225w\" sizes=\"(max-width: 224px) 100vw, 224px\" \/><\/a><\/p>\n<p><strong><span style=\"font-size: large;\">Creo que es \u00e9se el tiempo que se tarda en llegar al precioso parque de Cristina Enea desde cualquier punto de la ciudad, m\u00e1s o menos.<\/span><\/strong><\/p>\n<p><strong><span style=\"font-size: large;\">Cada vez que dirijo mis pasos hacia su verde frondoso me convenzo de que abro una puerta por la que me cuelo en otro mundo diferente, fresco, limpio, a salvo del ruido, del tr\u00e1fago, de malos humos y de la nube de nervios que rodea a la ciudad y a no pocos de sus ciudadanos.<\/span><\/strong><\/p>\n<p><a href=\"\/apartirdelos50\/wp-content\/uploads\/sites\/19\/2014\/06\/Cristina-Enea-2.jpg\"><img loading=\"lazy\" class=\"aligncenter size-full wp-image-2593\" title=\"Cristina Enea-2\" src=\"\/apartirdelos50\/wp-content\/uploads\/sites\/19\/2014\/06\/Cristina-Enea-2.jpg\" alt=\"\" width=\"545\" height=\"408\" srcset=\"https:\/\/static-blogs.diariovasco.com\/wp-content\/uploads\/sites\/19\/2014\/06\/Cristina-Enea-2.jpg 545w, https:\/\/static-blogs.diariovasco.com\/wp-content\/uploads\/sites\/19\/2014\/06\/Cristina-Enea-2-300x225.jpg 300w\" sizes=\"(max-width: 545px) 100vw, 545px\" \/><\/a><\/p>\n<p><strong><span style=\"font-size: large;\">Imagino que soy la due\u00f1a y se\u00f1ora del parque, como en los tiempos en que el Duque de Mandas \u2013su due\u00f1o otrora, antes de donarlo a la ciudad- cuidaba este lugar como espacio semi-sagrado lleno de especies arbor\u00edcolas tra\u00eddas de aqu\u00ed y de all\u00e1, de animales decorativos y otros para divertirse y con zonas frescas y h\u00famedas para aliviar el calor veraniego (eran tiempos en que el verano segu\u00eda fiel al calendario).<\/span><\/strong><\/p>\n<p><a href=\"\/apartirdelos50\/wp-content\/uploads\/sites\/19\/2014\/06\/Cristina-Enea-Pato-2.jpg\"><img loading=\"lazy\" class=\"aligncenter size-medium wp-image-2590\" title=\"Cristina Enea Pato 2\" src=\"\/apartirdelos50\/wp-content\/uploads\/sites\/19\/2014\/06\/Cristina-Enea-Pato-2.jpg\" alt=\"\" width=\"300\" height=\"224\" srcset=\"https:\/\/static-blogs.diariovasco.com\/wp-content\/uploads\/sites\/19\/2014\/06\/Cristina-Enea-Pato-2.jpg 778w, https:\/\/static-blogs.diariovasco.com\/wp-content\/uploads\/sites\/19\/2014\/06\/Cristina-Enea-Pato-2-300x225.jpg 300w, https:\/\/static-blogs.diariovasco.com\/wp-content\/uploads\/sites\/19\/2014\/06\/Cristina-Enea-Pato-2-768x576.jpg 768w\" sizes=\"(max-width: 300px) 100vw, 300px\" \/><\/a><\/p>\n<p><strong><span style=\"font-size: large;\">Imagino \u2013o recuerdo, no lo s\u00e9 muy bien- que juego con unos peque\u00f1os monos saltarines, acerco mi mano con hierba fresca a los cervatos que pastan libres, descanso el cuerpo bajo un \u00e1rbol frondoso mientras los pavos reales me miran sin recelo.<\/span><\/strong><\/p>\n<p><strong><span style=\"font-size: large;\">Imagino que este parque es mi peque\u00f1o reino de silencio y paz donde cualquier d\u00eda, con penas o sin ellas, puedo solazarme y llenar mis pulmones con un aire limpio, distinto, ben\u00e9fico para mi cuerpo y dulcificador de cualquier ansiedad.<\/span><\/strong><\/p>\n<p><a href=\"\/apartirdelos50\/wp-content\/uploads\/sites\/19\/2014\/06\/Cristina-Enea-Pato.jpg\"><img loading=\"lazy\" class=\"aligncenter size-medium wp-image-2591\" title=\"Cristina Enea Pato\" src=\"\/apartirdelos50\/wp-content\/uploads\/sites\/19\/2014\/06\/Cristina-Enea-Pato.jpg\" alt=\"\" width=\"300\" height=\"224\" srcset=\"https:\/\/static-blogs.diariovasco.com\/wp-content\/uploads\/sites\/19\/2014\/06\/Cristina-Enea-Pato.jpg 778w, https:\/\/static-blogs.diariovasco.com\/wp-content\/uploads\/sites\/19\/2014\/06\/Cristina-Enea-Pato-300x225.jpg 300w, https:\/\/static-blogs.diariovasco.com\/wp-content\/uploads\/sites\/19\/2014\/06\/Cristina-Enea-Pato-768x576.jpg 768w\" sizes=\"(max-width: 300px) 100vw, 300px\" \/><\/a><\/p>\n<p><strong><span style=\"font-size: large;\">Adoro los rincones para leer sosegadamente, dejando que el tiempo pase las p\u00e1ginas del libro. Busco los juegos de sol y sombra para ir acomodando mi piel a la temperatura \u2013ora fresca, ora c\u00e1lida- del d\u00eda. Hay agua para beber, hierba para tumbarse, bancos para quien prefiere el cl\u00e1sico descanso.<\/span><\/strong><\/p>\n<p><strong style=\"font-size: 13px;\"><span style=\"font-size: large;\">Llego al parque como una invitada de lujo y lo abandono como una reina que disfruta de sus dominios. Dejo en su aire la mejor energ\u00eda que poseo y me llevo en los pulmones y en el alma el regalo de sus dones generosos.<\/span><\/strong><\/p>\n<p><strong style=\"font-size: 13px;\"><span style=\"font-size: large;\">Y cuando esto escribo ya he olvidado a quienes lo atraviesan a gran velocidad con sus bicicletas a pesar de estar terminantemente prohibido. Tambi\u00e9n olvido a quienes se llevan a la familia a hacer un picnic y jugar al bal\u00f3n y hacen ruido y gritan y asustan a los p\u00e1jaros y supongo que no saben leer porque los letreros dicen bien claro lo que se puede y no se puede hacer en el parque que es de todos y para todos.<\/span><\/strong><\/p>\n<p><strong style=\"font-size: 13px;\"><span style=\"font-size: large;\">Esta gente que no sabe respetar el silencio amable de la naturaleza, que disturbia el equilibrio precario de un parque en medio de la ciudad, quiz\u00e1s alg\u00fan d\u00eda se d\u00e9 cuenta de lo que est\u00e1n estropeando. Quiz\u00e1s el Ayuntamiento tendr\u00eda que pagar a un funcionario para que, como en otros tiempos, vigile que los ciudadanos poco dados al respeto a los bienes comunes, sean puestos en el sitio que les corresponde: fuera del parque.<\/span><\/strong><\/p>\n<p><strong style=\"font-size: 13px;\"><span style=\"font-size: large;\">En fin.<\/span><\/strong><\/p>\n<p><strong style=\"font-size: 13px;\"><span style=\"font-size: large;\">LaAlquimista<\/span><\/strong><\/p>\n<p><strong style=\"font-size: 13px;\"><span style=\"font-size: large;\">Por si alguien desea contactar:<\/span><\/strong><\/p>\n<p><span style=\"font-size: large;\"><strong>apartirdeloscincuenta@gmail.com<\/strong><\/span><\/p>\n<p><span style=\"font-size: large;\"><strong>Fotos: Cecilia Casado<\/strong><\/span><\/p>\n<!-- AddThis Advanced Settings generic via filter on the_content --><!-- AddThis Share Buttons generic via filter on the_content -->","protected":false},"excerpt":{"rendered":"<p>Los que vivimos en el antip\u00e1tico asfalto de la ciudad solemos tener una tendencia irrefrenable a buscar ese \u201ccambio de aires\u201d que la imaginaci\u00f3n suplica para sentir que no es la rutina la que manda en la mente y en el gui\u00f3n previsible de la vida. Y de ah\u00ed la \u201cnecesidad\u201d de marcharse a otro [&hellip;]<!-- AddThis Advanced Settings generic via filter on get_the_excerpt --><!-- AddThis Share Buttons generic via filter on get_the_excerpt --><\/p>\n","protected":false},"author":34,"featured_media":0,"comment_status":"open","ping_status":"closed","sticky":false,"template":"","format":"standard","meta":[],"categories":[3],"tags":[],"_links":{"self":[{"href":"https:\/\/blogs.diariovasco.com\/apartirdelos50\/wp-json\/wp\/v2\/posts\/2586"}],"collection":[{"href":"https:\/\/blogs.diariovasco.com\/apartirdelos50\/wp-json\/wp\/v2\/posts"}],"about":[{"href":"https:\/\/blogs.diariovasco.com\/apartirdelos50\/wp-json\/wp\/v2\/types\/post"}],"author":[{"embeddable":true,"href":"https:\/\/blogs.diariovasco.com\/apartirdelos50\/wp-json\/wp\/v2\/users\/34"}],"replies":[{"embeddable":true,"href":"https:\/\/blogs.diariovasco.com\/apartirdelos50\/wp-json\/wp\/v2\/comments?post=2586"}],"version-history":[{"count":0,"href":"https:\/\/blogs.diariovasco.com\/apartirdelos50\/wp-json\/wp\/v2\/posts\/2586\/revisions"}],"wp:attachment":[{"href":"https:\/\/blogs.diariovasco.com\/apartirdelos50\/wp-json\/wp\/v2\/media?parent=2586"}],"wp:term":[{"taxonomy":"category","embeddable":true,"href":"https:\/\/blogs.diariovasco.com\/apartirdelos50\/wp-json\/wp\/v2\/categories?post=2586"},{"taxonomy":"post_tag","embeddable":true,"href":"https:\/\/blogs.diariovasco.com\/apartirdelos50\/wp-json\/wp\/v2\/tags?post=2586"}],"curies":[{"name":"wp","href":"https:\/\/api.w.org\/{rel}","templated":true}]}}