{"id":2605,"date":"2014-06-09T08:11:07","date_gmt":"2014-06-09T07:11:07","guid":{"rendered":"http:\/\/blogs.diariovasco.com\/apartirdelos50\/?p=2605"},"modified":"2014-06-09T08:11:07","modified_gmt":"2014-06-09T07:11:07","slug":"un-sofa-cubierto-con-una-sabana","status":"publish","type":"post","link":"https:\/\/blogs.diariovasco.com\/apartirdelos50\/2014\/06\/09\/un-sofa-cubierto-con-una-sabana\/","title":{"rendered":"Un sof\u00e1 cubierto con una s\u00e1bana"},"content":{"rendered":"<p><img loading=\"lazy\" class=\"aligncenter\" src=\"\/\/1.bp.blogspot.com\/_HaIK-d3ITWQ\/S9PyEKL3MlI\/AAAAAAAAA34\/doHM_dAiZsc\/s1600\/persiana+con+sol.jpg\" alt=\"\" width=\"237\" height=\"400\" \/><\/p>\n<p><span style=\"font-size: large;\"><strong>Las contradicciones del ser humano cada vez me resultan menos aceptables incluyendo las m\u00edas propias. Quiz\u00e1s sea cosa de la edad, eso de ir cumpliendo a\u00f1os, aprendiendo cosas sin remedio y que el pensamiento vaya desprendi\u00e9ndose de malas costumbres, prejuicios absurdos y pr\u00e1cticas sin sentido.<\/strong><\/span><\/p>\n<p><strong style=\"font-size: large;\">Uno quiere vivir en un sitio agradable, con mucha luz y que entre el sol a raudales\u2026\u00bf para luego cubrir los muebles con s\u00e1banas viejas o tener todo el d\u00eda las persianas bajadas?. Se da prioridad a la conservaci\u00f3n de maderas y tapicer\u00edas por encima de la fuente de vida que, en forma de rayos de sol, entra por los balcones abiertos.<\/strong><\/p>\n<p><strong style=\"font-size: large;\">Una casa oscura hace que las almas que la habitan se oscurezcan; no tienen otra posibilidad. Una casa luminosa ayuda a hacer la \u201cfotos\u00edntesis emocional\u201d, expande el \u00e1nimo, alegra el tiempo, empuja a sonreir. Y no hablo de t\u00e9cnicas de Feng Shui sino de la pura l\u00f3gica de que la luz es fuente de vida y la oscuridad la otra cara de la moneda.<\/strong><\/p>\n<p><strong style=\"font-size: large;\">\u00bfQu\u00e9 mueve a tantas personas \u2013casi siempre mujeres que cuidan de su hogar con dedicaci\u00f3n- a dejar de disfrutar de los dones de la naturaleza? \u00bfEs tan importante preservar el buen estado de la tapicer\u00eda del sof\u00e1 de la sala a cambio de no poder disfrutarlo debidamente? Porque las cosas est\u00e1n hechas para disponer de ellas, utilizarlas y sacarles provecho, exprimir el placer que llevan adherido\u2026que para eso son cosas y nada m\u00e1s que cosas.<\/strong><\/p>\n<p><span style=\"font-size: large;\"><strong>\u00a1Qu\u00e9 malas costumbres nos han ense\u00f1ado! \u00a1Qu\u00e9 poco disfrute de la vida nos han permitido!<\/strong><\/span><\/p>\n<p><strong style=\"font-size: large;\">Vivir plenamente, con total dedicaci\u00f3n, apurando cada d\u00eda el af\u00e1n que trae, puede suponer comer las lentejas en esa vajilla de porcelana que tan s\u00f3lo se usa una vez al a\u00f1o, cuando se re\u00fane la familia (o cuando se reun\u00eda) y no en los platos viejos de la cocina, los \u201cde diario\u201d que est\u00e1n hechos una pena. Beber agua saludable en las copas de cristal que se guardan (o se exhiben a las visitas) en el aparador del \u201csal\u00f3n\u201d en vez de en los vasos de vidrio rayado por a\u00f1os y a\u00f1os de estropajo. Y dormir en s\u00e1banas dulces en vez de guardarlas en el armario, envueltas en alcanfor, s\u00e1banas que no servir\u00e1n ni para hacer de sudario, s\u00e1banas desperdiciadas, muertas en vida por falta de uso\u2026<\/strong><\/p>\n<p><strong style=\"font-size: large;\">Vivir plenamente con los dones que nos han sido concedidos en vez de almacenarlos \u201cpara las ocasiones\u201d, regal\u00e1ndonos sin medida y con generosidad cualquier d\u00eda de labor, sin esperar a que haya algo que celebrar, haciendo que cada d\u00eda nos d\u00e9 de pleno la luz del sol, la fuerza de la vida, arranc\u00e1ndonos la s\u00e1bana vieja con la que nos hemos cubierto alguna vez para no \u201cajarnos\u201d\u2026<\/strong><\/p>\n<p><strong style=\"font-size: large;\">Gastar la vida, apurarla en cada instante; salir a la calle, subir al monte, pisar la playa, abrazar un \u00e1rbol, respirar aire puro, cantar sin miedo, dejar que el perro nos pasee, abrir las puertas a la gente, compartir el coraz\u00f3n, VIVIR.<\/strong><\/p>\n<p><strong style=\"font-size: large;\">Cada uno elige en libertad c\u00f3mo quiere tener amueblada su casa interior.<\/strong><\/p>\n<p><strong style=\"font-size: large;\">En fin.<\/strong><\/p>\n<p><strong style=\"font-size: large;\">LaAlquimista<\/strong><\/p>\n<p><strong style=\"font-size: large;\">Por si alguien desea contactar:<\/strong><\/p>\n<p><span style=\"font-size: large;\"><strong>apartirdeloscincuenta@gmail.com<\/strong><\/span><\/p>\n<!-- AddThis Advanced Settings generic via filter on the_content --><!-- AddThis Share Buttons generic via filter on the_content -->","protected":false},"excerpt":{"rendered":"<p>Las contradicciones del ser humano cada vez me resultan menos aceptables incluyendo las m\u00edas propias. Quiz\u00e1s sea cosa de la edad, eso de ir cumpliendo a\u00f1os, aprendiendo cosas sin remedio y que el pensamiento vaya desprendi\u00e9ndose de malas costumbres, prejuicios absurdos y pr\u00e1cticas sin sentido. Uno quiere vivir en un sitio agradable, con mucha luz [&hellip;]<!-- AddThis Advanced Settings generic via filter on get_the_excerpt --><!-- AddThis Share Buttons generic via filter on get_the_excerpt --><\/p>\n","protected":false},"author":34,"featured_media":0,"comment_status":"open","ping_status":"closed","sticky":false,"template":"","format":"standard","meta":[],"categories":[3],"tags":[],"_links":{"self":[{"href":"https:\/\/blogs.diariovasco.com\/apartirdelos50\/wp-json\/wp\/v2\/posts\/2605"}],"collection":[{"href":"https:\/\/blogs.diariovasco.com\/apartirdelos50\/wp-json\/wp\/v2\/posts"}],"about":[{"href":"https:\/\/blogs.diariovasco.com\/apartirdelos50\/wp-json\/wp\/v2\/types\/post"}],"author":[{"embeddable":true,"href":"https:\/\/blogs.diariovasco.com\/apartirdelos50\/wp-json\/wp\/v2\/users\/34"}],"replies":[{"embeddable":true,"href":"https:\/\/blogs.diariovasco.com\/apartirdelos50\/wp-json\/wp\/v2\/comments?post=2605"}],"version-history":[{"count":0,"href":"https:\/\/blogs.diariovasco.com\/apartirdelos50\/wp-json\/wp\/v2\/posts\/2605\/revisions"}],"wp:attachment":[{"href":"https:\/\/blogs.diariovasco.com\/apartirdelos50\/wp-json\/wp\/v2\/media?parent=2605"}],"wp:term":[{"taxonomy":"category","embeddable":true,"href":"https:\/\/blogs.diariovasco.com\/apartirdelos50\/wp-json\/wp\/v2\/categories?post=2605"},{"taxonomy":"post_tag","embeddable":true,"href":"https:\/\/blogs.diariovasco.com\/apartirdelos50\/wp-json\/wp\/v2\/tags?post=2605"}],"curies":[{"name":"wp","href":"https:\/\/api.w.org\/{rel}","templated":true}]}}