{"id":2607,"date":"2014-06-10T21:31:30","date_gmt":"2014-06-10T20:31:30","guid":{"rendered":"http:\/\/blogs.diariovasco.com\/apartirdelos50\/?p=2607"},"modified":"2014-06-10T21:31:30","modified_gmt":"2014-06-10T20:31:30","slug":"iguales-o-diferentes-ante-las-normas","status":"publish","type":"post","link":"https:\/\/blogs.diariovasco.com\/apartirdelos50\/2014\/06\/10\/iguales-o-diferentes-ante-las-normas\/","title":{"rendered":"\u00bfIguales o diferentes ante las normas?"},"content":{"rendered":"<p><span style=\"font-size: 13px;\">\u00a0<img loading=\"lazy\" class=\"aligncenter\" src=\"\/\/pictures2.todocoleccion.net\/tc\/2012\/11\/10\/34157282.jpg\" alt=\"\" width=\"550\" height=\"553\" \/><\/span><\/p>\n<p><span style=\"font-size: large;\"><strong>Mi perrillo Elur es una criatura que no merece otra cosa que cari\u00f1o y trato dulce, tanto como \u00e9l lo es. Es por eso que, siempre que puedo, quiero llevarlo conmigo porque dejarlo en casa solo le supone un peque\u00f1o trauma ya que no tiene noci\u00f3n del tiempo y aunque me ausente media hora \u00e9l siente igual el \u201cabandono\u201d.<\/strong><\/span><\/p>\n<p><span style=\"font-size: large;\"><strong>As\u00ed las cosas la otra noche salimos a cenar a un agradable restaurante a la orilla del mar, en este mar donde los chefs casi pescan directamente el pescado con una ca\u00f1a desde la cocina. El sitio es muy agradable y tiene un comedor que linda con la terraza de la que est\u00e1 separado por una gran cristalera. Como hac\u00eda m\u00e1s viento del deseado decidimos cenar dentro pero nos topamos con \u201clas normas\u201d que consist\u00edan en que el perrillo no pod\u00eda entrar en el comedor. As\u00ed que nos aposentamos en la terraza y cruzamos los dedos.<\/strong><\/span><\/p>\n<p><span style=\"font-size: large;\"><strong>Al cabo de un rato, ya con la fideu\u00e1 presidiendo la mesa de forma majestuosa, en las mesas del otro lado de la cristalera se instalaron dos familias en bulliciosa armon\u00eda. Dos matrimonios frisando los cuarenta con cuatro hijos adolescentes (tres chicos y una chica). Los padres se sentaron en una esquina de la mesa y los hijos al otro lado, en separado petit comit\u00e9. Dos de los chavales estaban conectados a sendos aparatitos que les recababan toda su atenci\u00f3n; tanto es as\u00ed que casi apenas hac\u00edan caso de la comida que les pon\u00edan \u2013las camareras- en el plato.<\/strong><\/span><\/p>\n<p><span style=\"font-size: large;\"><strong>Los dos que quedaban \u2013chico y chica de unos catorce o quince a\u00f1os y con s\u00edndrome de Down, cuchicheaban amigablemente entre s\u00ed y hac\u00edan risas, a su bola.<\/strong><\/span><\/p>\n<p><span style=\"font-size: large;\"><strong>De repente, un movimiento extra\u00f1o \u2013o inusual- atrajo nuestra atenci\u00f3n desde el otro lado de la cristalera. A una distancia de menos de un metro (vidrio de por medio) la parejita adolescente comenz\u00f3 a besarse de forma cuando menos descarada; vamos, que se com\u00edan la boca sin encomendarse ni a Dios ni al diablo. La situaci\u00f3n ten\u00eda de extra\u00f1o, desde mi punto de vista, el que los padres de ambos les ve\u00edan \u2013aunque no les miraran abiertamente- y segu\u00edan con sus libaciones e ingesta de ricos manjares.<\/strong><\/span><\/p>\n<p><span style=\"font-size: large;\"><strong>Pero claro, el caso es que estos amantes pasajeros se lo estaban montando en nuestras narices propias \u2013a un palmo m\u00e1s o menos- y como que nos distra\u00edan de la concentraci\u00f3n necesaria para pelar los langostinos.<\/strong><\/span><\/p>\n<p><span style=\"font-size: large;\"><strong>\u00a1Qu\u00e9 situaci\u00f3n m\u00e1s pintoresca! Las normas de educaci\u00f3n y civismo s\u00ed que deben de permitir morrearse ostensiblemente en un restaurante a la vista de p\u00fablico y trabajadores, pero no permiten que un perrillo del tama\u00f1o de una caja de zapatos est\u00e9 bajo la mesa dormitando pl\u00e1cidamente.<\/strong><\/span><\/p>\n<p><span style=\"font-size: large;\"><strong>Las normas, las normas\u2026\u00a1mecachis con las normas!<\/strong><\/span><\/p>\n<p><span style=\"font-size: large;\"><strong>El chico de la parejita decidi\u00f3 entonces tocarle los pechos a su amiguita a lo que ella respondi\u00f3 con risas y morisquetas, mientras que los comensales de las mesas de los alrededores dirig\u00edan miradas alucinadas y hac\u00edan comentarios entre sorprendidos y regocijados sobre la situaci\u00f3n.<\/strong><\/span><\/p>\n<p><span style=\"font-size: large;\"><strong>Lejos estamos los adultos -algunos adultos- de escandalizarnos por esos comportamientos en lugar p\u00fablico; otra cosa es que te pueda molestar que lo hagan en tus narices, pero lo m\u00e1s sorprendente era la actitud de los padres: ni f\u00fa ni fa. Y mientras m\u00e1s se calentaban los jovenzuelos m\u00e1s fr\u00edo nos entraba a quienes est\u00e1bamos en la terraza acatando las normas del ministerio correspondiente.<\/strong><\/span><\/p>\n<p><strong style=\"font-size: large;\">Terminamos la cena con m\u00e1s gloria que paz y nos fuimos con viento fresco \u2013nunca mejor dicho- no sin haber sopesado durante la crema catalana el entrar a llamarles la atenci\u00f3n a la parejita feliz\u2026o a sus padres\u2026o al due\u00f1o del restaurante. Pero como una de nuestras tareas es procurar no juzgar al pr\u00f3jimo para que no nos juzguen a nosotros, pues punto en boca y punto pelota.<\/strong><\/p>\n<p><span style=\"font-size: large;\"><strong>Ya de vuelta a casa nos asalt\u00f3 la duda de si la no injerencia de los padres en los escarceos libidinosos de sus reto\u00f1os adolescentes se deber\u00eda a los consejos de alg\u00fan experto en el ramo de la cosa que les hab\u00eda explicado c\u00f3mo hay que gestionar el comportamiento de los hijos que padecen S\u00edndrome de Down y la tan necesaria opci\u00f3n de \u201cno diferencia\u201d\u2026 para lo que les conviene.<\/strong><\/span><\/p>\n<p><span style=\"font-size: large;\"><strong>En fin.<\/strong><\/span><\/p>\n<p><span style=\"font-size: large;\"><strong>LaAlquimista<\/strong><\/span><\/p>\n<p><span style=\"font-size: large;\"><strong>Por si alguien desea contactar:<\/strong><\/span><\/p>\n<p><span style=\"font-size: large;\"><strong>apartirdeloscincuenta@gmail.com<\/strong><\/span><\/p>\n<p>&nbsp;<\/p>\n<p>&nbsp;<\/p>\n<!-- AddThis Advanced Settings generic via filter on the_content --><!-- AddThis Share Buttons generic via filter on the_content -->","protected":false},"excerpt":{"rendered":"<p>\u00a0 Mi perrillo Elur es una criatura que no merece otra cosa que cari\u00f1o y trato dulce, tanto como \u00e9l lo es. Es por eso que, siempre que puedo, quiero llevarlo conmigo porque dejarlo en casa solo le supone un peque\u00f1o trauma ya que no tiene noci\u00f3n del tiempo y aunque me ausente media hora [&hellip;]<!-- AddThis Advanced Settings generic via filter on get_the_excerpt --><!-- AddThis Share Buttons generic via filter on get_the_excerpt --><\/p>\n","protected":false},"author":34,"featured_media":0,"comment_status":"open","ping_status":"closed","sticky":false,"template":"","format":"standard","meta":[],"categories":[3],"tags":[],"_links":{"self":[{"href":"https:\/\/blogs.diariovasco.com\/apartirdelos50\/wp-json\/wp\/v2\/posts\/2607"}],"collection":[{"href":"https:\/\/blogs.diariovasco.com\/apartirdelos50\/wp-json\/wp\/v2\/posts"}],"about":[{"href":"https:\/\/blogs.diariovasco.com\/apartirdelos50\/wp-json\/wp\/v2\/types\/post"}],"author":[{"embeddable":true,"href":"https:\/\/blogs.diariovasco.com\/apartirdelos50\/wp-json\/wp\/v2\/users\/34"}],"replies":[{"embeddable":true,"href":"https:\/\/blogs.diariovasco.com\/apartirdelos50\/wp-json\/wp\/v2\/comments?post=2607"}],"version-history":[{"count":0,"href":"https:\/\/blogs.diariovasco.com\/apartirdelos50\/wp-json\/wp\/v2\/posts\/2607\/revisions"}],"wp:attachment":[{"href":"https:\/\/blogs.diariovasco.com\/apartirdelos50\/wp-json\/wp\/v2\/media?parent=2607"}],"wp:term":[{"taxonomy":"category","embeddable":true,"href":"https:\/\/blogs.diariovasco.com\/apartirdelos50\/wp-json\/wp\/v2\/categories?post=2607"},{"taxonomy":"post_tag","embeddable":true,"href":"https:\/\/blogs.diariovasco.com\/apartirdelos50\/wp-json\/wp\/v2\/tags?post=2607"}],"curies":[{"name":"wp","href":"https:\/\/api.w.org\/{rel}","templated":true}]}}