{"id":2609,"date":"2014-06-12T23:02:38","date_gmt":"2014-06-12T22:02:38","guid":{"rendered":"http:\/\/blogs.diariovasco.com\/apartirdelos50\/?p=2609"},"modified":"2014-06-12T23:02:38","modified_gmt":"2014-06-12T22:02:38","slug":"y-si-me-compro-un-burkini","status":"publish","type":"post","link":"https:\/\/blogs.diariovasco.com\/apartirdelos50\/2014\/06\/12\/y-si-me-compro-un-burkini\/","title":{"rendered":"\u00bfY si me compro un &#8220;burkini&#8221;?"},"content":{"rendered":"<p><span style=\"font-size: large;\"><strong><img loading=\"lazy\" class=\"aligncenter\" src=\"\/\/aloriel.turismogoogle.net\/uploads\/2007\/06\/Burkini230607MOS_468x810.jpg\" alt=\"\" width=\"468\" height=\"810\" \/><br \/>\n<\/strong><\/span><\/p>\n<p>&nbsp;<\/p>\n<p><strong style=\"font-size: large;\">Al hilo de pol\u00e9micas veraniegas sobre c\u00f3mo hay que ba\u00f1arse en las piscinas p\u00fablicas o en las playas se me est\u00e1 ocurriendo que, igual, vaya usted a saber si, el dichoso \u201cba\u00f1ador de cuello cisne con txapela incluida\u201d imperativo en las mujeres del Islam que quieren gozar de la sana alegr\u00eda de retozar entre las aguas, no ser\u00e1 la soluci\u00f3n que tantas \u201cinfieles\u201d como yo estamos necesitando para que no nos abrase el astro rey.<\/strong><\/p>\n<p><strong style=\"font-size: large;\">Y me explico.<\/strong><\/p>\n<p><strong style=\"font-size: large;\">Como cada mes de Junio, cuando me desplazo a \u201cmi otro mar\u201d para darle a mi \u00e1nimo y a mi cuerpo un buen cambio de aires, me enfrento de cara y sin remedio al hecho de que mi piel, mi suave y preciosa piel, (no tengo abuela) no resiste la acci\u00f3n abrasiva de los rayos del sol por peque\u00f1a que sea la exposici\u00f3n a los mismos. As\u00ed que no me queda otro remedio que pringarme con cremas protectoras de nueva generaci\u00f3n si no quiero volver a hacer cola en las consultas del Oncol\u00f3gico.<\/strong><\/p>\n<p><strong style=\"font-size: large;\">Es esta una cuesti\u00f3n de la que no es consciente la poblaci\u00f3n femenina en general y la masculina en particular, por aquello de \u201ca m\u00ed no me des pringues\u201d o cualquier otra excusa tra\u00edda por los pelos. Y no es que las mujeres seamos m\u00e1s prudentes en este tema puesto que, mucho me temo, por conseguir un buen bronceado se cometen los mayores desatinos d\u00e9rmicos que, como no puede ser de otra manera, luego se pagan a un alt\u00edsimo precio con el nombre de queratosis, precarcinomas y melanomas varios. Mi onc\u00f3loga favorita siempre me recuerda que \u201csi no se muriera por otros motivos antes, la poblaci\u00f3n occidental fallecer\u00eda toda ella de c\u00e1ncer de piel\u201d, pero los accidentes de tr\u00e1fico, los accidentes cardiovasculares y un amplio abanico de dolencias le han tomado la delantera a este tipo de c\u00e1ncer que se desarrolla inevitablemente en el campo de cultivo de las largas exposiciones al sol\u2026para estar guapos.<\/strong><\/p>\n<p><strong style=\"font-size: large;\">As\u00ed las cosas no me queda otro remedio que ir a la playa bien tapadita, con mi pamela de rafia, la t\u00fanica de manga larga e incluso unos leggins para rematar el conjunto: un cromo en toda regla, vamos. Pero a m\u00ed me da igual porque mi piel la quiero mucho y necesito que me dure unos cuantos lustros m\u00e1s.<\/strong><\/p>\n<p><strong style=\"font-size: large;\">Pero con esto del \u201cburkini\u201d se me ha ocurrido que igual es la soluci\u00f3n a estos inconvenientes de vestuario, que es un \u201ctres en uno\u201d que me lo tapar\u00eda todo de golpe en vez de tener que estar disfraz\u00e1ndome por partes.<\/strong><\/p>\n<p><strong style=\"font-size: large;\">\u00bfMe tirar\u00e1n piedras en la playa de delante de mi casa si salgo a pasear por la arena de aquesta guisa? \u00bfMe se\u00f1alar\u00e1n con el dedo los ni\u00f1os rusos y ucranianos que veranean con sus pap\u00e1s en los hoteles de todo incluido que bordean el paseo mar\u00edtimo? \u00bfSe burlar\u00e1n de m\u00ed mis amigos de Facebook? \u00bfSaldr\u00e9 en la portada de alg\u00fan peri\u00f3dico local?<\/strong><\/p>\n<p><strong style=\"font-size: large;\">Todas estas tribulaciones \u2013y unas cuantas m\u00e1s- se me agolpan en la tarde mientras degusto mi t\u00e9 con bergamota e intento decidirme si ir al mercadillo y comprarme uno, que me han dicho que los hay de colores fosforitos muy aparentes y chulis.<\/strong><\/p>\n<p><strong style=\"font-size: large;\">Aunque, la verdad sea dicha, todav\u00eda me importa un poco lo que piensen los dem\u00e1s de mi persona sobre todo si despu\u00e9s de una existencia bastante agn\u00f3stica alguien se cree que me he convertido a otra religi\u00f3n para aprovecharme de sus atav\u00edos en cuesti\u00f3n de ropa de ba\u00f1o. Me lo voy a pensar un poco m\u00e1s\u2026<\/strong><\/p>\n<p><strong style=\"font-size: large;\">En fin.<\/strong><\/p>\n<p><strong style=\"font-size: large;\">LaAlquimista<\/strong><\/p>\n<p><strong style=\"font-size: large;\">Por si alguien desea contactar:<\/strong><\/p>\n<p>apartirdeloscincuenta@gmail.com<\/p>\n<p>&nbsp;<\/p>\n<p>&nbsp;<\/p>\n<!-- AddThis Advanced Settings generic via filter on the_content --><!-- AddThis Share Buttons generic via filter on the_content -->","protected":false},"excerpt":{"rendered":"<p>&nbsp; Al hilo de pol\u00e9micas veraniegas sobre c\u00f3mo hay que ba\u00f1arse en las piscinas p\u00fablicas o en las playas se me est\u00e1 ocurriendo que, igual, vaya usted a saber si, el dichoso \u201cba\u00f1ador de cuello cisne con txapela incluida\u201d imperativo en las mujeres del Islam que quieren gozar de la sana alegr\u00eda de retozar entre [&hellip;]<!-- AddThis Advanced Settings generic via filter on get_the_excerpt --><!-- AddThis Share Buttons generic via filter on get_the_excerpt --><\/p>\n","protected":false},"author":34,"featured_media":0,"comment_status":"open","ping_status":"closed","sticky":false,"template":"","format":"standard","meta":[],"categories":[3],"tags":[],"_links":{"self":[{"href":"https:\/\/blogs.diariovasco.com\/apartirdelos50\/wp-json\/wp\/v2\/posts\/2609"}],"collection":[{"href":"https:\/\/blogs.diariovasco.com\/apartirdelos50\/wp-json\/wp\/v2\/posts"}],"about":[{"href":"https:\/\/blogs.diariovasco.com\/apartirdelos50\/wp-json\/wp\/v2\/types\/post"}],"author":[{"embeddable":true,"href":"https:\/\/blogs.diariovasco.com\/apartirdelos50\/wp-json\/wp\/v2\/users\/34"}],"replies":[{"embeddable":true,"href":"https:\/\/blogs.diariovasco.com\/apartirdelos50\/wp-json\/wp\/v2\/comments?post=2609"}],"version-history":[{"count":0,"href":"https:\/\/blogs.diariovasco.com\/apartirdelos50\/wp-json\/wp\/v2\/posts\/2609\/revisions"}],"wp:attachment":[{"href":"https:\/\/blogs.diariovasco.com\/apartirdelos50\/wp-json\/wp\/v2\/media?parent=2609"}],"wp:term":[{"taxonomy":"category","embeddable":true,"href":"https:\/\/blogs.diariovasco.com\/apartirdelos50\/wp-json\/wp\/v2\/categories?post=2609"},{"taxonomy":"post_tag","embeddable":true,"href":"https:\/\/blogs.diariovasco.com\/apartirdelos50\/wp-json\/wp\/v2\/tags?post=2609"}],"curies":[{"name":"wp","href":"https:\/\/api.w.org\/{rel}","templated":true}]}}