{"id":2612,"date":"2014-06-17T19:42:12","date_gmt":"2014-06-17T18:42:12","guid":{"rendered":"http:\/\/blogs.diariovasco.com\/apartirdelos50\/?p=2612"},"modified":"2014-06-17T19:42:12","modified_gmt":"2014-06-17T18:42:12","slug":"hasta-donde-yo-se","status":"publish","type":"post","link":"https:\/\/blogs.diariovasco.com\/apartirdelos50\/2014\/06\/17\/hasta-donde-yo-se\/","title":{"rendered":"Hasta donde yo s\u00e9&#8230;"},"content":{"rendered":"<p><span style=\"font-size: large;\"><strong>\u00a0<a href=\"\/apartirdelos50\/wp-content\/uploads\/sites\/19\/2014\/06\/La-vie-est-belle.jpg\"><img loading=\"lazy\" class=\"aligncenter size-full wp-image-2613\" title=\"La vie est belle\" src=\"\/apartirdelos50\/wp-content\/uploads\/sites\/19\/2014\/06\/La-vie-est-belle.jpg\" alt=\"\" width=\"490\" height=\"653\" srcset=\"https:\/\/static-blogs.diariovasco.com\/wp-content\/uploads\/sites\/19\/2014\/06\/La-vie-est-belle.jpg 490w, https:\/\/static-blogs.diariovasco.com\/wp-content\/uploads\/sites\/19\/2014\/06\/La-vie-est-belle-225x300.jpg 225w\" sizes=\"(max-width: 490px) 100vw, 490px\" \/><\/a><\/strong><\/span><\/p>\n<p><span style=\"font-size: large;\"><strong>Hasta donde yo s\u00e9, amar significa querer el bien de la persona amada, no el propio inter\u00e9s y si quieren seguirnos que nos sigan y si no pues ya nos encontraremos en alg\u00fan recodo del camino\u2026<\/strong><\/span><\/p>\n<p><span style=\"font-size: large;\"><strong>Hasta donde yo s\u00e9, amar es alegrarse del desarrollo del otro, acompa\u00f1ar sus retos y sus logros, animarle en el trabajo, ayudarle a recoger la cosecha\u2026<\/strong><\/span><\/p>\n<p><span style=\"font-size: large;\"><strong>Hasta donde yo s\u00e9, amar es elegir un camino compartido llevando cada uno su mochila y bebiendo del mismo manantial\u2026<\/strong><\/span><\/p>\n<p><span style=\"font-size: large;\"><strong>Y hasta donde yo s\u00e9, amar es cuidar de la persona amada, resta\u00f1ar sus heridas cuando se le empa\u00f1a la alegr\u00eda y acompa\u00f1arle en la b\u00fasqueda de lo perdido.<\/strong><\/span><\/p>\n<p><span style=\"font-size: large;\"><strong>Pero esto que yo s\u00e9 \u2013o que siento firmemente en mi interior- en muy contadas ocasiones salta al otro lado del espejo para conformar una realidad m\u00e1s all\u00e1 de lo cotidiano, pocas veces supera el barranco de la rutina, olvida el aburrimiento y configura una imagen del amor, del acto de amar, del concepto en s\u00ed mismo, que sea digno de ser tenido en cuenta como ejemplo a seguir o como deseo a conseguir.<\/strong><\/span><\/p>\n<p><span style=\"font-size: large;\"><strong>Porque, hasta donde yo s\u00e9, hay parejas que viven en una continua lucha, echando un pulso a ver qui\u00e9n gana; y esa ef\u00edmera satisfacci\u00f3n de \u201caplastar\u201d al otro se va acumulando d\u00eda a d\u00eda, hasta convertirse en algo parecido a algo muy feo.<\/strong><\/span><\/p>\n<p><span style=\"font-size: large;\"><strong>Tambi\u00e9n, hasta donde yo s\u00e9, me ha tocado vislumbrar un supuesto amor que consiste en tener bien delineada la conducta a seguir, el reto cotidiano, de una manera personal e intransferible; es decir, sin contar con el otro en absoluto, como no sea para satisfacerse en \u00e9l en lo menos emocionante de la aventura de vivir y en menesteres tan poco edificantes como aprovechar el cobijo, el sustento y el lecho para dormir.<\/strong><\/span><\/p>\n<p><span style=\"font-size: large;\"><strong>Hasta donde yo s\u00e9, desgraciadamente, uno puede seguir sintiendo que ama a alguien y equivocarse porque \u00fanicamente lo necesita. Y eso no es amor, sino apego o inter\u00e9s.<\/strong><\/span><\/p>\n<p><span style=\"font-size: large;\"><strong>Hasta donde yo s\u00e9 el amor lo siento en mi interior de una forma poco valorada socialmente. En un tiempo y un lugar donde predomina el sentido de \u201clo propio\u201d, los apegos y posesiones extienden sus tent\u00e1culos y se agarran a donde pueden. En un tiempo, nuestro tiempo, donde amar est\u00e1 pasado de moda y lo que impera es la comodidad en pareja o la comodidad individual, pero comodidad al fin y al cabo, siento que dif\u00edcilmente volver\u00e9 a vivir el amor como quiero vivirlo.<\/strong><\/span><\/p>\n<p><span style=\"font-size: large;\"><strong>Pero lo que yo s\u00e9 no es definitivo y dejo abierta mi puerta a la esperanza de hallar a alguien que sienta como yo y que, adem\u00e1s de sentirlo, viva en coherencia con su pensamiento.<\/strong><\/span><\/p>\n<p><span style=\"font-size: large;\"><strong>Mientras tanto sigo observando el amor\u2026desde lejos y reflexionando en un silencio que luego comparto deseando que siga en vigor aquello de que \u201cla excepci\u00f3n confirma la regla\u201d.<\/strong><\/span><\/p>\n<p><span style=\"font-size: large;\"><strong>Hasta donde yo s\u00e9&#8230; La vie est belle!<\/strong><\/span><\/p>\n<p><span style=\"font-size: large;\"><strong>LaAlquimista<\/strong><\/span><\/p>\n<p><span style=\"font-size: large;\"><strong>Por si alguien desea contactar:<\/strong><\/span><\/p>\n<p><span style=\"font-size: large;\"><strong>\u00a0apartirdeloscincuenta@gmail.com<\/strong><\/span><\/p>\n<p>&nbsp;<\/p>\n<!-- AddThis Advanced Settings generic via filter on the_content --><!-- AddThis Share Buttons generic via filter on the_content -->","protected":false},"excerpt":{"rendered":"<p>\u00a0 Hasta donde yo s\u00e9, amar significa querer el bien de la persona amada, no el propio inter\u00e9s y si quieren seguirnos que nos sigan y si no pues ya nos encontraremos en alg\u00fan recodo del camino\u2026 Hasta donde yo s\u00e9, amar es alegrarse del desarrollo del otro, acompa\u00f1ar sus retos y sus logros, animarle [&hellip;]<!-- AddThis Advanced Settings generic via filter on get_the_excerpt --><!-- AddThis Share Buttons generic via filter on get_the_excerpt --><\/p>\n","protected":false},"author":34,"featured_media":0,"comment_status":"open","ping_status":"closed","sticky":false,"template":"","format":"standard","meta":[],"categories":[3],"tags":[],"_links":{"self":[{"href":"https:\/\/blogs.diariovasco.com\/apartirdelos50\/wp-json\/wp\/v2\/posts\/2612"}],"collection":[{"href":"https:\/\/blogs.diariovasco.com\/apartirdelos50\/wp-json\/wp\/v2\/posts"}],"about":[{"href":"https:\/\/blogs.diariovasco.com\/apartirdelos50\/wp-json\/wp\/v2\/types\/post"}],"author":[{"embeddable":true,"href":"https:\/\/blogs.diariovasco.com\/apartirdelos50\/wp-json\/wp\/v2\/users\/34"}],"replies":[{"embeddable":true,"href":"https:\/\/blogs.diariovasco.com\/apartirdelos50\/wp-json\/wp\/v2\/comments?post=2612"}],"version-history":[{"count":0,"href":"https:\/\/blogs.diariovasco.com\/apartirdelos50\/wp-json\/wp\/v2\/posts\/2612\/revisions"}],"wp:attachment":[{"href":"https:\/\/blogs.diariovasco.com\/apartirdelos50\/wp-json\/wp\/v2\/media?parent=2612"}],"wp:term":[{"taxonomy":"category","embeddable":true,"href":"https:\/\/blogs.diariovasco.com\/apartirdelos50\/wp-json\/wp\/v2\/categories?post=2612"},{"taxonomy":"post_tag","embeddable":true,"href":"https:\/\/blogs.diariovasco.com\/apartirdelos50\/wp-json\/wp\/v2\/tags?post=2612"}],"curies":[{"name":"wp","href":"https:\/\/api.w.org\/{rel}","templated":true}]}}