{"id":2615,"date":"2014-06-21T19:37:25","date_gmt":"2014-06-21T18:37:25","guid":{"rendered":"http:\/\/blogs.diariovasco.com\/apartirdelos50\/?p=2615"},"modified":"2014-06-21T19:37:25","modified_gmt":"2014-06-21T18:37:25","slug":"libros-para-el-veranito","status":"publish","type":"post","link":"https:\/\/blogs.diariovasco.com\/apartirdelos50\/2014\/06\/21\/libros-para-el-veranito\/","title":{"rendered":"Libros para el veranito&#8230;"},"content":{"rendered":"<p><span style=\"font-size: 13px;\"><img loading=\"lazy\" class=\"aligncenter\" src=\"\/\/2.bp.blogspot.com\/-TvPK4bXpXVE\/UdCn1tmXb0I\/AAAAAAAALRU\/wD5hXaL4DKo\/s400\/summer-book-christopher-elwell-and-amanda-haselock.jpg\" alt=\"\" width=\"400\" height=\"289\" \/>\u00a0<\/span><\/p>\n<p><span style=\"font-size: large;\"><strong>He le\u00eddo poco en los \u00faltimos meses. Entre hacer y deshacer maletas he dedicado el tiempo a vivir en presente de indicativo, sin futuros ni condicionales; vamos, que cuando viajo no leo m\u00e1s que las gu\u00edas de viaje y eso no cuenta.<\/strong><\/span><\/p>\n<p><span style=\"font-size: large;\"><strong>No obstante comparto mis lecturas \u2013como cada tres meses, al cambio de estaci\u00f3n- con el deseo de motivar un poco a quienes sienten que est\u00e1n demasiado cansados al final del d\u00eda para leer\u2026 La lectura no es una \u201cpastilla para dormir\u201d sino un billete abierto hacia cualquier imaginaci\u00f3n posible; no lo desperdiciemos.<\/strong><\/span><\/p>\n<p><span style=\"font-size: large;\"><strong>&#8212;&#8212;&#8212;&#8212;&#8212;&#8212;&#8212;&#8212;&#8212;&#8212;&#8212;&#8212;&#8212;&#8212;&#8212;&#8212;&#8212;&#8212;&#8212;&#8212;&#8212;&#8212;&#8212;&#8212;&#8212;<\/strong><\/span><\/p>\n<p><span style=\"font-size: large;\"><strong><em>Lecturas livianas: (para pasar el rato y sin que inviten a la reflexi\u00f3n profunda) Aqu\u00ed tambi\u00e9n se incluyen los \u201cfiascos\u201d literarios con los que he tenido que pelear. (Ver puntuaci\u00f3n)<\/em><\/strong><\/span><\/p>\n<p><span style=\"font-size: large;\"><strong><em><span style=\"text-decoration: underline;\">\u201cEl guardi\u00e1n invisible\u201d<\/span><\/em> de Dolores Redondo.\u00a0 El hit editorial del momento. Como amante de la novela negra tengo que constatar que me abdujo su lectura si\u00e9ndome imposible soltar el libro en un fin de semana con mucha lluvia. Muy bueno. La autora, en persona, absolutamente sencilla, cercana y simpatiqu\u00edsima.\u00a0\u00a0\u00a0\u00a0\u00a0\u00a0\u00a0\u00a0\u00a0\u00a0\u00a0\u00a0\u00a0\u00a0\u00a0\u00a0\u00a0 8\/10<\/strong><\/span><\/p>\n<p><span style=\"font-size: large;\"><strong><em><span style=\"text-decoration: underline;\">\u201cLegado en los huesos\u201d<\/span><\/em> de Dolores Redondo.\u00a0 Una trama inusual en la novela negra, con ra\u00edces vascas. Mi adorado Bazt\u00e1n con protagonista femenina (Amaya Salazar). Un lujo de libro. (Me lo he comprado, nada de tomarlo prestado de la biblioteca) Rechinando los dientes hasta que complete la trilog\u00eda en Noviembre.\u00a0\u00a0\u00a0\u00a0\u00a0\u00a0\u00a0\u00a0\u00a0\u00a0\u00a0\u00a0\u00a0 8\/10<\/strong><\/span><strong style=\"font-size: large;\">\u00a0 \u00a0 \u00a0 \u00a0 \u00a0 \u00a0 \u00a0 \u00a0 \u00a0 \u00a0 \u00a0 \u00a0 \u00a0 \u00a0 \u00a0 \u00a0 \u00a0 \u00a0 \u00a0 \u00a0 \u00a0 \u00a0 \u00a0 &#8211; \u00a0 \u00a0 \u00a0 \u00a0 \u00a0 \u00a0 \u00a0 \u00a0 \u00a0 \u00a0 \u00a0 \u00a0 \u00a0 \u00a0 \u00a0 \u00a0 \u00a0 \u00a0 \u00a0 \u00a0 \u00a0\u00a0<\/strong><\/p>\n<p><span style=\"font-size: large;\"><strong><em><span style=\"text-decoration: underline;\">\u201cGATACA\u201d<\/span><\/em> de Franck Thilliez. Nuevo descubrimiento en novela negra. Me gustan mucho las \u201csagas de polic\u00edas\u201d donde el lector se puede familiarizar con los personajes. \u00bfO es al rev\u00e9s? 650 p\u00e1ginas de un tir\u00f3n. Otro fin de semana lluvioso\u2026 Ideal tambi\u00e9n para vacacionar.\u00a0\u00a0\u00a0\u00a0\u00a0\u00a0\u00a0\u00a0\u00a0\u00a0\u00a0\u00a0\u00a0\u00a0\u00a0\u00a0\u00a0\u00a0\u00a0\u00a0\u00a0\u00a0\u00a0\u00a0\u00a0\u00a0\u00a0\u00a0\u00a0\u00a0\u00a0\u00a0\u00a0\u00a0\u00a0\u00a0 7\/10<\/strong><\/span><\/p>\n<p><span style=\"font-size: large;\"><strong><em><span style=\"text-decoration: underline;\">\u201cLa mestiza de Pizarro\u201d <\/span><\/em>\u00a0de Alvaro Vargas Llosa. Para \u201cambientarme\u201d en el viaje al Per\u00fa realizado en el mes de Abril, me tir\u00e9 de cabeza a diversas lecturas andinas. Adem\u00e1s de visionar pel\u00edculas sobre la desgracia que cay\u00f3 sobre el pueblo peruano de la mano de los iluminados de Sendero Luminoso\u2026 Historiquetas de amores inventados entre los esbirros invasores espa\u00f1oles y las hijas divinas de los Incas. Cultureta general por un tubo.\u00a0\u00a0\u00a0\u00a0\u00a0\u00a0\u00a0\u00a0\u00a0\u00a0\u00a0\u00a0\u00a0\u00a0 5\/10<\/strong><\/span><\/p>\n<p><span style=\"font-size: large;\"><strong><em><span style=\"text-decoration: underline;\">\u201cPudor\u201d<\/span><\/em> de Santiago Roncagliolo. Otro escritor peruano. Obrita simp\u00e1tica con personajes disparatados. Un autor prol\u00edfico que da una de cal y otra de arena.\u00a0\u00a0\u00a0\u00a0\u00a0\u00a0\u00a0\u00a0\u00a0\u00a0\u00a0\u00a0\u00a0\u00a0\u00a0\u00a0\u00a0\u00a0\u00a0\u00a0\u00a0\u00a0\u00a0 \u00a0 \u00a0\u00a0\u00a0\u00a0\u00a0\u00a0\u00a0\u00a0\u00a0\u00a0\u00a0\u00a0\u00a0\u00a0\u00a0\u00a0\u00a0\u00a0\u00a0\u00a0\u00a0\u00a0\u00a0 \u00a0\u00a0\u00a0\u00a0\u00a06\/10<\/strong><\/span><\/p>\n<p><span style=\"font-size: large;\"><strong><em>&#8212;&#8212;&#8212;&#8212;&#8212;&#8212;&#8212;&#8212;&#8212;&#8212;&#8212;&#8212;&#8212;&#8212;&#8212;&#8212;&#8212;&#8212;-<\/em><\/strong><\/span><\/p>\n<p><span style=\"font-size: large;\"><strong><em>Lecturas enjundiosas: (que ayudan a incrementar el acervo cultural a la vez que estimulan el intelecto)<\/em><\/strong><\/span><\/p>\n<p><span style=\"font-size: large;\"><strong><em><span style=\"text-decoration: underline;\">\u201cLa t\u00eda Julia y el escribidor\u201d <\/span><\/em>\u00a0de Mario Vargas Llosa. Relectura de un muy buen libro. Situ\u00e1ndome en las diversas zonas del Per\u00fa: Amazonas y la selva, Andes y las monta\u00f1as, Costa y Desierto. Paseo por los barrios de Lima (Miraflores, Barranco) y gusto por encontrar y disfrutar en persona lo descrito por el premio Nobel que, aunque est\u00e9 nacionalizado espa\u00f1ol, es peruano y bien peruano. De Arequipa aunque reneg\u00f3n.\u00a0 La historia de amor de Marito y su t\u00eda: un cl\u00e1sico.\u00a0\u00a0\u00a0\u00a0\u00a0\u00a0\u00a0\u00a0\u00a0\u00a0\u00a0\u00a0\u00a0\u00a0\u00a0\u00a0\u00a0\u00a0\u00a0\u00a0\u00a0\u00a0\u00a0\u00a0\u00a0\u00a0\u00a0\u00a0\u00a0\u00a0\u00a0\u00a0\u00a0\u00a0\u00a0\u00a0\u00a0\u00a0\u00a0\u00a0\u00a0\u00a0\u00a0\u00a0\u00a0\u00a0\u00a0\u00a0\u00a0\u00a0\u00a0\u00a0\u00a0\u00a0\u00a0\u00a0\u00a0\u00a0\u00a0\u00a0\u00a0\u00a0\u00a0 8\/10<\/strong><\/span><\/p>\n<p><span style=\"font-size: large;\"><strong><em><span style=\"text-decoration: underline;\">\u201cGu\u00e1rdame bajo tierra\u201d<\/span><\/em> de Ram\u00f3n Saizarbitoria. Compendio de varias de sus novelas cortas traducidas al castellano. \u201cLa guerra perdida del viejo gudari\u201d . \u201cLa obsesi\u00f3n de Rossetti\u201d \u2013 \u201cLa paternidad negada de Marcel Martin\u201d \u2013 \u201cDos corazones en una tumba\u201d \u2013 \u201cEl huerto de nuestros mayores\u201d. Trabajos literarios de alta calidad. El que m\u00e1s me ha impresionado ha sido \u201cDos corazones en una tumba\u201d, aunque todos son buen\u00edsimos. Un placer aut\u00e9ntico.\u00a0\u00a0\u00a0\u00a0\u00a0\u00a0\u00a0\u00a0\u00a0\u00a0\u00a0\u00a0\u00a0\u00a0\u00a0\u00a0\u00a0\u00a0 8\/10<\/strong><\/span><\/p>\n<p><span style=\"font-size: large;\"><strong><em><span style=\"text-decoration: underline;\">\u201cTous les chiens\u00a0 de ma vie\u201d<\/span><\/em> de Elizabeth von Arnim. Original\u00edsima autobiograf\u00eda de una mujer peculiar \u2013riqu\u00edsima y diletante- que cuenta su vida a trav\u00e9s de los perros que la acompa\u00f1aron. En franc\u00e9s traducido del ingl\u00e9s.\u00a0 Regalo de otra escritora. \u00a1Categor\u00eda!\u00a0<\/strong><\/span><strong style=\"font-size: large;\">\u00a0 \u00a0 \u00a0 \u00a0 \u00a07\/10<\/strong><\/p>\n<p><span style=\"font-size: large;\"><strong><em><span style=\"text-decoration: underline;\">\u00a0<\/span><\/em><\/strong><\/span><\/p>\n<p><span style=\"font-size: large;\"><strong>&#8212;&#8212;&#8212;&#8212;&#8212;&#8212;&#8212;&#8212;&#8212;&#8212;&#8212;&#8212;&#8212;&#8212;&#8212;&#8212;&#8212;&#8212;&#8212;&#8212;&#8212;&#8212;&#8212;&#8212;<\/strong><\/span><\/p>\n<p><span style=\"font-size: large;\"><strong><em>Lecturas con peso espec\u00edfico: (para sustraerles la sustancia a base de neuronas)<\/em><\/strong><\/span><\/p>\n<p><span style=\"font-size: large;\"><strong><em><span style=\"text-decoration: underline;\">\u201cLa senda del drago\u201d <\/span><\/em>\u00a0de Jos\u00e9 Luis Sanpedro. (Relectura) Un libro escrito cuando la invasi\u00f3n de Irak por parte de los \u201cdefensores de Occidente\u201d. Lo que ocurre en \u201cla nave de los locos\u201d llamada \u201cOccidente\u201d. Relato filos\u00f3fico y novelado de c\u00f3mo se justificaron masacres y otras hierbas. Con historia de amor \u2013poco cre\u00edble- de por medio.\u00a0\u00a0\u00a0\u00a0\u00a0\u00a0\u00a0\u00a0\u00a0\u00a0\u00a0\u00a0\u00a0\u00a0\u00a0\u00a0\u00a0\u00a0\u00a0\u00a0\u00a0\u00a0\u00a0\u00a0\u00a0\u00a0\u00a0\u00a0\u00a0\u00a0\u00a0\u00a0\u00a0\u00a0\u00a0\u00a0\u00a0\u00a0\u00a0\u00a0\u00a0\u00a0\u00a0\u00a0\u00a0\u00a0\u00a0\u00a0\u00a0\u00a0\u00a0\u00a0\u00a0\u00a0\u00a0\u00a0\u00a0\u00a0\u00a0\u00a0\u00a0\u00a0\u00a0\u00a0\u00a0\u00a0\u00a0\u00a0\u00a0\u00a0\u00a0\u00a0\u00a0\u00a0\u00a0\u00a0\u00a0\u00a0\u00a0 7\/10<\/strong><\/span><\/p>\n<p><span style=\"font-size: large;\"><strong><em><span style=\"text-decoration: underline;\">\u201cGracias pap\u00e1, gracias mam\u00e1\u201d <\/span><\/em>\u00a0de Juan Olimpio di Laura. Este se\u00f1or ha sido uno de mis grandes descubrimientos en el Per\u00fa. Le dicen \u201cchaman\u201d y le dicen bien. Pero adem\u00e1s es muchas otras cosas\u2026Un libro sencillo y profundo a la vez sobre la importancia del amor de los padres hacia los hijos. Un manual de \u201ceducar en el AMOR\u201d y\u2026\u00a1cu\u00e1nta falta nos sigue haciendo algo as\u00ed!\u00a0\u00a0\u00a0\u00a0\u00a0\u00a0\u00a0\u00a0\u00a0\u00a0\u00a0\u00a0\u00a0 8\/10<\/strong><\/span><\/p>\n<p><span style=\"font-size: large;\"><strong><em><span style=\"text-decoration: underline;\">\u201cCultiva tu talento literario\u201d<\/span><\/em>\u00a0de Thaisa Franck y Dorothy Wall. Una especie de manual para \u201caprender\u201d a escribir. Si yo diera un curso de creaci\u00f3n literaria me servir\u00eda de soporte para ense\u00f1ar a los alumnos y me ganar\u00eda muy bien el sueldo. Sin chispa alguna, pero correcto y academicista.\u00a0\u00a0\u00a0\u00a0\u00a0\u00a0\u00a0\u00a0\u00a0\u00a0\u00a0\u00a0\u00a0\u00a0\u00a0\u00a0\u00a0\u00a0\u00a0\u00a0\u00a0\u00a0\u00a0\u00a0\u00a0\u00a0\u00a0\u00a0\u00a0\u00a0\u00a0\u00a0\u00a0\u00a0\u00a0\u00a0\u00a0\u00a0\u00a0\u00a0\u00a0\u00a0\u00a0\u00a0\u00a0\u00a0\u00a0\u00a0\u00a0\u00a0\u00a0\u00a0\u00a0\u00a0\u00a0\u00a0 6\/10<\/strong><\/span><span style=\"font-size: 13px;\">\u00a0<\/span><\/p>\n<p><span style=\"font-size: large;\"><strong>LaAlquimista<\/strong><\/span><\/p>\n<p><span style=\"font-size: large;\"><strong><em>Por si alguien desea contactar:<\/em><\/strong><\/span><\/p>\n<p><span style=\"font-size: large;\"><strong><a href=\"mailto:apartirdeloscincuenta@gmail.com\">apartirdeloscincuenta@gmail.com<\/a><\/strong><\/span><\/p>\n<p>&nbsp;<\/p>\n<p><span style=\"font-size: large;\"><strong><em>* La puntuaci\u00f3n es fruto de una opini\u00f3n personal que no tiene m\u00e1s valor que el que uno le quiera dar\u2026<\/em><\/strong><\/span><\/p>\n<!-- AddThis Advanced Settings generic via filter on the_content --><!-- AddThis Share Buttons generic via filter on the_content -->","protected":false},"excerpt":{"rendered":"<p>\u00a0 He le\u00eddo poco en los \u00faltimos meses. Entre hacer y deshacer maletas he dedicado el tiempo a vivir en presente de indicativo, sin futuros ni condicionales; vamos, que cuando viajo no leo m\u00e1s que las gu\u00edas de viaje y eso no cuenta. No obstante comparto mis lecturas \u2013como cada tres meses, al cambio de [&hellip;]<!-- AddThis Advanced Settings generic via filter on get_the_excerpt --><!-- AddThis Share Buttons generic via filter on get_the_excerpt --><\/p>\n","protected":false},"author":34,"featured_media":0,"comment_status":"open","ping_status":"closed","sticky":false,"template":"","format":"standard","meta":[],"categories":[3],"tags":[],"_links":{"self":[{"href":"https:\/\/blogs.diariovasco.com\/apartirdelos50\/wp-json\/wp\/v2\/posts\/2615"}],"collection":[{"href":"https:\/\/blogs.diariovasco.com\/apartirdelos50\/wp-json\/wp\/v2\/posts"}],"about":[{"href":"https:\/\/blogs.diariovasco.com\/apartirdelos50\/wp-json\/wp\/v2\/types\/post"}],"author":[{"embeddable":true,"href":"https:\/\/blogs.diariovasco.com\/apartirdelos50\/wp-json\/wp\/v2\/users\/34"}],"replies":[{"embeddable":true,"href":"https:\/\/blogs.diariovasco.com\/apartirdelos50\/wp-json\/wp\/v2\/comments?post=2615"}],"version-history":[{"count":0,"href":"https:\/\/blogs.diariovasco.com\/apartirdelos50\/wp-json\/wp\/v2\/posts\/2615\/revisions"}],"wp:attachment":[{"href":"https:\/\/blogs.diariovasco.com\/apartirdelos50\/wp-json\/wp\/v2\/media?parent=2615"}],"wp:term":[{"taxonomy":"category","embeddable":true,"href":"https:\/\/blogs.diariovasco.com\/apartirdelos50\/wp-json\/wp\/v2\/categories?post=2615"},{"taxonomy":"post_tag","embeddable":true,"href":"https:\/\/blogs.diariovasco.com\/apartirdelos50\/wp-json\/wp\/v2\/tags?post=2615"}],"curies":[{"name":"wp","href":"https:\/\/api.w.org\/{rel}","templated":true}]}}