{"id":2618,"date":"2014-06-26T12:59:13","date_gmt":"2014-06-26T11:59:13","guid":{"rendered":"http:\/\/blogs.diariovasco.com\/apartirdelos50\/?p=2618"},"modified":"2014-06-26T12:59:13","modified_gmt":"2014-06-26T11:59:13","slug":"memoria-pez","status":"publish","type":"post","link":"https:\/\/blogs.diariovasco.com\/apartirdelos50\/2014\/06\/26\/memoria-pez\/","title":{"rendered":"&#8220;Memoria pez&#8221;"},"content":{"rendered":"<p><span style=\"font-size: large;\"><strong>\u00a0\u00a0<img loading=\"lazy\" class=\"aligncenter\" src=\"\/\/2.bp.blogspot.com\/-ff3KIayApts\/T8eIZzWKBTI\/AAAAAAAABIM\/JJRkh8LF5lg\/s640\/memoriapezcopyrightana&#038;R.jpg\" alt=\"\" width=\"494\" height=\"640\" \/><\/strong><\/span><strong style=\"font-size: large;\">\u00a0<\/strong><\/p>\n<p><span style=\"font-size: large;\"><strong>La tarde se balancea lentamente sobre las ramas de los \u00e1rboles; o sobre las yemas de mis dedos tecleando. Viene del mar una brisa que se hace notar, como esas moscas de comienzo del verano, que todav\u00eda no molestan porque son el anuncio de un tiempo que se intuye mejor aunque no se sepa bien si hay algo por mejorar o quiz\u00e1s convenga olvidar.<\/strong><\/span><\/p>\n<p><span style=\"font-size: large;\"><strong>Estoy en mi paisaje de todos los solsticios de verano desde hace veinticuatro a\u00f1os. Por costumbre o por un im\u00e1n inefable vengo a este otro mar a desabrocharme la piel del invierno e inventar un nuevo tiempo, cada mes de junio, que es igual a todos los anteriores aunque yo me invente diferencias; acaso la \u00fanica diferente sea yo misma.<\/strong><\/span><\/p>\n<p><span style=\"font-size: large;\"><strong>De a\u00f1o en a\u00f1o los \u00e1rboles han ido creciendo; trepan algunos hasta la terraza y conforman un nuevo paisaje a fuerza de levantar sus ramas un poquito m\u00e1s cada vez; se yerguen seguros de s\u00ed mismos, como si supieran que es hacia el cielo hacia donde tienen que apuntar su esfuerzo, como si no les esperase a ellos tambi\u00e9n un rayo, un viento asesino, un azar para no ser por m\u00e1s tiempo lo que estaban llamados a ser.<\/strong><\/span><\/p>\n<p><span style=\"font-size: large;\"><strong>Esta tierra me acoge sin exigirme se\u00f1as de identidad; no tengo que hablar otro idioma que el de mi coraz\u00f3n ni mostrar un discurso que no sea el m\u00edo. El cielo que me da techo es el mismo cielo que pinta mis inviernos de otros tonos: grises como la antracita o desva\u00eddos de azules, fiel reflejo de mi \u00e1nimo, de mis sue\u00f1os, de mi trabajo interior cuando mi interior decide trabajar\u2026<\/strong><\/span><\/p>\n<p><span style=\"font-size: large;\"><strong>La tarde se desliza parsimoniosa sobre mi piel que ama el calor y busca acomodo en un recuerdo amoroso que se resiste a aparecer por m\u00e1s que lo invito.<\/strong><\/span><\/p>\n<p><span style=\"font-size: large;\"><strong>Es la &#8220;memoria pez&#8221;\u00a0\u00a0que me llega de improviso para ayudarme a no ser infeliz.<\/strong><\/span><\/p>\n<p><span style=\"font-size: large;\"><strong>Acepto y permito, busco y deseo el olvido de las peque\u00f1as y grandes angustias que han acompa\u00f1ado la primavera, el verano de mi vida\u2026 Empujo al precipicio del olvido todo aquello que en alg\u00fan momento pasado me resquebraj\u00f3 el alma y me embadurn\u00f3 el coraz\u00f3n de hiel\u2026 En mi nuevo oto\u00f1o, ahora que lleg\u00f3 el verano, ans\u00edo abrir las compuertas por las que se deslizar\u00e1n \u2013de ahora en adelante- los nombres que ya de nada sirve recordar, las fechas infaustas, los rostros difuminados, las caricias que alguna vez ardieron de pasi\u00f3n antes de quemar como latigazos.<\/strong><\/span><\/p>\n<p><span style=\"font-size: large;\"><strong>Todo, absolutamente todo lo que no necesito en este momento para ser feliz quiero que se me vaya olvidando. Aunque luego no me acuerde de qui\u00e9n escribi\u00f3 \u201cDublineses\u201d o c\u00f3mo se llamaba el maravilloso cuadro que hizo famoso a Courbet. Olvidar\u00e9 el nombre de una ciudad africana por donde pase\u00e9 mis pasos \u00e1giles y el nombre de quien estuvo a mi lado arrastrando su paso cansado.<\/strong><\/span><\/p>\n<p><span style=\"font-size: large;\"><strong>Me apunto a tener &#8220;memoria pez&#8221;\u00a0\u00a0y arrojar al contenedor de los recuerdos todo aquello que me dio experiencia a la vez que dolor por haber comprendido que hoy, aqu\u00ed y ahora, no me sirve para nada esa supuesta sabidur\u00eda\u2026 Volver\u00e9 a equivocarme porque habr\u00e9 olvidado d\u00f3nde estaban las minas, pero tambi\u00e9n volver\u00e9 a ser feliz porque habr\u00e9 apartado de mi coraz\u00f3n la idea de que existen todav\u00eda, ocultas en alg\u00fan lugar oscuro\u2026olvidado para siempre.<\/strong><\/span><\/p>\n<p><span style=\"font-size: large;\"><strong>Quiz\u00e1s encuentre en esta tarde de junio a un paseante que no recuerde haber recorrido de mi mano una senda que fue dolorosa. Quiz\u00e1s tambi\u00e9n haya alguien m\u00e1s que disfrute viviendo con\u00a0<\/strong><\/span><\/p>\n<p><span style=\"font-size: large;\"><strong>&#8220;memoria pez&#8221;\u00a0\u00a0para ir construyendo la existencia, o lo que quede de ella, con peque\u00f1os y nuevos momentos por nacer, in\u00e9ditos en el recuerdo, plenos de esencia en un presente que, nunca lo olvido, significa \u201cregalo\u201d.<\/strong><\/span><\/p>\n<p><span style=\"font-size: large;\"><strong>Me da igual si en este trabajo olvido toda la cultureta que he aprovisionado durante tantos a\u00f1os; he decidido que no me sirve para mucho. En cualquier caso, no para ser feliz conmigo misma.<\/strong><\/span><\/p>\n<p><span style=\"font-size: large;\"><strong>Todav\u00eda puedo decidir qu\u00e9 quiero olvidar y qu\u00e9 no quiero recordar\u2026<\/strong><\/span><\/p>\n<p><span style=\"font-size: large;\"><strong>En fin.<\/strong><\/span><\/p>\n<p><span style=\"font-size: large;\"><strong>LaAlquimista<\/strong><\/span><\/p>\n<p><span style=\"font-size: large;\"><strong>Por si alguien desea contactar:<\/strong><\/span><\/p>\n<p><span style=\"font-size: large;\"><strong>apartirdeloscincuenta@gmail.com<\/strong><\/span><\/p>\n<p><span style=\"font-size: large;\"><strong>\u00a0<\/strong><\/span><\/p>\n<!-- AddThis Advanced Settings generic via filter on the_content --><!-- AddThis Share Buttons generic via filter on the_content -->","protected":false},"excerpt":{"rendered":"<p>\u00a0\u00a0\u00a0 La tarde se balancea lentamente sobre las ramas de los \u00e1rboles; o sobre las yemas de mis dedos tecleando. Viene del mar una brisa que se hace notar, como esas moscas de comienzo del verano, que todav\u00eda no molestan porque son el anuncio de un tiempo que se intuye mejor aunque no se sepa [&hellip;]<!-- AddThis Advanced Settings generic via filter on get_the_excerpt --><!-- AddThis Share Buttons generic via filter on get_the_excerpt --><\/p>\n","protected":false},"author":34,"featured_media":0,"comment_status":"open","ping_status":"closed","sticky":false,"template":"","format":"standard","meta":[],"categories":[3],"tags":[],"_links":{"self":[{"href":"https:\/\/blogs.diariovasco.com\/apartirdelos50\/wp-json\/wp\/v2\/posts\/2618"}],"collection":[{"href":"https:\/\/blogs.diariovasco.com\/apartirdelos50\/wp-json\/wp\/v2\/posts"}],"about":[{"href":"https:\/\/blogs.diariovasco.com\/apartirdelos50\/wp-json\/wp\/v2\/types\/post"}],"author":[{"embeddable":true,"href":"https:\/\/blogs.diariovasco.com\/apartirdelos50\/wp-json\/wp\/v2\/users\/34"}],"replies":[{"embeddable":true,"href":"https:\/\/blogs.diariovasco.com\/apartirdelos50\/wp-json\/wp\/v2\/comments?post=2618"}],"version-history":[{"count":0,"href":"https:\/\/blogs.diariovasco.com\/apartirdelos50\/wp-json\/wp\/v2\/posts\/2618\/revisions"}],"wp:attachment":[{"href":"https:\/\/blogs.diariovasco.com\/apartirdelos50\/wp-json\/wp\/v2\/media?parent=2618"}],"wp:term":[{"taxonomy":"category","embeddable":true,"href":"https:\/\/blogs.diariovasco.com\/apartirdelos50\/wp-json\/wp\/v2\/categories?post=2618"},{"taxonomy":"post_tag","embeddable":true,"href":"https:\/\/blogs.diariovasco.com\/apartirdelos50\/wp-json\/wp\/v2\/tags?post=2618"}],"curies":[{"name":"wp","href":"https:\/\/api.w.org\/{rel}","templated":true}]}}