{"id":2620,"date":"2014-06-24T10:47:28","date_gmt":"2014-06-24T09:47:28","guid":{"rendered":"http:\/\/blogs.diariovasco.com\/apartirdelos50\/?p=2620"},"modified":"2014-06-24T10:47:28","modified_gmt":"2014-06-24T09:47:28","slug":"el-dia-despues-de-la-fiesta","status":"publish","type":"post","link":"https:\/\/blogs.diariovasco.com\/apartirdelos50\/2014\/06\/24\/el-dia-despues-de-la-fiesta\/","title":{"rendered":"El d\u00eda despu\u00e9s de la fiesta"},"content":{"rendered":"<p>&nbsp;<\/p>\n<p><img loading=\"lazy\" class=\"aligncenter\" src=\"\/\/img856.imageshack.us\/img856\/2098\/hoguera.jpg\" alt=\"\" width=\"500\" height=\"375\" \/><\/p>\n<p><strong style=\"font-size: large;\">Lo que m\u00e1s me gusta de las fiestas populares es el d\u00eda despu\u00e9s. Esas ma\u00f1anas silenciosas en las que el territorio se divide en dos bandos: los que duermen despu\u00e9s de haber disfrutado y los que disfrutan despu\u00e9s de haber dormido. Los primeros porque tienen que reacondicionar el cuerpo despu\u00e9s de la juerga y el trasnoche y los segundos porque se hacen due\u00f1os indiscutibles de un espacio privado, ausente de ruidos, de bronca, de gente molesta\u2026<\/strong><\/p>\n<p><strong style=\"font-size: large;\">Ayer por la noche particip\u00e9 en la fiesta; la v\u00edspera de San Juan es algo importante en Catalu\u00f1a y, en vez de ir de an\u00e1rquica o rarita una vez m\u00e1s, nos fuimos a cenar a un restaurante a la orilla del mar una fideu\u00e1 (\u00a1c\u00f3mo me gusta ese plato de fideos tostados, enhiestos, ba\u00f1ados en el jugo de los pescados sazonados, con un punto de romesco aut\u00e9ntico, y decorado con cigalas, langostinos, calamar, almejas y mejillones!), bien regada y coronada por una crema catalana templada y caramelizada a soplete. En una noche as\u00ed, en este mi otro mar, o te encierras en un bunquer o te sumas a la fiesta, hay que aceptar las cosas como son, sigue siendo absurdo intentar cambiar una realidad de miles, qu\u00e9 digo miles, decenas de miles de personas, en grupos, en familia, en tribus y hasta en pareja, dedicados todos ellos a convertir en humo una buena cantidad de dinero (sin intervenci\u00f3n de ning\u00fan banco, cosa curiosa) a base de lanzar petardos, cohetes, bengalas y ramilletes m\u00e1s o menos vistosos de fuegos artificiales.<\/strong><\/p>\n<p><strong style=\"font-size: large;\">En nuestro chiringuito favorito suele haber buenos grupos que hacen bolos de verano y el de ayer, con est\u00e9tica heavy, anim\u00f3 al personal con \u00e9xitos de ayer y de siempre, sin salirse de Beatles, Stones, Police y versionando a cualquier grupo de m\u00e1s de hace treinta a\u00f1os. Entre la fiesta musical y los mojitos bien preparados y generosamente bautizados, la playa en la noche, las hogueras, la mar bailando al ritmo que le impon\u00edan, el tiempo se desliz\u00f3 liviano y la noche nos dio lo que nunca rechazamos: alegr\u00eda y bienestar en buena compa\u00f1\u00eda.<\/strong><\/p>\n<p><strong style=\"font-size: large;\">No hizo falta esta vez quemar nada en la hoguera porque el \u201ccurso\u201d ha sido fruct\u00edfero en aprendizajes y las r\u00e9moras se fueron quedando por el camino entre un oto\u00f1o con la piel cambiada, el invierno reflexivo y confortable y una primavera que nos ha florecido por dentro de la mejor manera imaginada. Ni quemamos nada, ni pedimos deseos: todo est\u00e1 bien como est\u00e1 y hay un orden que nos alcanza y al que recibimos con los brazos abiertos.<\/strong><\/p>\n<p><strong style=\"font-size: large;\">Pero esta ma\u00f1ana, despu\u00e9s de la fiesta, sorteando el marasmo de restos quemados, la playa me ha ofrecido una largu\u00edsima caminata en silencio, compartido \u00fanicamente con unos pocos caminantes que, como yo, disfrutaban de la ausencia de ruido\u2026 y ese tiempo fresco, limpio, descansado y consciente ha sido lo mejor de toda la fiesta.<\/strong><\/p>\n<p><strong style=\"font-size: large;\">Esta es la se\u00f1al inequ\u00edvoca de que estoy evolucionando \u2013un poco aunque sea- como persona: ahora soy capaz de disfrutar de todo lo que la vida pone a mi alcance, sin descartar nada, sin rechazar, sin oponerme, sin esa intolerancia de otrora en la que hab\u00eda que hacer \u00fanicamente lo que se supon\u00eda que era propio de la edad, del momento, de la situaci\u00f3n. Sin esa rigidez que veo en personas de mi edad que se ci\u00f1en \u00fanicamente a lo que dictan unas normas que ni siquiera ellos han ayudado a dictar. Me gusta la fiesta y me gusta el d\u00eda despu\u00e9s de la fiesta. As\u00ed todo est\u00e1 en orden\u2026<\/strong><\/p>\n<p><strong style=\"font-size: large;\">Quer\u00eda compartirlo. Y el que se queje del ruido de la fiesta que recuerde si alguna vez fue joven&#8230;<\/strong><\/p>\n<p><strong style=\"font-size: large;\">En fin.<\/strong><\/p>\n<p><strong style=\"font-size: large;\">LaAlquimista<\/strong><\/p>\n<p><strong style=\"font-size: large;\">Por si alguien desea contactar:<\/strong><\/p>\n<p><span style=\"font-size: large;\"><strong>apartirdeloscincuenta@gmail.com<\/strong><\/span><\/p>\n<!-- AddThis Advanced Settings generic via filter on the_content --><!-- AddThis Share Buttons generic via filter on the_content -->","protected":false},"excerpt":{"rendered":"<p>&nbsp; Lo que m\u00e1s me gusta de las fiestas populares es el d\u00eda despu\u00e9s. Esas ma\u00f1anas silenciosas en las que el territorio se divide en dos bandos: los que duermen despu\u00e9s de haber disfrutado y los que disfrutan despu\u00e9s de haber dormido. Los primeros porque tienen que reacondicionar el cuerpo despu\u00e9s de la juerga y [&hellip;]<!-- AddThis Advanced Settings generic via filter on get_the_excerpt --><!-- AddThis Share Buttons generic via filter on get_the_excerpt --><\/p>\n","protected":false},"author":34,"featured_media":0,"comment_status":"open","ping_status":"closed","sticky":false,"template":"","format":"standard","meta":[],"categories":[3],"tags":[],"_links":{"self":[{"href":"https:\/\/blogs.diariovasco.com\/apartirdelos50\/wp-json\/wp\/v2\/posts\/2620"}],"collection":[{"href":"https:\/\/blogs.diariovasco.com\/apartirdelos50\/wp-json\/wp\/v2\/posts"}],"about":[{"href":"https:\/\/blogs.diariovasco.com\/apartirdelos50\/wp-json\/wp\/v2\/types\/post"}],"author":[{"embeddable":true,"href":"https:\/\/blogs.diariovasco.com\/apartirdelos50\/wp-json\/wp\/v2\/users\/34"}],"replies":[{"embeddable":true,"href":"https:\/\/blogs.diariovasco.com\/apartirdelos50\/wp-json\/wp\/v2\/comments?post=2620"}],"version-history":[{"count":0,"href":"https:\/\/blogs.diariovasco.com\/apartirdelos50\/wp-json\/wp\/v2\/posts\/2620\/revisions"}],"wp:attachment":[{"href":"https:\/\/blogs.diariovasco.com\/apartirdelos50\/wp-json\/wp\/v2\/media?parent=2620"}],"wp:term":[{"taxonomy":"category","embeddable":true,"href":"https:\/\/blogs.diariovasco.com\/apartirdelos50\/wp-json\/wp\/v2\/categories?post=2620"},{"taxonomy":"post_tag","embeddable":true,"href":"https:\/\/blogs.diariovasco.com\/apartirdelos50\/wp-json\/wp\/v2\/tags?post=2620"}],"curies":[{"name":"wp","href":"https:\/\/api.w.org\/{rel}","templated":true}]}}