{"id":2624,"date":"2014-06-30T12:00:59","date_gmt":"2014-06-30T11:00:59","guid":{"rendered":"http:\/\/blogs.diariovasco.com\/apartirdelos50\/?p=2624"},"modified":"2014-06-30T12:00:59","modified_gmt":"2014-06-30T11:00:59","slug":"ser-feliz-engorda-un-monton","status":"publish","type":"post","link":"https:\/\/blogs.diariovasco.com\/apartirdelos50\/2014\/06\/30\/ser-feliz-engorda-un-monton\/","title":{"rendered":"Ser feliz engorda un mont\u00f3n"},"content":{"rendered":"<p><span style=\"font-size: 13px;\">\u00a0<a href=\"\/apartirdelos50\/wp-content\/uploads\/sites\/19\/2014\/06\/CECILIA-Y-EL-MAR-copia.jpg\"><img loading=\"lazy\" class=\"aligncenter size-full wp-image-2626\" title=\"CECILIA Y EL MAR - copia\" src=\"\/apartirdelos50\/wp-content\/uploads\/sites\/19\/2014\/06\/CECILIA-Y-EL-MAR-copia.jpg\" alt=\"\" width=\"635\" height=\"476\" srcset=\"https:\/\/static-blogs.diariovasco.com\/wp-content\/uploads\/sites\/19\/2014\/06\/CECILIA-Y-EL-MAR-copia.jpg 635w, https:\/\/static-blogs.diariovasco.com\/wp-content\/uploads\/sites\/19\/2014\/06\/CECILIA-Y-EL-MAR-copia-300x225.jpg 300w\" sizes=\"(max-width: 635px) 100vw, 635px\" \/><\/a><\/span><\/p>\n<p><span style=\"font-size: large;\"><strong>Vaya por delante que el t\u00edtulo del post de hoy lo he puesto en un impulso irrefrenable despu\u00e9s de salir de la ducha y mirarme al espejo mientras me secaba. Vamos, que me he visto \u201cgorda\u201d en comparaci\u00f3n a c\u00f3mo estaba hace unos pocos a\u00f1os.<\/strong><\/span><\/p>\n<p><span style=\"font-size: large;\"><strong>He sonre\u00eddo a la imagen que se reflejaba en el azogue, me he sonreido a m\u00ed misma con much\u00edsimo amor \u2013que es lo que me merezco siempre- y me he dicho en voz alta:\u00a0<\/strong><\/span><strong style=\"font-size: large;\">\u00a0&#8220;Ser feliz engorda un mont\u00f3n&#8221; Y me he quedado m\u00e1s ancha que larga (y nunca mejor dicho).<\/strong><\/p>\n<p><span style=\"font-size: large;\"><strong>Porque qui\u00e9n me ha visto y qui\u00e9n me ve, yo que siempre he sido una chica \u201calta y delgada\u201d ahora ya tan s\u00f3lo soy alta; toda la vida comiendo lo que me daba la gana sin engordar ni cien gramos despu\u00e9s de salir del restaurante y ahora, pues ya hemos llegado a ese punto de no retorno, donde parece ser que me voy a quedar para los restos junto con decenas de miles de mujeres de mi edad: en la franja de los setenta kilos en adelante.<\/strong><\/span><\/p>\n<p><span style=\"font-size: large;\"><strong>En realidad esto no es de hoy, sino que se ha venido gestando<\/strong><\/span><\/p>\n<p><span style=\"font-size: large;\"><strong>\u00a0en los \u00faltimos cinco a\u00f1os, justo el tiempo exacto que llevo prejubilada, es decir, con un cambio de ritmo existencial\u00a0<\/strong><\/span><strong style=\"font-size: large;\">sustancial y bien definido.<\/strong><\/p>\n<p><strong style=\"font-size: large;\">Pero analicemos.<\/strong><\/p>\n<p><span style=\"font-size: large;\"><strong>Me pas\u00e9 la vida corriendo de un lado para otro; desde el punto de la ma\u00f1ana hasta la medianoche sin parar un minuto: madrug\u00f3n, prisas, coche, trabajo, peleas, cansancio, casa, hijos, familia y otras hierbas -entre las que incluyo todas las relaciones que provocan disgusto, desasosiego, malestar y deterioro espiritual, incluyendo clientes insoportables, jefes abusadores, compa\u00f1eros de trabajo insolidarios, amigos trapaceros, conocidos desagradables y vecinos antip\u00e1ticos.<\/strong><\/span><\/p>\n<p><strong style=\"font-size: large;\">Y todo eso me ten\u00eda en una tensi\u00f3n nerviosa continua; ni s\u00e9 c\u00f3mo sobreviv\u00ed sin caer enferma de gravedad \u2013como tantos y tantas de mi quinta- arrastrando el peso de la responsabilidad mal reconocida y peor remunerada en el trabajo, la angustia de un matrimonio que no funcionaba en lo b\u00e1sico que se espera de una pareja que dice amarse y la constante batalla interior por hallar el resquicio que me condujera a la paz conmigo misma. Eso adelgaza una barbaridad; de hecho, es insano la mayor\u00eda de las veces y a la vista lo ten\u00eda yo en muchos amigos y conocidos con cuadros de baja por depresi\u00f3n, ansiedad o simplemente tumores sin sentido donde antes hab\u00eda personas sanas y tranquilas.<\/strong><\/p>\n<p><span style=\"font-size: large;\"><strong>No pod\u00eda disfrutar de la vida m\u00e1s que los fines de semana y en vacaciones, cuando consegu\u00eda arrancarme temporalmente la losa de obligaciones que me produc\u00edan un cansancio \u2013f\u00edsico y mental- infinito. Soy hija de mi tiempo, igual o muy parecida a casi todas las mujeres de este lado de la geograf\u00eda: estudios, trabajo, familia, hijos\u2026 ama de casa y profesional a la vez, dos situaciones que adelgazan much\u00edsimo sin necesidad de ir al gimnasio ni comer lechuga dos veces al d\u00eda.<\/strong><\/span><\/p>\n<p><span style=\"font-size: large;\"><strong>Lo peor de todo es que estaba convencida que esa ausencia de felicidad en mi vida cotidiana era lo normal, porque as\u00ed lo ve\u00eda yo en la mayor\u00eda de las personas que me rodeaban o con las que me relacionaba. Infeliz, pero con la talla 38, por supuesto\u2026<\/strong><\/span><\/p>\n<p><span style=\"font-size: large;\"><strong>Desde hace unos a\u00f1os las cosas han cambiado en mi vida. Y han cambiado para bien, de eso me he encargado yo misma en primera persona, sin delegar el trabajo en nadie\u2026<\/strong><\/span><\/p>\n<p><span style=\"font-size: large;\"><strong>Y con tanto disfrutar cada minuto de mi vida, con tanta paz y descanso y con los a\u00f1os a cuestas, todo ha empezado a aprovecharme y a rellenarse la piel que antes tiraba de reservas para soportar el estr\u00e9s, la tensi\u00f3n y el cansancio.<\/strong><\/span><\/p>\n<p><span style=\"font-size: large;\"><strong>Me ha costado aceptar que he subido dos tallas en cinco a\u00f1os, pero creo que lo he conseguido. S\u00e9 que es el precio que tengo que pagar por ser feliz. As\u00ed que aqu\u00ed me quedo, que los sudarios son \u201ctalla \u00fanica\u201d.<\/strong><\/span><\/p>\n<p><span style=\"font-size: large;\"><strong>Hoy me voy de \u201ccomiditas\u201d con mi gente de este \u201cmi otro mar\u201d, que el d\u00eda est\u00e1 estupendo y hay que celebrarlo.<\/strong><\/span><\/p>\n<p><span style=\"font-size: large;\"><strong>En fin.<\/strong><\/span><\/p>\n<p><span style=\"font-size: large;\"><strong>LaAlquimista<\/strong><\/span><\/p>\n<p><span style=\"font-size: large;\"><strong>Por si alguien desea contactar:<\/strong><\/span><\/p>\n<p><strong>apartirdeloscincuenta@gmail.com<\/strong><\/p>\n<!-- AddThis Advanced Settings generic via filter on the_content --><!-- AddThis Share Buttons generic via filter on the_content -->","protected":false},"excerpt":{"rendered":"<p>\u00a0 Vaya por delante que el t\u00edtulo del post de hoy lo he puesto en un impulso irrefrenable despu\u00e9s de salir de la ducha y mirarme al espejo mientras me secaba. Vamos, que me he visto \u201cgorda\u201d en comparaci\u00f3n a c\u00f3mo estaba hace unos pocos a\u00f1os. He sonre\u00eddo a la imagen que se reflejaba en [&hellip;]<!-- AddThis Advanced Settings generic via filter on get_the_excerpt --><!-- AddThis Share Buttons generic via filter on get_the_excerpt --><\/p>\n","protected":false},"author":34,"featured_media":0,"comment_status":"open","ping_status":"closed","sticky":false,"template":"","format":"standard","meta":[],"categories":[3],"tags":[],"_links":{"self":[{"href":"https:\/\/blogs.diariovasco.com\/apartirdelos50\/wp-json\/wp\/v2\/posts\/2624"}],"collection":[{"href":"https:\/\/blogs.diariovasco.com\/apartirdelos50\/wp-json\/wp\/v2\/posts"}],"about":[{"href":"https:\/\/blogs.diariovasco.com\/apartirdelos50\/wp-json\/wp\/v2\/types\/post"}],"author":[{"embeddable":true,"href":"https:\/\/blogs.diariovasco.com\/apartirdelos50\/wp-json\/wp\/v2\/users\/34"}],"replies":[{"embeddable":true,"href":"https:\/\/blogs.diariovasco.com\/apartirdelos50\/wp-json\/wp\/v2\/comments?post=2624"}],"version-history":[{"count":0,"href":"https:\/\/blogs.diariovasco.com\/apartirdelos50\/wp-json\/wp\/v2\/posts\/2624\/revisions"}],"wp:attachment":[{"href":"https:\/\/blogs.diariovasco.com\/apartirdelos50\/wp-json\/wp\/v2\/media?parent=2624"}],"wp:term":[{"taxonomy":"category","embeddable":true,"href":"https:\/\/blogs.diariovasco.com\/apartirdelos50\/wp-json\/wp\/v2\/categories?post=2624"},{"taxonomy":"post_tag","embeddable":true,"href":"https:\/\/blogs.diariovasco.com\/apartirdelos50\/wp-json\/wp\/v2\/tags?post=2624"}],"curies":[{"name":"wp","href":"https:\/\/api.w.org\/{rel}","templated":true}]}}