{"id":33,"date":"2009-11-23T09:05:55","date_gmt":"2009-11-23T09:05:55","guid":{"rendered":"http:\/\/blogs.diariovasco.com\/apartirdelos50\/?p=33"},"modified":"2009-11-23T09:05:55","modified_gmt":"2009-11-23T09:05:55","slug":"que_me_quiten_lo_bailao_por_laalquimista","status":"publish","type":"post","link":"https:\/\/blogs.diariovasco.com\/apartirdelos50\/2009\/11\/23\/que_me_quiten_lo_bailao_por_laalquimista\/","title":{"rendered":"!Que me quiten lo bailao&#8230;! Por LaAlquimista"},"content":{"rendered":"<p>Cuando acced\u00ed a mi primer trabajo mi padre intent\u00f3 imbuirme del estilo de la \u00e9poca; que si una parte del salario para contribuir a los gastos de casa, otra para ahorrar y una tercera para mis gastos. \u00bfAhorrar? Pens\u00e9 yo con mi reci\u00e9n estrenada veintena, ahorrar \u00bfpara qu\u00e9?, pregunt\u00e9. \u2013\u201cAhorra, -insist\u00eda \u00e9l- que si no cuando tengas cincuenta a\u00f1os, ver\u00e1s\u201d. Bueno, pues ya tengo cincuenta a\u00f1os y no he visto nada. Lo siento, pap\u00e1. <\/p>\n<p><img alt=\"Falacias educacionales\" src=\"\/\/blog.laopiniondemalaga.es\/eladarve\/files\/2006\/12\/cigarra.jpg\"\/><\/p>\n<p>No he visto nada de lo que supongo t\u00fa quer\u00edas prevenirme, miedos de la postguerra a la enfermedad, a la ausencia de trabajo, en definitiva, a la vejez sin recursos. Pues no he ahorrado nada, un desastre lo reconozco, y mira que me contabas la f\u00e1bula de la cigarra y la hormiga, (siempre me identificaba con la cigarra cantarina pero, claro, eso no me atrev\u00eda a dec\u00edrtelo) cada moneda escaqueada de la econom\u00eda cotidiana ha servido para \u2013por este orden-: comprar libros, viajar, ir al teatro, viajar, comprar discos, ir a museos, viajar\u2026 <\/p>\n<p>He visto el mundo a trav\u00e9s de las p\u00e1ginas de hermosas historias, he conocido otras culturas a golpe de autob\u00fas y mochila o de avi\u00f3n y samsonite, he so\u00f1ado con los impresionistas en pinacotecas y subido al s\u00e9ptimo cielo escuchando \u00f3peras o espect\u00e1culos de rock, en definitiva, he gastado mi vida y mi dinero. <\/p>\n<p>Pero lo que s\u00ed he ahorrado, d\u00eda a d\u00eda, pasito a paso, con fr\u00edo y con lluvia, caminando y sudando, han sido experiencias, recuerdos, fotos en el alma, arena de alg\u00fan desierto y niebla de alguna monta\u00f1a. Y cuando todo se quede atr\u00e1s, sin sentido alguno, no quedar\u00e1 de m\u00ed m\u00e1s que lo compartido y si resta algo de dinero que hagan una buena cena y brinden por mi recuerdo. <\/p>\n<p>Porque jam\u00e1s he querido ser la m\u00e1s rica del cementerio, si tuviera epitafio \u2013que no lo tendr\u00e9- mi \u00faltima frase ser\u00eda: \u201c!que me quiten lo bailao\u00a1\u201d <\/p>\n<p>Por LaAlquimista.<\/p>\n<p>Para ver m\u00e1s: www.apartirdelos50.com<\/p>\n<!-- AddThis Advanced Settings generic via filter on the_content --><!-- AddThis Share Buttons generic via filter on the_content -->","protected":false},"excerpt":{"rendered":"<p>Cuando acced\u00ed a mi primer trabajo mi padre intent\u00f3 imbuirme del estilo de la \u00e9poca; que si una parte del salario para contribuir a los gastos de casa, otra para ahorrar y una tercera para mis gastos. \u00bfAhorrar? Pens\u00e9 yo con mi reci\u00e9n estrenada veintena, ahorrar \u00bfpara qu\u00e9?, pregunt\u00e9. \u2013\u201cAhorra, -insist\u00eda \u00e9l- que si no [&hellip;]<!-- AddThis Advanced Settings generic via filter on get_the_excerpt --><!-- AddThis Share Buttons generic via filter on get_the_excerpt --><\/p>\n","protected":false},"author":34,"featured_media":0,"comment_status":"open","ping_status":"closed","sticky":false,"template":"","format":"standard","meta":[],"categories":[2],"tags":[6],"_links":{"self":[{"href":"https:\/\/blogs.diariovasco.com\/apartirdelos50\/wp-json\/wp\/v2\/posts\/33"}],"collection":[{"href":"https:\/\/blogs.diariovasco.com\/apartirdelos50\/wp-json\/wp\/v2\/posts"}],"about":[{"href":"https:\/\/blogs.diariovasco.com\/apartirdelos50\/wp-json\/wp\/v2\/types\/post"}],"author":[{"embeddable":true,"href":"https:\/\/blogs.diariovasco.com\/apartirdelos50\/wp-json\/wp\/v2\/users\/34"}],"replies":[{"embeddable":true,"href":"https:\/\/blogs.diariovasco.com\/apartirdelos50\/wp-json\/wp\/v2\/comments?post=33"}],"version-history":[{"count":0,"href":"https:\/\/blogs.diariovasco.com\/apartirdelos50\/wp-json\/wp\/v2\/posts\/33\/revisions"}],"wp:attachment":[{"href":"https:\/\/blogs.diariovasco.com\/apartirdelos50\/wp-json\/wp\/v2\/media?parent=33"}],"wp:term":[{"taxonomy":"category","embeddable":true,"href":"https:\/\/blogs.diariovasco.com\/apartirdelos50\/wp-json\/wp\/v2\/categories?post=33"},{"taxonomy":"post_tag","embeddable":true,"href":"https:\/\/blogs.diariovasco.com\/apartirdelos50\/wp-json\/wp\/v2\/tags?post=33"}],"curies":[{"name":"wp","href":"https:\/\/api.w.org\/{rel}","templated":true}]}}