{"id":3586,"date":"2016-08-10T08:10:48","date_gmt":"2016-08-10T07:10:48","guid":{"rendered":"http:\/\/blogs.diariovasco.com\/apartirdelos50\/?p=3586"},"modified":"2016-08-10T08:10:48","modified_gmt":"2016-08-10T07:10:48","slug":"crecimiento-personal-la-vida-en-dos-actos","status":"publish","type":"post","link":"https:\/\/blogs.diariovasco.com\/apartirdelos50\/2016\/08\/10\/crecimiento-personal-la-vida-en-dos-actos\/","title":{"rendered":"Crecimiento personal. &#8220;La vida en dos actos&#8221;"},"content":{"rendered":"<p><img loading=\"lazy\" class=\"aligncenter\" src=\"\/\/api.ning.com\/files\/ZkGIaEHgr8IdVH*0xdTkbVDZmB76*363uaolS3oXvjwhtps*uobGagTBnxIqrwbI8k1MXl0XrTCO1h-EmZqv1pIqOZqQJVrL\/image007.jpg\" alt=\"\" width=\"361\" height=\"318\" \/><\/p>\n<p>&nbsp;<\/p>\n<p><span style=\"font-size: large;\">Desde que atraves\u00e9 el \u201cecuador\u201d de la vida \u2013menudo eufemismo- y fue un hecho que \u201c<em>ya no cumplir\u00eda los 50<\/em>\u201d, mi mente ha dado un giro de 360\u00ba y se ha posicionado otra vez en la casilla de salida aunque habiendo modificado al propio gusto y personal inter\u00e9s el tablero de juego.<\/span><\/p>\n<p><span style=\"font-size: large;\">Digamos que el vuelco comenz\u00f3 en el a\u00f1o 2000 \u2013por aquello de tener una fecha redonda sobre la que apoyarme; aquel a\u00f1o de infausto recuerdo me estrell\u00e9 con mi moto frontalmente contra un auto que se salt\u00f3 un STOP y estuve varios meses de baja. Adem\u00e1s, el que cre\u00eda \u201cel hombre de mi vida\u201d me traicion\u00f3 arteramente (como se comenten todas las traiciones). Mi cuerpo reaccion\u00f3 ante el sufrimiento que no sab\u00eda gestionar y form\u00f3 un tumor en el pecho izquierdo que hubo de ser extirpado para comprobar que \u2013bendita buena suerte- me iba a ser ofrecida otra oportunidad.<\/span><\/p>\n<p><span style=\"font-size: large;\">Me quedaban mis hijas y el trabajo, -valiosos puntales-, y los restos de m\u00ed misma, aunque no pasaron muchos a\u00f1os sin que la monta\u00f1a laboral se llenara de grietas y me abocara indefectiblemente a una prejubilaci\u00f3n forzosa. La vida patas arriba.<\/span><\/p>\n<p><span style=\"font-size: large;\">No fueron buenos tiempos, no lo fueron en verdad, pero como no ten\u00eda m\u00e1s que dos opciones \u2013luchar o tirar la toalla- eleg\u00ed la que me pareci\u00f3 emocionalmente m\u00e1s inteligente, la primera, porque ten\u00eda en mi coraz\u00f3n la responsabilidad de la vida de mis hijas. As\u00ed que hice lo que me tocaba hacer, es decir, reciclarme a m\u00ed misma. (Hay quien dice que se \u201creinventa\u201d, pero me suena pretencioso)<\/span><\/p>\n<p><span style=\"font-size: large;\">Cumplidos los cincuenta a\u00f1os y con toda la vida por delante (toda la que me quedaba) mir\u00e9 hacia atr\u00e1s UNA SOLA VEZ. Me v\u00ed a m\u00ed misma sin ser yo misma, acuciada por la presi\u00f3n familiar y social de \u201cser alguien\u201d o \u201cllegar a algo\u201d. A\u00f1os est\u00e9riles de esfuerzo, trabajo y cansancio\u2026 \u00bfpara qu\u00e9? Para cumplir con el mandato educacional sin tener en cuenta mis verdaderos deseos, mis capacidades, mi voluntad y mi libertad. Como tantas otras mujeres (y tantos hombres) hice lo que se esperaba de m\u00ed que hiciera. Pero lo hice a mi manera, de forma que los resultados no fueron los marcados en la estad\u00edstica al efecto. Estudi\u00e9, trabaj\u00e9, me cas\u00e9, tuve hijos, me divorci\u00e9, di la nota, me pele\u00e9 con mi peque\u00f1o mundo y acab\u00e9 con cincuenta a\u00f1os con \u201cuna mano delante y otra detr\u00e1s\u201d emocionalmente. Perfecto. Ideal para volver a empezar. Fin del Primer Acto.<\/span><\/p>\n<p><span style=\"font-size: large;\">Swami Prajnanpad, un luminoso sabio hind\u00fa, defini\u00f3 las tareas de la vida de una manera tan simple, sencilla y rotunda que casi cuesta percibir su profundidad y n\u00edtida verdad: \u201c<em>hacer lo que tenemos que hacer, dar lo que tenemos para dar y recibir lo que nos toca recibir.\u201d<\/em> Simplemente eso.<\/span><\/p>\n<p><span style=\"font-size: large;\">Lo mejor de todo esto es que yo he vuelto a tropezarme con esta frase en un libro*, y tambi\u00e9n con el sentimiento de que llevo varios a\u00f1os haciendo justo lo que el sabio propugna; atisbos de \u00edntima felicidad. M\u00e1s que nada porque me doy cuenta de que nadie \u201cinventa la p\u00f3lvora\u201d sino que hay una peque\u00f1a sabidur\u00eda dentro de cada uno de nosotros que nos indica el camino a seguir; otra cosa es que nos atrevamos a seguirlo.<\/span><\/p>\n<p><span style=\"font-size: large;\">En el <em>Segundo Acto<\/em> de mi vida estoy haciendo lo que tengo que hacer y no otra cosa: vivo tranquila, escucho a mi cuerpo, siento la Naturaleza, he dejado de perseguir cualquier meta. Doy y comparto lo que tengo para dar: mis palabras, mi tiempo, mis reflexiones, mi autocr\u00edtica. Y recibo lo que ahora me llega, que es tanto que jam\u00e1s habr\u00eda podido imaginarlo.<\/span><\/p>\n<p><span style=\"font-size: large;\">Leo por pen\u00faltima vez el libreto de mi vida y me doy cuenta de que lo que hice hasta los cincuenta no fue m\u00e1s que la preparaci\u00f3n del terreno para lo que iba a sembrar despu\u00e9s. Es decir, ahora.<\/span><\/p>\n<p><span style=\"font-size: large;\">En fin.<\/span><\/p>\n<p><span style=\"font-size: large;\">LaAlquimista<\/span><\/p>\n<p><span style=\"font-size: large;\">(*) \u201cVivir en el alma\u201d Joan Garriga Bacard\u00ed<\/span><\/p>\n<p>&nbsp;<\/p>\n<p><span style=\"font-size: large;\">Por si alguien desea contactar:<\/span><\/p>\n<p><span style=\"font-size: large;\">apartirdeloscincuenta@gmail.com<\/span><\/p>\n<p>&nbsp;<\/p>\n<!-- AddThis Advanced Settings generic via filter on the_content --><!-- AddThis Share Buttons generic via filter on the_content -->","protected":false},"excerpt":{"rendered":"<p>&nbsp; Desde que atraves\u00e9 el \u201cecuador\u201d de la vida \u2013menudo eufemismo- y fue un hecho que \u201cya no cumplir\u00eda los 50\u201d, mi mente ha dado un giro de 360\u00ba y se ha posicionado otra vez en la casilla de salida aunque habiendo modificado al propio gusto y personal inter\u00e9s el tablero de juego. Digamos que [&hellip;]<!-- AddThis Advanced Settings generic via filter on get_the_excerpt --><!-- AddThis Share Buttons generic via filter on get_the_excerpt --><\/p>\n","protected":false},"author":34,"featured_media":0,"comment_status":"open","ping_status":"closed","sticky":false,"template":"","format":"standard","meta":[],"categories":[3],"tags":[],"_links":{"self":[{"href":"https:\/\/blogs.diariovasco.com\/apartirdelos50\/wp-json\/wp\/v2\/posts\/3586"}],"collection":[{"href":"https:\/\/blogs.diariovasco.com\/apartirdelos50\/wp-json\/wp\/v2\/posts"}],"about":[{"href":"https:\/\/blogs.diariovasco.com\/apartirdelos50\/wp-json\/wp\/v2\/types\/post"}],"author":[{"embeddable":true,"href":"https:\/\/blogs.diariovasco.com\/apartirdelos50\/wp-json\/wp\/v2\/users\/34"}],"replies":[{"embeddable":true,"href":"https:\/\/blogs.diariovasco.com\/apartirdelos50\/wp-json\/wp\/v2\/comments?post=3586"}],"version-history":[{"count":0,"href":"https:\/\/blogs.diariovasco.com\/apartirdelos50\/wp-json\/wp\/v2\/posts\/3586\/revisions"}],"wp:attachment":[{"href":"https:\/\/blogs.diariovasco.com\/apartirdelos50\/wp-json\/wp\/v2\/media?parent=3586"}],"wp:term":[{"taxonomy":"category","embeddable":true,"href":"https:\/\/blogs.diariovasco.com\/apartirdelos50\/wp-json\/wp\/v2\/categories?post=3586"},{"taxonomy":"post_tag","embeddable":true,"href":"https:\/\/blogs.diariovasco.com\/apartirdelos50\/wp-json\/wp\/v2\/tags?post=3586"}],"curies":[{"name":"wp","href":"https:\/\/api.w.org\/{rel}","templated":true}]}}