{"id":3599,"date":"2016-08-26T07:17:35","date_gmt":"2016-08-26T06:17:35","guid":{"rendered":"http:\/\/blogs.diariovasco.com\/apartirdelos50\/?p=3599"},"modified":"2016-08-26T07:17:35","modified_gmt":"2016-08-26T06:17:35","slug":"la-vida-a-traves-del-movil","status":"publish","type":"post","link":"https:\/\/blogs.diariovasco.com\/apartirdelos50\/2016\/08\/26\/la-vida-a-traves-del-movil\/","title":{"rendered":"La vida a trav\u00e9s del m\u00f3vil"},"content":{"rendered":"<p>&nbsp;<\/p>\n<p><img loading=\"lazy\" class=\"aligncenter\" src=\"\/\/www.clasesdeperiodismo.com\/wp-content\/uploads\/2015\/08\/m%C3%B3viles-1.jpg\" alt=\"\" width=\"750\" height=\"400\" \/><\/p>\n<p><span style=\"font-size: large;\">Estoy cabreada. Podr\u00eda estar triste, pero he decidido dejar que el enfado aflore de donde se instal\u00f3 hace unos d\u00edas como consecuencia de tanta idiotez humana socialmente admitida. Me da igual que alguien pueda pensar que me paso de arrogante y tal y cual, los hechos son tan absurdos a la vez que inadmisibles que tan s\u00f3lo un d\u00e9bil mental podr\u00e1 justificarlos.<\/span><\/p>\n<p><span style=\"font-size: large;\">\u00bfQue de qu\u00e9 hablo? Pues de la costumbre que ha cogido el personal de grabar con el m\u00f3vil todo aquello que se le pone por delante y que le llama la atenci\u00f3n porque lleva el componente ideal para lucirse en un protagonismo de tres al cuarto: el morbo.<\/span><\/p>\n<p><span style=\"font-size: large;\">\u00bfQue ves a un subnormal peg\u00e1ndole a una mujer en mitad de la calle? Pues a grabarlo con el m\u00f3vil.<\/span><\/p>\n<p><span style=\"font-size: large;\">\u00bfQue te tropiezas con una ancianita que se cae al suelo y se rompe la cadera? Pues a grabarlo con el m\u00f3vil.<\/span><\/p>\n<p><span style=\"font-size: large;\">\u00bfQue ves de lejos a una pareja d\u00e1ndose el lote? Pues a grabarlo con el m\u00f3vil.<\/span><\/p>\n<p><span style=\"font-size: large;\">Con el fin \u00fanico y dign\u00edsimo de ense\u00f1arlo a la cuadrilla, compartirlo en el grupo de whatsapp, subirlo a Facebook o ponerlo en YouTube como si fuera un cortometraje del \u00faltimo director de cine de vanguardia. Para ense\u00f1arlo en la sobremesa familiar del domingo o en la cogorza del s\u00e1bado noche con los coleguis, en plan, \u201c<em>mira, mira lo que grab\u00e9 ayer, flipante \u00bfno?\u201d<\/em><\/span><\/p>\n<p><span style=\"font-size: large;\">Poca gente \u2013de los que viven su vida a trav\u00e9s del m\u00f3vil- es realmente consciente del da\u00f1o que hacen a los dem\u00e1s (por no hablar del que se hacen a s\u00ed mismos, pero esto ya entra dentro de lo ut\u00f3pico de la evoluci\u00f3n del <em>borrikote sapiens<\/em>), utilizando el rostro de personas que tienen derecho a su intimidad para reirse de ellas o hacerse los guays a su costa.<\/span><\/p>\n<p><span style=\"font-size: large;\">Se me hincha el trig\u00e9mino de pensar que cualquier d\u00eda me resbalo en la calle, me caigo patas arriba en un charco, me rompo una pierna, me pilla una moto, me pega una hostia un borracho o me dan en la cabeza con una piedra y all\u00ed va a estar, el subnormal de turno con su smartphone grab\u00e1ndolo todo para conseguir su miserable minuto de gloria a costa del infortunio ajeno.<\/span><\/p>\n<p><span style=\"font-size: large;\">(Me he dado veinte minutos de intermedio para que se me pase el enfado. Gracias a una cervecita ahora estoy m\u00e1s calmada, aunque triste).<\/span><\/p>\n<p><span style=\"font-size: large;\">No es \u00fanicamente el hecho de pasarnos el d\u00eda con la cabeza gacha mirando la pantallita del tel\u00e9fono m\u00f3vil, no, no es s\u00f3lo eso, vamos mucho m\u00e1s all\u00e1 en la degeneraci\u00f3n a la que le hemos abierto la puerta de nuestra mente, al desfase neur\u00f3tico en el comportamiento y, sobre todo, a la p\u00e9rdida de calidad como seres humanos conscientes.<\/span><\/p>\n<p><span style=\"font-size: large;\">Amistades virtuales en el grupo de whatsapp que nunca tienen tiempo para juntarse, encuentros por skype, selfies sacando la lengua o haciendo gestos rid\u00edculos pero que est\u00e1n de moda y de los que se avergonzar\u00e1n en poco tiempo; besos congelados, abrazos muertos, cenas rom\u00e1nticas con el m\u00f3vil junto al plato, orgasmos retransmitidos desde debajo de la almohada, idioteces fotografiadas en el espejo del ba\u00f1o\u2026 Y eso sin contar el lado oscuro del asunto, los abusos, las violaciones, el dolor ajeno en directo.<\/span><\/p>\n<p><span style=\"font-size: large;\">Me pregunto qu\u00e9 puedo hacer para mitigar esta plaga, para no contribuir a la debacle que se avecina (de insospechadas consecuencias todav\u00eda) y tan s\u00f3lo se me ocurre lo de siempre, la gotita de agua en el oc\u00e9ano, el grano de arena en la gran playa, la cucharilla para remover la tierra de la base de la monta\u00f1a. Respetar al pr\u00f3jimo y respetarme a m\u00ed misma. No parece tan dif\u00edcil\u2026<\/span><\/p>\n<p><span style=\"font-size: large;\">En fin.<\/span><\/p>\n<p><span style=\"font-size: large;\">LaAlquimista<\/span><\/p>\n<p><span style=\"font-size: large;\">Por si alguien desea contactar:<\/span><\/p>\n<p><span style=\"font-size: large;\">apartirdeloscincuenta@gmail.com<\/span><\/p>\n<!-- AddThis Advanced Settings generic via filter on the_content --><!-- AddThis Share Buttons generic via filter on the_content -->","protected":false},"excerpt":{"rendered":"<p>&nbsp; Estoy cabreada. Podr\u00eda estar triste, pero he decidido dejar que el enfado aflore de donde se instal\u00f3 hace unos d\u00edas como consecuencia de tanta idiotez humana socialmente admitida. Me da igual que alguien pueda pensar que me paso de arrogante y tal y cual, los hechos son tan absurdos a la vez que inadmisibles [&hellip;]<!-- AddThis Advanced Settings generic via filter on get_the_excerpt --><!-- AddThis Share Buttons generic via filter on get_the_excerpt --><\/p>\n","protected":false},"author":34,"featured_media":0,"comment_status":"open","ping_status":"closed","sticky":false,"template":"","format":"standard","meta":[],"categories":[3],"tags":[],"_links":{"self":[{"href":"https:\/\/blogs.diariovasco.com\/apartirdelos50\/wp-json\/wp\/v2\/posts\/3599"}],"collection":[{"href":"https:\/\/blogs.diariovasco.com\/apartirdelos50\/wp-json\/wp\/v2\/posts"}],"about":[{"href":"https:\/\/blogs.diariovasco.com\/apartirdelos50\/wp-json\/wp\/v2\/types\/post"}],"author":[{"embeddable":true,"href":"https:\/\/blogs.diariovasco.com\/apartirdelos50\/wp-json\/wp\/v2\/users\/34"}],"replies":[{"embeddable":true,"href":"https:\/\/blogs.diariovasco.com\/apartirdelos50\/wp-json\/wp\/v2\/comments?post=3599"}],"version-history":[{"count":0,"href":"https:\/\/blogs.diariovasco.com\/apartirdelos50\/wp-json\/wp\/v2\/posts\/3599\/revisions"}],"wp:attachment":[{"href":"https:\/\/blogs.diariovasco.com\/apartirdelos50\/wp-json\/wp\/v2\/media?parent=3599"}],"wp:term":[{"taxonomy":"category","embeddable":true,"href":"https:\/\/blogs.diariovasco.com\/apartirdelos50\/wp-json\/wp\/v2\/categories?post=3599"},{"taxonomy":"post_tag","embeddable":true,"href":"https:\/\/blogs.diariovasco.com\/apartirdelos50\/wp-json\/wp\/v2\/tags?post=3599"}],"curies":[{"name":"wp","href":"https:\/\/api.w.org\/{rel}","templated":true}]}}