{"id":3620,"date":"2016-09-28T07:27:16","date_gmt":"2016-09-28T06:27:16","guid":{"rendered":"http:\/\/blogs.diariovasco.com\/apartirdelos50\/?p=3620"},"modified":"2016-09-28T07:27:16","modified_gmt":"2016-09-28T06:27:16","slug":"contradicciones-absurdas","status":"publish","type":"post","link":"https:\/\/blogs.diariovasco.com\/apartirdelos50\/2016\/09\/28\/contradicciones-absurdas\/","title":{"rendered":"Crecimiento Personal. &#8220;Contradicciones absurdas&#8221;"},"content":{"rendered":"<p>&nbsp;<\/p>\n<p><span style=\"font-size: large;\">\u00a0<img loading=\"lazy\" class=\"aligncenter\" src=\"https:\/\/elcandildelospensamientos.files.wordpress.com\/2014\/06\/camino-de-contradicciones-o-de-esperanza-y-libertad.jpg\" alt=\"\" width=\"500\" height=\"454\" \/><\/span><\/p>\n<p><span style=\"font-size: large;\">No ser\u00e9 yo quien lance la primera piedra en el tema de las contradicciones; <\/span><span style=\"font-size: large;\">m\u00e1s que nada porque podr\u00eda caer encima de mi propia cabeza. Pero me ha parecido que se puede hacer un poquito de autocr\u00edtica en este sentido, nunca viene mal que corra el aire en la propia psique.<\/span><\/p>\n<p><span style=\"font-size: large;\">En primera persona de indicativo dir\u00e9 que sigo manteniendo algunas contradicciones en mi \u201cmodus operandi\u201d a pesar de que, por mi ya casi provecta edad, deber\u00eda haber elegido un lugar fijo donde aposentarme con ideas y principios. No es as\u00ed por decisi\u00f3n propia \u2013que quede claro-, reivindico mi derecho a cambiar de opini\u00f3n e incluso a ser clamorosamente contradictoria. <\/span><\/p>\n<p><span style=\"font-size: large;\">Mi contradicci\u00f3n m\u00e1s flagrante en los \u00faltimos tiempos ha consistido en pasar de ser una admiradora incondicional de cierto tipo de hombre a no gustarme nada de nada. Y me explico. En cierto momento de mi vida realic\u00e9 el \u201cretrato robot\u201d del hombre ideal para m\u00ed. Primaba la inteligencia sobre la belleza, lo mental sobre lo emocional, el valor por encima de la empat\u00eda, el punto \u201ccanalla\u201d por sobre la generosidad y, para rematar, que fuera bien vestido y tuviera una buena educaci\u00f3n. Nada del otro mundo si se considera de d\u00f3nde vengo y ad\u00f3nde se supon\u00eda que ten\u00eda que ir.<\/span><\/p>\n<p><span style=\"font-size: large;\">Me luci\u00f3 el pelo malamente con este \u201cestereotipo\u201d, pero aun y todo me empe\u00f1\u00e9 en seguir fiel a \u00e9l hasta que, casi cumplidos los cincuenta a\u00f1os, el mundo se derrumb\u00f3 sobre mi cabeza\u00a0-o casi-\u00a0y tuve que reajustar esquemas. Despu\u00e9s de creer que estaba bien aposentada en mis creencias, de haber mostrado al mundo cu\u00e1les eran mis principios e ideales en materia amorosa, cambi\u00e9 de opini\u00f3n y me contradije en casi todo lo que antes me pareci\u00f3 una especie de dogma. O como dice una buen\u00edsima amiga m\u00eda cuyas iron\u00edas me encantan: \u201cCon que est\u00e9 vivo me conformo\u201d. Bromas aparte, tengo que adaptarme a mis propias contradicciones, qu\u00e9 remedio me queda.<\/span><\/p>\n<p><span style=\"font-size: large;\">Por no hablar todo el rato de m\u00ed, contar\u00e9 la\u00a0an\u00e9cdota de primera mano. Un amigo fue a la boda de su jefe, pagando la \u201ccuota\u201d correspondiente, a pesar de que dicho jefe es una persona injusta en lo social, en los salarios e incluso en el trato. Me explic\u00f3 que no era hipocres\u00eda, sino contradicci\u00f3n entre lo que sentimos, pensamos y acabamos haciendo.<\/span><\/p>\n<p><span style=\"font-size: large;\">Qu\u00e9 verdad es que vemos\u00a0antes la paja en el ojo ajeno que la viga en el propio; qu\u00e9 verdad sigue siendo que los actos que nos molestan de los dem\u00e1s suele ser porque son un reflejo de nosotros mismos. Y no es menos verdad a\u00fan que a hacer autocr\u00edtica no nos ense\u00f1aron ni en casa ni en la escuela sino que nos empujaron a mantenernos firmes en las creencias aunque \u00e9stas cayeran por su propio peso en las m\u00e1s que pat\u00e9ticas circunstancias por las que todos hemos pasado alguna vez.<\/span><\/p>\n<p><span style=\"font-size: large;\">Por eso hablo de contradicciones con soltura, casi con amigable <em>colegueo<\/em>, porque en m\u00ed est\u00e1n, alrededor las veo y, sinceramente, me parece muy bien que tengamos algo sobre lo que reflexionar. Por eso titulo este post \u201ccontradicciones absurdas\u201d, para reivindicarlas y permit\u00edrnoslas sin sentimiento de culpa alguno. <em>Nobody is perfect<\/em>!<\/span><\/p>\n<p><span style=\"font-size: large;\">En fin.<\/span><\/p>\n<p><span style=\"font-size: large;\">LaAlquimista<\/span><\/p>\n<p><span style=\"font-size: large;\">Por si alguien desea contactar:<\/span><\/p>\n<p><span style=\"font-size: large;\">apartirdeloscincuenta@gmail.com<\/span><\/p>\n<!-- AddThis Advanced Settings generic via filter on the_content --><!-- AddThis Share Buttons generic via filter on the_content -->","protected":false},"excerpt":{"rendered":"<p>&nbsp; \u00a0 No ser\u00e9 yo quien lance la primera piedra en el tema de las contradicciones; m\u00e1s que nada porque podr\u00eda caer encima de mi propia cabeza. Pero me ha parecido que se puede hacer un poquito de autocr\u00edtica en este sentido, nunca viene mal que corra el aire en la propia psique. En primera [&hellip;]<!-- AddThis Advanced Settings generic via filter on get_the_excerpt --><!-- AddThis Share Buttons generic via filter on get_the_excerpt --><\/p>\n","protected":false},"author":34,"featured_media":0,"comment_status":"open","ping_status":"closed","sticky":false,"template":"","format":"standard","meta":[],"categories":[3],"tags":[],"_links":{"self":[{"href":"https:\/\/blogs.diariovasco.com\/apartirdelos50\/wp-json\/wp\/v2\/posts\/3620"}],"collection":[{"href":"https:\/\/blogs.diariovasco.com\/apartirdelos50\/wp-json\/wp\/v2\/posts"}],"about":[{"href":"https:\/\/blogs.diariovasco.com\/apartirdelos50\/wp-json\/wp\/v2\/types\/post"}],"author":[{"embeddable":true,"href":"https:\/\/blogs.diariovasco.com\/apartirdelos50\/wp-json\/wp\/v2\/users\/34"}],"replies":[{"embeddable":true,"href":"https:\/\/blogs.diariovasco.com\/apartirdelos50\/wp-json\/wp\/v2\/comments?post=3620"}],"version-history":[{"count":0,"href":"https:\/\/blogs.diariovasco.com\/apartirdelos50\/wp-json\/wp\/v2\/posts\/3620\/revisions"}],"wp:attachment":[{"href":"https:\/\/blogs.diariovasco.com\/apartirdelos50\/wp-json\/wp\/v2\/media?parent=3620"}],"wp:term":[{"taxonomy":"category","embeddable":true,"href":"https:\/\/blogs.diariovasco.com\/apartirdelos50\/wp-json\/wp\/v2\/categories?post=3620"},{"taxonomy":"post_tag","embeddable":true,"href":"https:\/\/blogs.diariovasco.com\/apartirdelos50\/wp-json\/wp\/v2\/tags?post=3620"}],"curies":[{"name":"wp","href":"https:\/\/api.w.org\/{rel}","templated":true}]}}