{"id":3635,"date":"2016-09-23T09:10:17","date_gmt":"2016-09-23T08:10:17","guid":{"rendered":"http:\/\/blogs.diariovasco.com\/apartirdelos50\/?p=3635"},"modified":"2016-09-23T09:10:17","modified_gmt":"2016-09-23T08:10:17","slug":"otono-toca-cambio-de-piel","status":"publish","type":"post","link":"https:\/\/blogs.diariovasco.com\/apartirdelos50\/2016\/09\/23\/otono-toca-cambio-de-piel\/","title":{"rendered":"Oto\u00f1o: toca cambio de piel"},"content":{"rendered":"<p>&nbsp;<\/p>\n<p><img loading=\"lazy\" class=\"aligncenter\" src=\"https:\/\/lh3.googleusercontent.com\/-Tw__acqiM0o\/UQ6k-BCUsSI\/AAAAAAAADWU\/RGx5G_SZbe4\/w800-h800\/meta.jpeg\" alt=\"\" width=\"721\" height=\"491\" \/><\/p>\n<p><span style=\"font-size: large;\">Cambio de piel al mismo ritmo con el que comienzan a caerse las hojas de los \u00e1rboles, no puedo evitarlo; cada a\u00f1o, cuando el verano \u2013ese tiempo de nadie que culebrea entre la primavera y el oto\u00f1o, esos meses en los que se escribe menos poes\u00eda- recoge sus d\u00edas y se retira como un pr\u00edncipe destronado hasta el siguiente calendario, me asemejo de manera inconsciente e inevitable \u2013y algo at\u00e1vica, supongo- a ciertos lagartos que se frotan entre dos piedras para arrancarse la piel vieja y dejar que surja una piel nueva.<\/span><\/p>\n<p><span style=\"font-size: large;\">Es una necesidad vital, extra\u00f1a, recidivante y no por conocida menos sorprendente; hubo incluso un tiempo en el que pens\u00e9 que podr\u00eda oponerme, por af\u00e1n de sentirme libre y no condicionada a un impulso vital e instintivo, pero no fue una buena idea. Quiz\u00e1s venga ese impulso del cerebro reptiliano, -tendr\u00eda m\u00e1s raz\u00f3n de ser y si as\u00ed fuera-, as\u00ed que mejor no oponer resistencia sino propiciarlo, fluir con lo que, a fin de cuentas, tambi\u00e9n forma parte de mi propia esencia. Ahora que la naturaleza comienza a desnudarse para volverse a vestir, mi \u201cpiel interior\u201d\u00a0 reclama algo parecido y se pone en marcha para llevarlo a cabo.<\/span><\/p>\n<p><span style=\"font-size: large;\">Es el momento de abrir ventanas, respirar el aire limpio, desechar lo ra\u00eddo y demasiado usado, tirar lo inservible aunque est\u00e9 pintado de nostalgias, limpiar el espacio y hacerlo m\u00e1s amplio para seguir viviendo, incluso para vivir mejor, marcar los l\u00edmites y esperar que el viento, la lluvia y el fr\u00edo que vendr\u00e1n me encuentren preparada, con una piel nueva, resistente, fuerte.<\/span><\/p>\n<p><span style=\"font-size: large;\">As\u00ed que es el momento de la limpieza cuidadosa del interior, un ir arrancando sin prisa pero sin pausa lo pegajoso del verano, los besos mustios, el tiempo perdido, lo demasiado d\u00e9bil como para soportar otro invierno. Ah\u00ed se ir\u00e1n amores y requiebros, algunos sue\u00f1os que ya no son m\u00e1s que decepci\u00f3n y la piel vieja, inservible ya.<\/span><\/p>\n<p><span style=\"font-size: large;\">Si somos capaces de hacer \u201climpieza general\u201d por dentro, al percibir los beneficios de dejar de lado miedos, prejuicios, temores y absurdos convencimientos, sentiremos tambi\u00e9n una especie de nervio que nos lleve a despojarnos de viejas e inservibles cosas materiales. Amontonar, guardar trastos viejos, ropa antigua \u2013por si alg\u00fan d\u00eda apetece volverla a utilizar-, mantener un \u201ccuarto de los trastos\u201d donde va a parar todo aquello que hemos desechado con pragmatismo pero a lo que nos atamos con una cuerda invisible por temor al futuro, nos envuelve y ata a la espiral sin fin de una seguridad ficticia que \u2013demostrado est\u00e1- se resquebraja como l\u00e1mina de cristal en el momento menos necesario, cuando vienen mal dadas, cuando la vida aprieta las tuercas y tan s\u00f3lo podemos contar con la fuerza vital del presente; entonces es cuando nos damos cuenta de que las r\u00e9moras las hemos ido almacenando en la trastienda emocional nosotros mismos.<\/span><\/p>\n<p><span style=\"font-size: large;\">Lleva su tiempo mudar de piel, vaciar por fuera y por dentro. Separar lo viejo e inservible de lo poco que necesitamos para sentirnos en paz. Fuera trastos, piel reseca, recuerdos mohosos. Que corra el aire, limpio, que sobran cosas y miedos. Lleva su tiempo mudar de piel\u2026pero lo tengo.<\/span><\/p>\n<p><span style=\"font-size: large;\">Todav\u00eda.<\/span><\/p>\n<p><span style=\"font-size: large;\">Conf\u00edo.<\/span><\/p>\n<p><span style=\"font-size: large;\">En fin.<\/span><\/p>\n<p><span style=\"font-size: large;\">\u00a0LaAlquimista<\/span><\/p>\n<p><span style=\"font-size: large;\">Por si alguien desea contactar:<\/span><\/p>\n<p><span style=\"font-size: large;\">apartirdeloscincuenta@gmail.com<\/span><\/p>\n<p>&nbsp;<\/p>\n<p>&nbsp;<\/p>\n<p>&nbsp;<\/p>\n<!-- AddThis Advanced Settings generic via filter on the_content --><!-- AddThis Share Buttons generic via filter on the_content -->","protected":false},"excerpt":{"rendered":"<p>&nbsp; Cambio de piel al mismo ritmo con el que comienzan a caerse las hojas de los \u00e1rboles, no puedo evitarlo; cada a\u00f1o, cuando el verano \u2013ese tiempo de nadie que culebrea entre la primavera y el oto\u00f1o, esos meses en los que se escribe menos poes\u00eda- recoge sus d\u00edas y se retira como un [&hellip;]<!-- AddThis Advanced Settings generic via filter on get_the_excerpt --><!-- AddThis Share Buttons generic via filter on get_the_excerpt --><\/p>\n","protected":false},"author":34,"featured_media":0,"comment_status":"open","ping_status":"closed","sticky":false,"template":"","format":"standard","meta":[],"categories":[3],"tags":[],"_links":{"self":[{"href":"https:\/\/blogs.diariovasco.com\/apartirdelos50\/wp-json\/wp\/v2\/posts\/3635"}],"collection":[{"href":"https:\/\/blogs.diariovasco.com\/apartirdelos50\/wp-json\/wp\/v2\/posts"}],"about":[{"href":"https:\/\/blogs.diariovasco.com\/apartirdelos50\/wp-json\/wp\/v2\/types\/post"}],"author":[{"embeddable":true,"href":"https:\/\/blogs.diariovasco.com\/apartirdelos50\/wp-json\/wp\/v2\/users\/34"}],"replies":[{"embeddable":true,"href":"https:\/\/blogs.diariovasco.com\/apartirdelos50\/wp-json\/wp\/v2\/comments?post=3635"}],"version-history":[{"count":0,"href":"https:\/\/blogs.diariovasco.com\/apartirdelos50\/wp-json\/wp\/v2\/posts\/3635\/revisions"}],"wp:attachment":[{"href":"https:\/\/blogs.diariovasco.com\/apartirdelos50\/wp-json\/wp\/v2\/media?parent=3635"}],"wp:term":[{"taxonomy":"category","embeddable":true,"href":"https:\/\/blogs.diariovasco.com\/apartirdelos50\/wp-json\/wp\/v2\/categories?post=3635"},{"taxonomy":"post_tag","embeddable":true,"href":"https:\/\/blogs.diariovasco.com\/apartirdelos50\/wp-json\/wp\/v2\/tags?post=3635"}],"curies":[{"name":"wp","href":"https:\/\/api.w.org\/{rel}","templated":true}]}}