{"id":3658,"date":"2016-10-19T07:20:02","date_gmt":"2016-10-19T06:20:02","guid":{"rendered":"http:\/\/blogs.diariovasco.com\/apartirdelos50\/?p=3658"},"modified":"2016-10-19T07:20:02","modified_gmt":"2016-10-19T06:20:02","slug":"haz-lo-que-yo-digo-y-no-lo-que-yo-hago","status":"publish","type":"post","link":"https:\/\/blogs.diariovasco.com\/apartirdelos50\/2016\/10\/19\/haz-lo-que-yo-digo-y-no-lo-que-yo-hago\/","title":{"rendered":"&#8220;Haz lo que yo digo y no lo que yo hago&#8221;"},"content":{"rendered":"<p><img loading=\"lazy\" class=\"aligncenter\" src=\"\/\/pequelia.republica.com\/files\/2012\/03\/fumadores-pasivos.jpg\" alt=\"\" width=\"460\" height=\"276\" \/><\/p>\n<p>&nbsp;<\/p>\n<p><span style=\"font-size: large;\">Ya desde peque\u00f1ita me gan\u00e9 m\u00e1s de un bofet\u00f3n por poner en solfa situaciones o actitudes que ve\u00eda alrededor. Mi peque\u00f1o cerebro \u2013incluso cuando a\u00fan no ten\u00eda \u201cuso de raz\u00f3n\u201d seg\u00fan mis mayores- se cortocircuitaba cada vez que pillaba a alguien en flagrante contradicci\u00f3n. Todav\u00eda no hab\u00eda escuchado la famosa frase \u201c<em>haz lo que yo digo y no lo que yo hago\u201d, <\/em>pero camino iba de experimentarla aunque fuera por pasiva imposici\u00f3n.<\/span><\/p>\n<p><span style=\"font-size: large;\">Las chispas saltaron con el tema de los principios religiosos; no es que dudara de los dogmas de fe que me inculcaban, pero es que a m\u00ed me resultaba m\u00e1s f\u00e1cil aceptar \u2013por poner un ejemplo- el misterio de la trinidad divina que algunos chirridos del d\u00eda a d\u00eda. Cuando me dec\u00edan que los \u201c<em>buenos<\/em>\u201d iban al cielo y los \u201c<em>malos<\/em>\u201d al infierno y se me arm\u00f3 un cacao mental descomunal porque la etiqueta de \u201c<em>bueno<\/em>\u201d o de \u201c<em>malo<\/em>\u201d ve\u00eda yo que se adjudicaba arbitrariamente, o por lo menos con criterios que a m\u00ed me ol\u00edan a chamusquina. Ah\u00ed creo que empez\u00f3 a urdirse la semilla de mi futura apostas\u00eda.<\/span><\/p>\n<p><span style=\"font-size: large;\">En casa las cosas no iban mucho mejor; castigos o bofetadas estaban a la orden del d\u00eda para ponernos luego todos a rezar o ir en procesi\u00f3n a misa el domingo, porque \u201cla familia que reza unida permanece unida\u201d \u2013que fue un eslogan nauseabundo de la \u00e9poca- y era una falacia porque yo ya ve\u00eda que unos y otros se llevaban mal entre ellos, critic\u00e1ndose, ningune\u00e1ndose o, lo que es peor, haci\u00e9ndose da\u00f1o vilmente sin importar para nada el \u00e1rbol geneal\u00f3gico.<\/span><\/p>\n<p><span style=\"font-size: large;\">Algunas monjas que me tocaron en suerte en el colegio hablaban continuamente de la pureza pero en el internado a donde me confinaron mis padres durante varios meses no nos dejaban ducharnos m\u00e1s que una vez a la semana y esa imposible relaci\u00f3n entre la falta de higiene y la pretendida pureza no la llev\u00e9 nunca de buen grado. A\u00f1os despu\u00e9s comprend\u00ed de qu\u00e9 pretend\u00edan \u201cprotegernos\u201d las siervas del Se\u00f1or.<\/span><\/p>\n<p><span style=\"font-size: large;\">Los chicos y los escarceos que nos tra\u00edamos <em>entre manos<\/em> con ellos tambi\u00e9n me dieron muchos disgustos: \u201csi me quieres demu\u00e9stramelo\u201d \u2013dec\u00eda el noviete de los quince- y si le dejabas meterte mano luego dec\u00eda por ah\u00ed que eras una \u201ccualquiera\u201d. Los hombres un poquito m\u00e1s mayores \u2013que no maduros- no me dieron demasiadas pruebas de coherencia emocional y tambi\u00e9n pretend\u00edan que yo fuera \u201csuya\u201d mientras ellos pretend\u00edan ser \u201cde todas\u201d.<\/span><\/p>\n<p><span style=\"font-size: large;\">Por aquellos mismos a\u00f1os vi tambi\u00e9n a \u201cse\u00f1oras\u201d tratando al llamado por entonces \u201cservicio dom\u00e9stico\u201d como esclavas y a patrones abusando de los obreros qued\u00e1ndose las cuotas de la S.Social que les descontaban del sueldo y c\u00f3mo, agarrados del brazo, se\u00f1oras y patrones, con la cabeza bien alta, iban los domingos a misa de doce haciendo de familias ejemplares de la comunidad.<\/span><\/p>\n<p><span style=\"font-size: large;\">Como an\u00e9cdota m\u00e1s divertida del \u201c<em>haz lo que yo digo pero<\/em> <em>no lo que yo hago<\/em>\u201d, qui\u00e9n no recuerda a aquellos m\u00e9dicos que fumaban en la consulta del ambulatorio \u2013antes de que lo prohibieran-; hasta una vez top\u00e9 con un dentista que ten\u00eda los dientes hechos un asquito.<\/span><\/p>\n<p><span style=\"font-size: large;\">El tristemente famoso \u201c<em>haz lo que yo digo y no lo que yo hago<\/em>\u201d ten\u00eda diversas variantes multiusos. Una de ellas era \u201c<em>Cuando seas padre comer\u00e1s huevos<\/em>\u201d \u2013que hay que tener cultura literaria para saber el origen-, o \u201c<em>Sabe m\u00e1s el diablo<\/em> <em>por viejo que por diablo<\/em>\u201d \u2013que me hac\u00eda mirar a mis abuelos y padres como reos del fuego eterno- hasta eclosionar en el m\u00e1s que abundante y cotidiano: \u201c<em>porque lo digo YO y punto\u201d.<\/em><\/span><\/p>\n<p><span style=\"font-size: large;\">De aquellos polvos, estos lodos, qu\u00e9 duda cabe, as\u00ed nos luce el pelo a todos en este mapa y este territorio, que todav\u00eda creemos que quienes alzan la voz (e incluso la f\u00e9rula del poder) tienen m\u00e1s razones que los que callamos porque no queremos entrar en discusiones bizantinas que desgastan y embrutecen a quien las mantiene.<\/span><\/p>\n<p><span style=\"font-size: large;\">Mucho mejor como les dec\u00eda yo a mis ni\u00f1as: \u201c<em>haz lo que yo hago si te parece bien y no eches cuentas de lo que digo que a veces son tonter\u00edas\u201d.<\/em><\/span><\/p>\n<p><span style=\"font-size: large;\">En fin.<\/span><\/p>\n<p><span style=\"font-size: large;\">LaAlquimista<\/span><\/p>\n<p><span style=\"font-size: large;\">Por si alguien desea contactar:<\/span><\/p>\n<p><span style=\"font-size: large;\">apartirdeloscincuenta@gmail.com<\/span><\/p>\n<!-- AddThis Advanced Settings generic via filter on the_content --><!-- AddThis Share Buttons generic via filter on the_content -->","protected":false},"excerpt":{"rendered":"<p>&nbsp; Ya desde peque\u00f1ita me gan\u00e9 m\u00e1s de un bofet\u00f3n por poner en solfa situaciones o actitudes que ve\u00eda alrededor. Mi peque\u00f1o cerebro \u2013incluso cuando a\u00fan no ten\u00eda \u201cuso de raz\u00f3n\u201d seg\u00fan mis mayores- se cortocircuitaba cada vez que pillaba a alguien en flagrante contradicci\u00f3n. Todav\u00eda no hab\u00eda escuchado la famosa frase \u201chaz lo que [&hellip;]<!-- AddThis Advanced Settings generic via filter on get_the_excerpt --><!-- AddThis Share Buttons generic via filter on get_the_excerpt --><\/p>\n","protected":false},"author":34,"featured_media":0,"comment_status":"open","ping_status":"closed","sticky":false,"template":"","format":"standard","meta":[],"categories":[3],"tags":[],"_links":{"self":[{"href":"https:\/\/blogs.diariovasco.com\/apartirdelos50\/wp-json\/wp\/v2\/posts\/3658"}],"collection":[{"href":"https:\/\/blogs.diariovasco.com\/apartirdelos50\/wp-json\/wp\/v2\/posts"}],"about":[{"href":"https:\/\/blogs.diariovasco.com\/apartirdelos50\/wp-json\/wp\/v2\/types\/post"}],"author":[{"embeddable":true,"href":"https:\/\/blogs.diariovasco.com\/apartirdelos50\/wp-json\/wp\/v2\/users\/34"}],"replies":[{"embeddable":true,"href":"https:\/\/blogs.diariovasco.com\/apartirdelos50\/wp-json\/wp\/v2\/comments?post=3658"}],"version-history":[{"count":0,"href":"https:\/\/blogs.diariovasco.com\/apartirdelos50\/wp-json\/wp\/v2\/posts\/3658\/revisions"}],"wp:attachment":[{"href":"https:\/\/blogs.diariovasco.com\/apartirdelos50\/wp-json\/wp\/v2\/media?parent=3658"}],"wp:term":[{"taxonomy":"category","embeddable":true,"href":"https:\/\/blogs.diariovasco.com\/apartirdelos50\/wp-json\/wp\/v2\/categories?post=3658"},{"taxonomy":"post_tag","embeddable":true,"href":"https:\/\/blogs.diariovasco.com\/apartirdelos50\/wp-json\/wp\/v2\/tags?post=3658"}],"curies":[{"name":"wp","href":"https:\/\/api.w.org\/{rel}","templated":true}]}}